{"id":451476,"date":"2025-10-10T02:38:16","date_gmt":"2025-10-10T02:38:16","guid":{"rendered":"https:\/\/www.europesays.com\/fr\/451476\/"},"modified":"2025-10-10T02:38:16","modified_gmt":"2025-10-10T02:38:16","slug":"marc-marquez-remporte-le-sprint-devant-fabio-quartararo-en-catalogne-2","status":"publish","type":"post","link":"https:\/\/www.europesays.com\/fr\/451476\/","title":{"rendered":"Marc Marquez remporte le sprint devant Fabio Quartararo en Catalogne"},"content":{"rendered":"\n<p class=\"c-chapo \">\n  Avec une deuxi\u00e8me place sur le podium, Fabio Quartararo a r\u00e9alis\u00e9 le meilleur r\u00e9sultat de sa carri\u00e8re en course sprint, samedi.\n<\/p>\n<p>            lire plus tard<\/p>\n<p id=\"dialog__title\" class=\"dialog__title\">Pour sauvegarder cet article, connectez-vous ou cr\u00e9ez un compte franceinfo<\/p>\n<p class=\"dialog__description\">Sans paiement. Sans abonnement.<\/p>\n<p>        Fermer la fen\u00eatre d\u2019activation des notifications France Info<\/p>\n<p>            cr\u00e9er votre compte<\/p>\n<p>            se connecter<\/p>\n<p>        Fermer la fen\u00eatre de pr\u00e9sentation<\/p>\n<p>    <img loading=\"lazy\" decoding=\"async\" class=\"signature__image lazyload\" width=\"100\" height=\"100\" data- alt=\"\" src=\"https:\/\/www.europesays.com\/fr\/wp-content\/uploads\/2025\/07\/logosport-fond-blanc-68664bf99f8a0368288482.jpg\"\/><\/p>\n<p>          France T\u00e9l\u00e9visions &#8211; R\u00e9daction Sport<\/p>\n<p>    Publi\u00e9 le 06\/09\/2025 16:10<\/p>\n<p>        Temps de lecture : 2min<\/p>\n<p>    <img decoding=\"async\"  alt=\"Le pilote espagnol Marc Marquez (Ducati), c\u00e9l\u00e8bre sur le podium sa victoire dans la course sprint de MotoGP lors du Grand Prix de Catalogne, sur le circuit de Catalogne, le 6 septembre 2024 \u00e0 Montmelo, dans la banlieue de Barcelone. (LLUIS GENE \/ AFP)\" width=\"432\" height=\"243\" src=\"https:\/\/www.europesays.com\/fr\/wp-content\/uploads\/2025\/10\/000-73lr9mt-68bc3e2b35485319162420.jpg\" fetchpriority=\"high\"\/><\/p>\n<p>      Le pilote espagnol Marc Marquez (Ducati), c\u00e9l\u00e8bre sur le podium sa victoire dans la course sprint de MotoGP lors du Grand Prix de Catalogne, sur le circuit de Catalogne, le 6 septembre 2024 \u00e0 Montmelo, dans la banlieue de Barcelone. (LLUIS GENE \/ AFP)<\/p>\n<p>Il est inarr\u00eatable. L&rsquo;Espagnol Marc Marquez (Ducati) a d\u00e9croch\u00e9 un 15e succ\u00e8s cons\u00e9cutif en remportant la course sprint du GP de Catalogne, 15e manche sur 22 de la saison de MotoGP, devant <a href=\"https:\/\/www.franceinfo.fr\/sports\/auto-moto\/fabio-quartararo\/motogp-a-silverstone-le-francais-fabio-quartararo-decroche-une-troisieme-pole-position-consecutive_7270068.html\" rel=\"nofollow noopener\" target=\"_blank\">le Fran\u00e7ais Fabio Quartararo (Yamaha)<\/a>, samedi 6 septembre, sur le circuit de Catalunya.<\/p>\n<p>Archi-dominateur depuis trois mois, le sextuple champion du monde a cette fois b\u00e9n\u00e9fici\u00e9 de la chute de son fr\u00e8re Alex Marquez (Ducati-Gresini), qui \u00e9tait alors leader, \u00e0 moins de quatre tours de la fin de la course.\u00a0Cela permet au Catalan de porter son avance au championnat \u00e0 187 points face \u00e0 son fr\u00e8re cadet, qui r\u00e9alisait une superbe course et comptait plus d&rsquo;une seconde d&rsquo;avance avant sa chute.\u00a0\u00ab\u00a0Je suis tr\u00e8s content de la victoire pour moi et l&rsquo;\u00e9quipe, mais malheureusement Alex est tomb\u00e9 alors que j&rsquo;avais abandonn\u00e9 l&rsquo;id\u00e9e de le battre car il \u00e9tait plus rapide que moi. Il s&rsquo;est peut-\u00eatre trop rel\u00e2ch\u00e9. Ce n&rsquo;est pas mon meilleur circuit, mais on est encore sur le podium\u00a0\u00bb, a soulign\u00e9 l&rsquo;Espagnol.<\/p>\n<p>Gr\u00e2ce \u00e0 ce 14e succ\u00e8s de Marc Marquez en 15 courses sprint cette saison, Ducati s&rsquo;est offert un nouveau titre constructeurs alors qu&rsquo;il reste encore pas moins de 7 manches \u00e0 disputer. Quartararo, deuxi\u00e8me sur la grille, a enregistr\u00e9 le meilleur r\u00e9sultat de sa carri\u00e8re en course sprint \u00e0 l&rsquo;issue d&rsquo;une course tr\u00e8s r\u00e9ussie o\u00f9 il a effectu\u00e9 plusieurs jolis d\u00e9passements avant de r\u00e9sister sans trembler \u00e0 l&rsquo;Italien Fabio Di Giannantonio (Ducati-VR46), qui compl\u00e8te le podium. \u00ab\u00a0Cette deuxi\u00e8me place signifie beaucoup pour moi et l&rsquo;\u00e9quipe. Me battre avec les fr\u00e8res Marquez c&rsquo;est incroyable&#8230; Je suis super content, on sort de plusieurs courses super difficiles et \u00e7a fait beaucoup de bien\u00a0\u00bb, a d\u00e9clar\u00e9 le Ni\u00e7ois.\u00a0L&rsquo;autre Fran\u00e7ais de la grille, Johann Zarco (Honda-LCR), a termin\u00e9 au septi\u00e8me rang, position de laquelle il s&rsquo;\u00e9tait \u00e9lanc\u00e9 sur la grille.<\/p>\n","protected":false},"excerpt":{"rendered":"Avec une deuxi\u00e8me place sur le podium, Fabio Quartararo a r\u00e9alis\u00e9 le meilleur r\u00e9sultat de sa carri\u00e8re en&hellip;\n","protected":false},"author":2,"featured_media":451477,"comment_status":"","ping_status":"","sticky":false,"template":"","format":"standard","meta":{"footnotes":""},"categories":[1413],"tags":[1011,27,1457,1456,60],"class_list":{"0":"post-451476","1":"post","2":"type-post","3":"status-publish","4":"format-standard","5":"has-post-thumbnail","7":"category-moto","8":"tag-fr","9":"tag-france","10":"tag-moto","11":"tag-motocycle","12":"tag-sports"},"share_on_mastodon":{"url":"https:\/\/pubeurope.com\/@fr\/115347555104127827","error":""},"_links":{"self":[{"href":"https:\/\/www.europesays.com\/fr\/wp-json\/wp\/v2\/posts\/451476","targetHints":{"allow":["GET"]}}],"collection":[{"href":"https:\/\/www.europesays.com\/fr\/wp-json\/wp\/v2\/posts"}],"about":[{"href":"https:\/\/www.europesays.com\/fr\/wp-json\/wp\/v2\/types\/post"}],"author":[{"embeddable":true,"href":"https:\/\/www.europesays.com\/fr\/wp-json\/wp\/v2\/users\/2"}],"replies":[{"embeddable":true,"href":"https:\/\/www.europesays.com\/fr\/wp-json\/wp\/v2\/comments?post=451476"}],"version-history":[{"count":0,"href":"https:\/\/www.europesays.com\/fr\/wp-json\/wp\/v2\/posts\/451476\/revisions"}],"wp:featuredmedia":[{"embeddable":true,"href":"https:\/\/www.europesays.com\/fr\/wp-json\/wp\/v2\/media\/451477"}],"wp:attachment":[{"href":"https:\/\/www.europesays.com\/fr\/wp-json\/wp\/v2\/media?parent=451476"}],"wp:term":[{"taxonomy":"category","embeddable":true,"href":"https:\/\/www.europesays.com\/fr\/wp-json\/wp\/v2\/categories?post=451476"},{"taxonomy":"post_tag","embeddable":true,"href":"https:\/\/www.europesays.com\/fr\/wp-json\/wp\/v2\/tags?post=451476"}],"curies":[{"name":"wp","href":"https:\/\/api.w.org\/{rel}","templated":true}]}}