{"id":451480,"date":"2025-10-10T02:40:19","date_gmt":"2025-10-10T02:40:19","guid":{"rendered":"https:\/\/www.europesays.com\/fr\/451480\/"},"modified":"2025-10-10T02:40:19","modified_gmt":"2025-10-10T02:40:19","slug":"championnat-du-monde-sur-piste-la-selection-belge-actualite","status":"publish","type":"post","link":"https:\/\/www.europesays.com\/fr\/451480\/","title":{"rendered":"Championnat du Monde sur piste : La s\u00e9lection belge &#8211; Actualit\u00e9"},"content":{"rendered":"<p style=\"text-align: justify;\">Le Championnat du Monde sur piste aura lieu \u00e0 Santiago du Chili du 22 au 26 octobre. Les entra\u00eeneurs f\u00e9d\u00e9raux Tim Carswell et Jonathan Mitchell ont s\u00e9lectionn\u00e9 douze coureurs pour y repr\u00e9senter l&rsquo;\u00e9quipe de Belgique. Il y aura une \u00e9quipe de poursuite chez les Hommes et les Femmes. Lindsay De Vylder d\u00e9fendra son titre de l&rsquo;Omnium.<\/p>\n<p><strong>La s\u00e9lection belge<\/strong> :\u00a0<br \/><strong>Dames<\/strong><br \/><strong>Endurance<br \/><\/strong><a class=\"rider-link mention\" href=\"https:\/\/www.directvelo.com\/coureur\/23613\/shari-bossuyt\" rel=\"external noopener\" data-rider=\"23613\" target=\"_blank\">Shari BOSSUYT<\/a> (<a class=\"team-link mention\" href=\"https:\/\/www.directvelo.com\/equipe\/5550\/ag-insurance-soudal-team\" rel=\"external noopener\" target=\"_blank\">AG Insurance-Soudal Team<\/a>)\u00a0<br \/><a class=\"rider-link mention\" href=\"https:\/\/www.directvelo.com\/coureur\/33821\/katrijn-de-clercq\" rel=\"external noopener\" data-rider=\"33821\" target=\"_blank\">Katrijn DE CLERCQ<\/a> (<a class=\"team-link mention\" href=\"https:\/\/www.directvelo.com\/equipe\/2879\/lotto-ladies\" rel=\"external noopener\" target=\"_blank\">Lotto Ladies<\/a>)\u00a0<br \/><a class=\"rider-link mention\" href=\"https:\/\/www.directvelo.com\/coureur\/50819\/helene-hesters\" rel=\"external noopener\" data-rider=\"50819\" target=\"_blank\">H\u00e9l\u00e8ne HESTERS<\/a> (<a class=\"team-link mention\" href=\"https:\/\/www.directvelo.com\/equipe\/9776\/liv-alula-jayco-womens-ct\" rel=\"external noopener\" target=\"_blank\">Liv AlUla Jayco Women&rsquo;s CT<\/a>)\u00a0<br \/><a class=\"rider-link mention\" href=\"https:\/\/www.directvelo.com\/coureur\/40783\/marith-vanhove\" rel=\"external noopener\" data-rider=\"40783\" target=\"_blank\">Marith VANHOVE<\/a> (<a class=\"team-link mention\" href=\"https:\/\/www.directvelo.com\/equipe\/8954\/ag-insurance-soudal-nxtg\" rel=\"external noopener\" target=\"_blank\">AG Insurance-Soudal NXTG<\/a>)\u00a0<br \/><a class=\"rider-link mention\" href=\"https:\/\/www.directvelo.com\/coureur\/53190\/luca-vierstraete\" rel=\"external noopener\" data-rider=\"53190\" target=\"_blank\">Luca VIERSTRAETE<\/a> (<a class=\"team-link mention\" href=\"https:\/\/www.directvelo.com\/equipe\/8954\/ag-insurance-soudal-nxtg\" rel=\"external noopener\" target=\"_blank\">AG Insurance-Soudal NXTG<\/a>)\u00a0<\/p>\n<p><strong>Hommes<\/strong><br \/><strong>Endurance<\/strong><br \/><a class=\"rider-link mention\" href=\"https:\/\/www.directvelo.com\/coureur\/8300\/jasper-de-buyst\" rel=\"external noopener\" data-rider=\"8300\" target=\"_blank\">Jasper DE BUYST<\/a> (<a class=\"team-link mention\" href=\"https:\/\/www.directvelo.com\/equipe\/1048\/lotto\" rel=\"external noopener\" target=\"_blank\">Lotto<\/a>)\u00a0<br \/><a class=\"rider-link mention\" href=\"https:\/\/www.directvelo.com\/coureur\/7236\/lindsay-de-vylder\" rel=\"external noopener\" data-rider=\"7236\" target=\"_blank\">Lindsay DE VYLDER<\/a> (<a class=\"team-link mention\" href=\"https:\/\/www.directvelo.com\/equipe\/602\/team-flanders-baloise\" rel=\"external noopener\" target=\"_blank\">Team Flanders-Baloise<\/a>)\u00a0<br \/><a class=\"rider-link mention\" href=\"https:\/\/www.directvelo.com\/coureur\/18256\/jules-hesters\" rel=\"external noopener\" data-rider=\"18256\" target=\"_blank\">Jules HESTERS<\/a> (<a class=\"team-link mention\" href=\"https:\/\/www.directvelo.com\/equipe\/602\/team-flanders-baloise\" rel=\"external noopener\" target=\"_blank\">Team Flanders-Baloise<\/a>)\u00a0<br \/><a class=\"rider-link mention\" href=\"https:\/\/www.directvelo.com\/coureur\/19600\/fabio-van-den-bossche\" rel=\"external noopener\" data-rider=\"19600\" target=\"_blank\">Fabio VAN DEN BOSSCHE<\/a> (<a class=\"team-link mention\" href=\"https:\/\/www.directvelo.com\/equipe\/111\/alpecin-deceuninck\" rel=\"external noopener\" target=\"_blank\">Alpecin-Deceuninck<\/a>)\u00a0<br \/><a class=\"rider-link mention\" href=\"https:\/\/www.directvelo.com\/coureur\/35644\/noah-vandenbranden\" rel=\"external noopener\" data-rider=\"35644\" target=\"_blank\">Noah VANDENBRANDEN<\/a> (<a class=\"team-link mention\" href=\"https:\/\/www.directvelo.com\/equipe\/602\/team-flanders-baloise\" rel=\"external noopener\" target=\"_blank\">Team Flanders-Baloise<\/a>)\u00a0<br \/><a class=\"rider-link mention\" href=\"https:\/\/www.directvelo.com\/coureur\/48199\/milan-van-den-haute\" rel=\"external noopener\" data-rider=\"48199\" target=\"_blank\">Milan VAN DEN HAUTE<\/a> (<a class=\"team-link mention\" href=\"https:\/\/www.directvelo.com\/equipe\/10533\/atom-6-bikes-decca-continental-team\" rel=\"external noopener\" target=\"_blank\">Atom 6 Bikes &#8211; Decca Continental Team<\/a>)\u00a0<\/p>\n<p><strong>Sprint<\/strong><br \/>Lowie NULENS<\/p>\n","protected":false},"excerpt":{"rendered":"Le Championnat du Monde sur piste aura lieu \u00e0 Santiago du Chili du 22 au 26 octobre. Les&hellip;\n","protected":false},"author":2,"featured_media":451481,"comment_status":"","ping_status":"","sticky":false,"template":"","format":"standard","meta":{"footnotes":""},"categories":[1411],"tags":[834,828,836,829,837,827,83,826,824,823,1154,207,814,817,815,816,822,821,832,211,839,1011,27,820,818,819,835,831,830,833,838,60,212,208,825],"class_list":{"0":"post-451480","1":"post","2":"type-post","3":"status-publish","4":"format-standard","5":"has-post-thumbnail","7":"category-cyclisme","8":"tag-attaque","9":"tag-belgique","10":"tag-braquet","11":"tag-bretagne","12":"tag-chute","13":"tag-competition","14":"tag-coupe-de-france","15":"tag-coureur","16":"tag-course-cyclisme","17":"tag-course-cycliste","18":"tag-cycling","19":"tag-cyclisme","20":"tag-direct","21":"tag-direct-velo","22":"tag-directvelo","23":"tag-directvelo-com","24":"tag-epreuve","25":"tag-epreuve-cycliste","26":"tag-federation-francaise-de-cyclisme","27":"tag-ffc","28":"tag-flandres","29":"tag-fr","30":"tag-france","31":"tag-live","32":"tag-live-course","33":"tag-live-epreuve","34":"tag-peloton","35":"tag-radio-peloton","36":"tag-radio-tour","37":"tag-ravitaillement","38":"tag-relance","39":"tag-sports","40":"tag-uci","41":"tag-velo","42":"tag-velos"},"share_on_mastodon":{"url":"https:\/\/pubeurope.com\/@fr\/115347562421525155","error":""},"_links":{"self":[{"href":"https:\/\/www.europesays.com\/fr\/wp-json\/wp\/v2\/posts\/451480","targetHints":{"allow":["GET"]}}],"collection":[{"href":"https:\/\/www.europesays.com\/fr\/wp-json\/wp\/v2\/posts"}],"about":[{"href":"https:\/\/www.europesays.com\/fr\/wp-json\/wp\/v2\/types\/post"}],"author":[{"embeddable":true,"href":"https:\/\/www.europesays.com\/fr\/wp-json\/wp\/v2\/users\/2"}],"replies":[{"embeddable":true,"href":"https:\/\/www.europesays.com\/fr\/wp-json\/wp\/v2\/comments?post=451480"}],"version-history":[{"count":0,"href":"https:\/\/www.europesays.com\/fr\/wp-json\/wp\/v2\/posts\/451480\/revisions"}],"wp:featuredmedia":[{"embeddable":true,"href":"https:\/\/www.europesays.com\/fr\/wp-json\/wp\/v2\/media\/451481"}],"wp:attachment":[{"href":"https:\/\/www.europesays.com\/fr\/wp-json\/wp\/v2\/media?parent=451480"}],"wp:term":[{"taxonomy":"category","embeddable":true,"href":"https:\/\/www.europesays.com\/fr\/wp-json\/wp\/v2\/categories?post=451480"},{"taxonomy":"post_tag","embeddable":true,"href":"https:\/\/www.europesays.com\/fr\/wp-json\/wp\/v2\/tags?post=451480"}],"curies":[{"name":"wp","href":"https:\/\/api.w.org\/{rel}","templated":true}]}}