{"id":451483,"date":"2025-10-10T02:42:11","date_gmt":"2025-10-10T02:42:11","guid":{"rendered":"https:\/\/www.europesays.com\/fr\/451483\/"},"modified":"2025-10-10T02:42:11","modified_gmt":"2025-10-10T02:42:11","slug":"de-la-petite-maison-dans-la-prairie-aux-deux-sevres-alison-arngrim-fait-revivre-les-annees-80-ce-10-octobre-a-glenay","status":"publish","type":"post","link":"https:\/\/www.europesays.com\/fr\/451483\/","title":{"rendered":"De \u00ab\u00a0la petite maison dans la prairie\u00a0\u00bb aux Deux-S\u00e8vres, Alison Arngrim fait revivre les ann\u00e9es 80 ce 10 octobre \u00e0 Gl\u00e9nay"},"content":{"rendered":"<p>Un gros coup de nostalgie et de bons souvenirs vous attend ce vendredi 10 octobre \u00e0 Gl\u00e9nay dans les Deux-S\u00e8vres. L&rsquo;actrice Alison Arngrim, Nellie Oleson dans la petite maison dans la prairie, se produit avec Patrick Loubati\u00e8re pour un spectacle consacr\u00e9 aux ann\u00e9es 80. <\/p>\n<p>D\u00e8s les premi\u00e8res notes, nous sommes nombreux \u00e0 reconnaitre le g\u00e9n\u00e9rique de la s\u00e9rie t\u00e9l\u00e9 \u00e0 succ\u00e8s \u00ab\u00a0La petite maison dans la prairie\u00a0\u00bb multidiffus\u00e9e \u00e0 la t\u00e9l\u00e9vision. Celle qui incarnait la petite peste Nelly Oleson a quitt\u00e9 Walnet Grove pour rejoindre Gl\u00e9nay dans les deux S\u00e8vres o\u00f9 elle se produit ce vendredi 10 octobre sur la sc\u00e8ne de la salle Paul-R\u00e9au pour un spectacle consacr\u00e9 aux ann\u00e9es 80. L&rsquo;actrice Alison Arngrim est en duo avec Patrick Loubati\u00e8re auquel ICI Poitou a demand\u00e9 si elle c&rsquo;est une peste ou pas dans la vraie vie?<\/p>\n<p>Une \u00ab\u00a0petite peste\u00a0\u00bb ang\u00e9lique\u00a0!<\/p>\n<p>\u00ab\u00a0Dans la vraie vie, c&rsquo;est l&rsquo;oppos\u00e9 de la personne de Nellie Oleson. C&rsquo;est une personne absolument merveilleuse, g\u00e9n\u00e9reuse, extr\u00eamement proche du public. Tout le monde l&rsquo;adore et pour cause, elle le m\u00e9rite. J&rsquo;avait \u00e9crit un livre d&rsquo;analyse du succ\u00e8s de \u00ab\u00a0La Petite maison dans la prairie\u00a0\u00bb et suite \u00e0 la parution de ce livre, je suis devenue ami avec de nombreux acteurs et elle,\u00a0quand j&rsquo;ai vu la personnalit\u00e9 extraordinaire qu&rsquo;elle avait, je me suis dit qu&rsquo;il fallait \u00e0 tout prix que je l&rsquo;am\u00e8ne en France, qu&rsquo;il fallait \u00e0 tout prix que j&rsquo;en fasse profiter les Fran\u00e7ais parce que je savais qu&rsquo;elle allait, sur sc\u00e8ne, apporter du bonheur aux gens. Elle devient l&rsquo;une des Am\u00e9ricaines qui conna\u00eet le mieux notre pays. On va vraiment au contact du public et elle conna\u00eet vraiment la France de l&rsquo;int\u00e9rieur, pas simplement la capitale, comme beaucoup d&rsquo;Am\u00e9ricains.\u00a0\u00bb s&rsquo;enthousiasme Patrick Loubati\u00e8re.<\/p>\n<p>Une tr\u00e8s bonne soir\u00e9e en perspective<\/p>\n<p>Mais si la pr\u00e9sence d&rsquo;Alison Arngrim fera le plus grand bonheur des fans de la s\u00e9ri\u00e9, ce n&rsquo;est pas la seule garantie de passer un tr\u00e8s bon moment. Le spectacle a pour mission de vous replonger dans la bonne humeur au c\u0153ur des ann\u00e9es 80 avec le complice de l&rsquo;actrice. Patrick Loubati\u00e8re promet en effet un spectacle qui replonge les gens dans toute cette p\u00e9riode de mani\u00e8re ultra festive. \u00ab\u00a0Les s\u00e9ries t\u00e9l\u00e9, les films, la musique et les publicit\u00e9s, \u00e7a va du capitaine Flam \u00e0 la Compagnie Cr\u00e9ole, de l&rsquo;\u00e9cole des fans \u00e0 Dallas. C&rsquo;est tout ce qui a marqu\u00e9 cette p\u00e9riode, mais de mani\u00e8re extr\u00eamement festive. Et il n&rsquo;y a pas du tout la barri\u00e8re traditionnelle entre artistes et public. On est l\u00e0, on fait la f\u00eate ensemble pendant 2 h et c&rsquo;est vraiment dans cet esprit qu&rsquo;on veut replonger les gens, on veut que les gens ressortent en ayant rev\u00e9cu cette belle p\u00e9riode.\u00a0\u00bb Nellie Oleson appara\u00eet aussi dans son personnage dans ce spectacle. Par moments, elle se transforme et c&rsquo;est \u00e9videmment tr\u00e8s dr\u00f4le parce que les gens s&rsquo;y attendent pas. Elle s&rsquo;adresse aux gens en tant qu&rsquo;Alison Arngrim. Et puis tout d&rsquo;un coup, les gens r\u00e9alisent qu&rsquo;elle a repris les traits de la petite peste qu&rsquo;on a connu \u00e0 l&rsquo;\u00e9poque.\u00a0\u00bb\u00a0s&rsquo;amuse son complice sur sc\u00e8ne.<\/p>\n<p>Le spectacle d\u00e9bute \u00e0 partir de 20h30 ce vendredi soir \u00e0 Gl\u00e9nay dans les Deux-S\u00e8vres. Il reste quelques places. Le prix, 25 euros. C&rsquo;est organis\u00e9 par l&rsquo;association des commer\u00e7ants et artisans de Gl\u00e9nay qui f\u00eate ses 25 ans et qui voulait marquer le coup. C&rsquo;est plut\u00f4t r\u00e9ussi\u00a0!<\/p>\n","protected":false},"excerpt":{"rendered":"Un gros coup de nostalgie et de bons souvenirs vous attend ce vendredi 10 octobre \u00e0 Gl\u00e9nay dans&hellip;\n","protected":false},"author":2,"featured_media":451484,"comment_status":"","ping_status":"","sticky":false,"template":"","format":"standard","meta":{"footnotes":""},"categories":[1359],"tags":[58,59,1011,27,973],"class_list":{"0":"post-451483","1":"post","2":"type-post","3":"status-publish","4":"format-standard","5":"has-post-thumbnail","7":"category-people","8":"tag-divertissement","9":"tag-entertainment","10":"tag-fr","11":"tag-france","12":"tag-people"},"share_on_mastodon":{"url":"https:\/\/pubeurope.com\/@fr\/115347570274234152","error":""},"_links":{"self":[{"href":"https:\/\/www.europesays.com\/fr\/wp-json\/wp\/v2\/posts\/451483","targetHints":{"allow":["GET"]}}],"collection":[{"href":"https:\/\/www.europesays.com\/fr\/wp-json\/wp\/v2\/posts"}],"about":[{"href":"https:\/\/www.europesays.com\/fr\/wp-json\/wp\/v2\/types\/post"}],"author":[{"embeddable":true,"href":"https:\/\/www.europesays.com\/fr\/wp-json\/wp\/v2\/users\/2"}],"replies":[{"embeddable":true,"href":"https:\/\/www.europesays.com\/fr\/wp-json\/wp\/v2\/comments?post=451483"}],"version-history":[{"count":0,"href":"https:\/\/www.europesays.com\/fr\/wp-json\/wp\/v2\/posts\/451483\/revisions"}],"wp:featuredmedia":[{"embeddable":true,"href":"https:\/\/www.europesays.com\/fr\/wp-json\/wp\/v2\/media\/451484"}],"wp:attachment":[{"href":"https:\/\/www.europesays.com\/fr\/wp-json\/wp\/v2\/media?parent=451483"}],"wp:term":[{"taxonomy":"category","embeddable":true,"href":"https:\/\/www.europesays.com\/fr\/wp-json\/wp\/v2\/categories?post=451483"},{"taxonomy":"post_tag","embeddable":true,"href":"https:\/\/www.europesays.com\/fr\/wp-json\/wp\/v2\/tags?post=451483"}],"curies":[{"name":"wp","href":"https:\/\/api.w.org\/{rel}","templated":true}]}}