{"id":451489,"date":"2025-10-10T02:45:14","date_gmt":"2025-10-10T02:45:14","guid":{"rendered":"https:\/\/www.europesays.com\/fr\/451489\/"},"modified":"2025-10-10T02:45:14","modified_gmt":"2025-10-10T02:45:14","slug":"cest-embarrassant-francois-civil-tres-gene-apres-une-revelation-dans-c-a-vous-video","status":"publish","type":"post","link":"https:\/\/www.europesays.com\/fr\/451489\/","title":{"rendered":"\u201cC\u2019est embarrassant\u201d : Fran\u00e7ois Civil tr\u00e8s g\u00ean\u00e9 apr\u00e8s une r\u00e9v\u00e9lation dans C \u00e0 vous (VIDEO)"},"content":{"rendered":"<p>L&rsquo;animatrice Anne-Elisabeth Lemoine a provoqu\u00e9 un moment de malaise savoureux sur le plateau de \u00ab\u00a0C \u00e0 vous\u00a0\u00bb ce jeudi 9 octobre 2025. En recevant Fran\u00e7ois Civil et   <a href=\"https:\/\/www.programme-television.org\/news\/tv\/documentaires\/l-enigme-charlotte-rampling-arte-j-ai-accepte-de-donner-ainsi-une-part-de-mon-ame-4711645\" target=\"_self\" rel=\"nofollow noopener\">Charlotte Rampling<\/a> pour la promotion du film \u00ab\u00a0Deux Pianos\u00a0\u00bb d&rsquo;Arnaud Desplechin, elle a d\u00e9voil\u00e9 une confidence de l&rsquo;acteur enregistr\u00e9e lors d&rsquo;une pr\u00e9c\u00e9dente \u00e9mission.<\/p>\n<p><a id=\"eztoc103318661_1\"\/>Une d\u00e9claration d&rsquo;amour r\u00e9v\u00e9l\u00e9e en coulisses<\/p>\n<p>Avant l&rsquo;\u00e9mission, Charlotte Rampling a eu droit \u00e0 une surprise de taille. Dans les coulisses de France 5, l&rsquo;\u00e9quipe de \u00ab\u00a0C \u00e0 vous\u00a0\u00bb lui a fait \u00e9couter un extrait d&rsquo;une ancienne interview de Fran\u00e7ois Civil, o\u00f9   <a href=\"https:\/\/www.programme-television.org\/news\/people\/vie-privee\/c-est-trop-bien-adele-exarchopoulos-fait-de-rares-confidences-sur-son-couple-avec-francois-civil-4742412\" target=\"_self\" rel=\"nofollow noopener\">le compagnon d&rsquo;Ad\u00e8le Exarchopoulos<\/a> se confiait sur son admiration sans bornes pour la com\u00e9dienne britannique. Une r\u00e9v\u00e9lation qui a pris de court la l\u00e9gende du cin\u00e9ma, ignorant jusqu&rsquo;alors les sentiments de son jeune partenaire.<\/p>\n<p>Un aveu qui tourne \u00e0 la confusion en direct<\/p>\n<p>Face cam\u00e9ra, Anne-Elisabeth Lemoine n&rsquo;a pas manqu\u00e9 de creuser le sujet : \u201cFran\u00e7ois qui disait qu&rsquo;il \u00e9tait amoureux fou de vous, quoi, qu&rsquo;il trouvait que vous \u00e9tiez la femme la plus belle du monde, et vous \u00e9tiez surprise de cet aveu. Non ?\u201d a lanc\u00e9 l&rsquo;animatrice.\u00a0<\/p>\n<p>Visiblement amus\u00e9e, Charlotte Rampling a r\u00e9pondu : \u201cJe ne le savais pas.\u201d L\u2019animatrice s&rsquo;est alors tourn\u00e9e vers Fran\u00e7ois Civil : \u201cIl ne vous l&rsquo;a pas dit pendant tout le temps du tournage ?\u00a0<\/p>\n<p>La r\u00e9action de l&rsquo;acteur trahit son embarras : \u201cMaintenant, c&rsquo;est embarrassant. J&rsquo;avais m\u00eame oubli\u00e9 que j\u2019avais dit \u00e7a\u201d !\u00a0<a id=\"eztoc103318661_2\"\/><\/p>\n<p>La belle complicit\u00e9 entre Charlotte Rampling et Fran\u00e7ois Civil<\/p>\n<p>Anne-Elisabeth Lemoine a justifi\u00e9 cette petite mise en lumi\u00e8re avec humour : \u201cAlors nous, on scripte absolument tout ce que vous dites\u201d.\u00a0<\/p>\n<p>Les deux acteurs partagent l&rsquo;affiche de \u00ab\u00a0Deux Pianos\u00a0\u00bb, le nouveau long-m\u00e9trage d&rsquo;Arnaud Desplechin. Dans ce film, Fran\u00e7ois Civil incarne Mathias Vogler, un pianiste qui rentre en France apr\u00e8s un long exil pour donner des concerts aux c\u00f4t\u00e9s d&rsquo;Elena, sa mentore interpr\u00e9t\u00e9e par Charlotte Rampling. Une rencontre troublante avec un enfant qui lui ressemble trait pour trait le plongera dans une fr\u00e9n\u00e9sie qui le ram\u00e8nera vers Claude, son amour de jeunesse camp\u00e9 par Nadia Tereszkiewicz.\u00a0\n    <\/p>\n","protected":false},"excerpt":{"rendered":"L&rsquo;animatrice Anne-Elisabeth Lemoine a provoqu\u00e9 un moment de malaise savoureux sur le plateau de \u00ab\u00a0C \u00e0 vous\u00a0\u00bb ce&hellip;\n","protected":false},"author":2,"featured_media":451490,"comment_status":"","ping_status":"","sticky":false,"template":"","format":"standard","meta":{"footnotes":""},"categories":[1356],"tags":[58,59,1011,27,252,1364],"class_list":{"0":"post-451489","1":"post","2":"type-post","3":"status-publish","4":"format-standard","5":"has-post-thumbnail","7":"category-television","8":"tag-divertissement","9":"tag-entertainment","10":"tag-fr","11":"tag-france","12":"tag-television","13":"tag-tv"},"share_on_mastodon":{"url":"https:\/\/pubeurope.com\/@fr\/115347582168558521","error":""},"_links":{"self":[{"href":"https:\/\/www.europesays.com\/fr\/wp-json\/wp\/v2\/posts\/451489","targetHints":{"allow":["GET"]}}],"collection":[{"href":"https:\/\/www.europesays.com\/fr\/wp-json\/wp\/v2\/posts"}],"about":[{"href":"https:\/\/www.europesays.com\/fr\/wp-json\/wp\/v2\/types\/post"}],"author":[{"embeddable":true,"href":"https:\/\/www.europesays.com\/fr\/wp-json\/wp\/v2\/users\/2"}],"replies":[{"embeddable":true,"href":"https:\/\/www.europesays.com\/fr\/wp-json\/wp\/v2\/comments?post=451489"}],"version-history":[{"count":0,"href":"https:\/\/www.europesays.com\/fr\/wp-json\/wp\/v2\/posts\/451489\/revisions"}],"wp:featuredmedia":[{"embeddable":true,"href":"https:\/\/www.europesays.com\/fr\/wp-json\/wp\/v2\/media\/451490"}],"wp:attachment":[{"href":"https:\/\/www.europesays.com\/fr\/wp-json\/wp\/v2\/media?parent=451489"}],"wp:term":[{"taxonomy":"category","embeddable":true,"href":"https:\/\/www.europesays.com\/fr\/wp-json\/wp\/v2\/categories?post=451489"},{"taxonomy":"post_tag","embeddable":true,"href":"https:\/\/www.europesays.com\/fr\/wp-json\/wp\/v2\/tags?post=451489"}],"curies":[{"name":"wp","href":"https:\/\/api.w.org\/{rel}","templated":true}]}}