{"id":451491,"date":"2025-10-10T02:46:11","date_gmt":"2025-10-10T02:46:11","guid":{"rendered":"https:\/\/www.europesays.com\/fr\/451491\/"},"modified":"2025-10-10T02:46:11","modified_gmt":"2025-10-10T02:46:11","slug":"lhistoire-dechirante-derriere-sa-chanson-en-hommage-a-robert-badinter","status":"publish","type":"post","link":"https:\/\/www.europesays.com\/fr\/451491\/","title":{"rendered":"l&rsquo;histoire d\u00e9chirante derri\u00e8re sa chanson en hommage \u00e0 Robert Badinter"},"content":{"rendered":"<p><img decoding=\"async\" src=\"https:\/\/www.europesays.com\/fr\/wp-content\/uploads\/2025\/10\/photo_1759929881.jpg\" class=\"textcenter img-content\" loading=\"lazy\"\/>Bestimage<br \/>\n<br \/>\n\u00ab La justice fran\u00e7aise ne sera plus une justice qui tue \u00bb. Le 17 septembre 1981, Robert Badinter prononce un discours qui va changer l&rsquo;Histoire de France. Ce jour-l\u00e0, le ministre de la Justice sous Fran\u00e7ois Mitterrand demande \u00e0 l&rsquo;Assembl\u00e9e Nationale d&rsquo;abolir la peine de mort. Une loi qui sera finalement promulgu\u00e9e le 9 octobre suivant. Comme un symbole, c&rsquo;est cette date du 9 octobre 2025, soit 44 ans jour pour jour, qui a \u00e9t\u00e9 choisie pour faire entrer Robert Badinter au Panth\u00e9on. La m\u00e9moire de l&rsquo;ancien homme politique, d\u00e9c\u00e9d\u00e9 le 26 septembre 2024, sera salu\u00e9e au cours d&rsquo;une c\u00e9r\u00e9monie \u00e0 laquelle participeront notamment Guillaume Gallienne et Marina Hands de la Com\u00e9die Fran\u00e7aise, ainsi que le chanteur Julien Clerc. <\/p>\n<p>Le player Dailymotion est en train de se charger&#8230;<\/p>\n<p>\u00ab\u00a0Un tr\u00e8s grand honneur\u00a0\u00bb<br \/>\nApr\u00e8s la prestation du groupe <a href=\"https:\/\/www.chartsinfrance.net\/Feu--Chatterton\/news-127872.html\" target=\"_blank\" class=\"spip_out\" rel=\"nofollow noopener\">Feu! Chatterton pour les Manouchian<\/a>, c&rsquo;est donc Julien Clerc qui a \u00e9t\u00e9 choisi pour cet \u00e9v\u00e9nement. \u00ab Un tr\u00e8s grand honneur \u00bb estime le chanteur de 78 ans dans les colonnes du <a href=\"https:\/\/www.leparisien.fr\/culture-loisirs\/musique\/je-pense-toujours-a-badinter-quand-je-la-chante-julien-clerc-interpretera-lassassin-assassine-au-pantheon-08-10-2025-SRYQFTUKXFBNLKCN6NEL25GQEM.php\" target=\"_blank\" class=\"spip_out\" rel=\"nofollow noopener\">Parisien<\/a> : \u00ab Je n&rsquo;ai rencontr\u00e9 Robert Badinter que trois fois mais je l&rsquo;admire beaucoup, lui et son parcours. Et cela me fait plaisir que l&rsquo;on ait choisi une chanson qui a compt\u00e9 dans ma vie et qui a eu une importance particuli\u00e8re, soci\u00e9tale, dans la vie de mon pays \u00bb. Car le choix de Julien Clerc n&rsquo;est pas d\u00fb au hasard : il interpr\u00e9tera sa chanson \u00ab\u00a0L&rsquo;assassin assassin\u00e9\u00a0\u00bb, plaidoyer contre la peine de mort sorti en 1979, deux ans avant son abolition par Robert Badinter. <\/p>\n<p>Parolier de l\u00e9gende et auteur de la chanson, c&rsquo;est Jean-Loup Dabadie qui pousse Julien Clerc \u00e0 interpr\u00e9ter le titre, \u00e9voquant les derniers moments d&rsquo;un meurtrier condamn\u00e9 \u00e0 la peine de mort, lors d&rsquo;une \u00e9mission de t\u00e9l\u00e9vision sur la troisi\u00e8me cha\u00eene. \u00ab Le standard t\u00e9l\u00e9phonique avait saut\u00e9. Il y a eu beaucoup de r\u00e9actions de t\u00e9l\u00e9spectateurs \u00bb se souvient le chanteur. \u00c0 l&rsquo;\u00e9poque, la ballade \u00ab\u00a0L&rsquo;assassin assassin\u00e9\u00a0\u00bb n&rsquo;existe donc que sous la forme d&rsquo;une maquette et c&rsquo;est apr\u00e8s avoir assist\u00e9 \u00e0 une plaidoirie de Robert Badinter que Julien Clerc d\u00e9cide de sortir le morceau en 1980. \u00ab On jugeait un r\u00e9cidiviste, qui avait tu\u00e9 deux femmes \u00e0 18 ans d&rsquo;intervalle. (&#8230;) L&rsquo;ambiance au tribunal \u00e9tait tendue, \u00e9lectrique, violente, le public se bousculait et \u00e9tait pour la peine de mort. Dans ce contexte, la plaidoirie de Badinter avait \u00e9t\u00e9 impressionnante \u00bb se rem\u00e9more l&rsquo;artiste, qui a pu longuement discuter avec ce grand homme dans le train du retour \u00e0 Paris.<\/p>\n<\/p>\n<p>\u00ab\u00a0On nous avait oppos\u00e9s avec Sardou\u00a0\u00bb<br \/>\nParu sur son album \u00ab\u00a0Sans entracte\u00a0\u00bb en 1980, le titre n&rsquo;a pas \u00e9t\u00e9 exploit\u00e9 en single mais a valu \u00e0 Julien Clerc des f\u00e9licitations de la part de Robert Badinter, via une lettre qu&rsquo;il regrette d&rsquo;avoir perdu aujourd&rsquo;hui : \u00ab C&rsquo;\u00e9tait un immense honneur. Les chanteurs ne sont pas l\u00e0 pour faire de la politique, mais c&rsquo;est une chanson soci\u00e9tale, pas politique \u00bb. Hasard du calendrier, \u00ab\u00a0L&rsquo;assassin assassin\u00e9\u00a0\u00bb sort quatre ans apr\u00e8s \u00ab\u00a0Je suis pour\u00a0\u00bb, titre de Michel Sardou \u00e9voquant \u00e9galement la peine de mort de fa\u00e7on plus radicale. \u00ab On nous avait oppos\u00e9s avec Michel Sardou (&#8230;) mais \u00e7a n&rsquo;avait rien \u00e0 voir. Et j&rsquo;ai re\u00e7u quelques courriers, dont un tr\u00e8s digne d&rsquo;une dame qui m&rsquo;avait \u00e9crit que ce n&rsquo;\u00e9tait pas bien de chanter \u00e7a. Je lui avais r\u00e9pondu que les artistes se battent avec leurs armes, dont l&rsquo;\u00e9motion \u00bb indique-t-il aujourd&rsquo;hui.  <b>Achetez vos places pour la tourn\u00e9e de Julien Clerc sur la <a href=\"https:\/\/tidd.ly\/4n11R5b\" target=\"_blank\" class=\"spip_out\" rel=\"nofollow noopener\">Fnac<\/a> et <a href=\"https:\/\/ticketmaster-fr.tm7516.net\/c\/4818049\/427761\/7516?u=https%3A%2F%2Fwww.ticketmaster.fr%2Ffr%2Fresultat%3FipSearch%3DJULIEN%2BCLERC\" target=\"_blank\" class=\"spip_out\" rel=\"nofollow noopener\">Ticketmaster<\/a> !<\/b><br \/>\nCe jeudi au Panth\u00e9on, Julien Clerc va interpr\u00e9ter une \u00ab version expurg\u00e9e \u00bb de sa chanson : \u00ab Je l&rsquo;ai chant\u00e9e quelque temps en tourn\u00e9e. Elle est longue, plus de six minutes, et demande beaucoup d&rsquo;\u00e9nergie, d&rsquo;engagement physique. (&#8230;) On a gard\u00e9 la substantifique moelle en quatre minutes, avec de nouveaux arrangements. Je serai accompagn\u00e9 d&rsquo;un piano et de claviers \u00bb. Une s\u00e9quence qui s&rsquo;annonce d\u00e9j\u00e0 riche en \u00e9motion.<\/p>\n","protected":false},"excerpt":{"rendered":"Bestimage \u00ab La justice fran\u00e7aise ne sera plus une justice qui tue \u00bb. Le 17 septembre 1981, Robert&hellip;\n","protected":false},"author":2,"featured_media":451492,"comment_status":"","ping_status":"","sticky":false,"template":"","format":"standard","meta":{"footnotes":""},"categories":[1355],"tags":[58,59,1011,27,1361,873],"class_list":{"0":"post-451491","1":"post","2":"type-post","3":"status-publish","4":"format-standard","5":"has-post-thumbnail","7":"category-musique","8":"tag-divertissement","9":"tag-entertainment","10":"tag-fr","11":"tag-france","12":"tag-music","13":"tag-musique"},"share_on_mastodon":{"url":"https:\/\/pubeurope.com\/@fr\/115347586636287074","error":""},"_links":{"self":[{"href":"https:\/\/www.europesays.com\/fr\/wp-json\/wp\/v2\/posts\/451491","targetHints":{"allow":["GET"]}}],"collection":[{"href":"https:\/\/www.europesays.com\/fr\/wp-json\/wp\/v2\/posts"}],"about":[{"href":"https:\/\/www.europesays.com\/fr\/wp-json\/wp\/v2\/types\/post"}],"author":[{"embeddable":true,"href":"https:\/\/www.europesays.com\/fr\/wp-json\/wp\/v2\/users\/2"}],"replies":[{"embeddable":true,"href":"https:\/\/www.europesays.com\/fr\/wp-json\/wp\/v2\/comments?post=451491"}],"version-history":[{"count":0,"href":"https:\/\/www.europesays.com\/fr\/wp-json\/wp\/v2\/posts\/451491\/revisions"}],"wp:featuredmedia":[{"embeddable":true,"href":"https:\/\/www.europesays.com\/fr\/wp-json\/wp\/v2\/media\/451492"}],"wp:attachment":[{"href":"https:\/\/www.europesays.com\/fr\/wp-json\/wp\/v2\/media?parent=451491"}],"wp:term":[{"taxonomy":"category","embeddable":true,"href":"https:\/\/www.europesays.com\/fr\/wp-json\/wp\/v2\/categories?post=451491"},{"taxonomy":"post_tag","embeddable":true,"href":"https:\/\/www.europesays.com\/fr\/wp-json\/wp\/v2\/tags?post=451491"}],"curies":[{"name":"wp","href":"https:\/\/api.w.org\/{rel}","templated":true}]}}