{"id":451497,"date":"2025-10-10T02:50:12","date_gmt":"2025-10-10T02:50:12","guid":{"rendered":"https:\/\/www.europesays.com\/fr\/451497\/"},"modified":"2025-10-10T02:50:12","modified_gmt":"2025-10-10T02:50:12","slug":"cette-chanson-est-completement-irrespectueuse-la-star-de-la-country-zach-bryan-irrite-ladministration-trump","status":"publish","type":"post","link":"https:\/\/www.europesays.com\/fr\/451497\/","title":{"rendered":"\u00ab\u00a0Cette chanson est compl\u00e8tement irrespectueuse\u00a0\u00bb, la star de la country Zach Bryan irrite l&rsquo;administration Trump"},"content":{"rendered":"<p>Zach Bryan, figure majeure de la musique country aux Etats-Unis et v\u00e9t\u00e9ran de l&rsquo;arm\u00e9e am\u00e9ricaine, est devenu la cible improbable des foudres du gouvernement am\u00e9ricain, \u00e0 cause d&rsquo;une nouvelle chanson o\u00f9 il critique l&rsquo;action de la police de l&rsquo;immigration (ICE).<\/p>\n<p>Zach Bryan remplit les stades gr\u00e2ce \u00e0 un genre habituellement pris\u00e9 des conservateurs am\u00e9ricains. Le chanteur de 29 ans a r\u00e9cemment post\u00e9 l&rsquo;extrait d&rsquo;un nouveau titre sur Instagram, o\u00f9 il chante que la police anti-immigration \u00ab\u00a0ICE va venir d\u00e9foncer ta porte\u00a0\u00bb et que \u00ab\u00a0les enfants sont tous effray\u00e9s et tous seuls\u00a0\u00bb.<\/p>\n<blockquote class=\"embed embed_quote\"><p>\u00ab\u00a0J&rsquo;esp\u00e8re qu&rsquo;il comprend \u00e0 quel point cette chanson est compl\u00e8tement irrespectueuse, non seulement envers les forces de l&rsquo;ordre mais aussi envers ce pays\u00a0\u00bb, a r\u00e9agi la ministre am\u00e9ricaine \u00e0 la S\u00e9curit\u00e9 int\u00e9rieure Kristi Noem, interrog\u00e9e sur le sujet par un influenceur de droite.<\/p><\/blockquote>\n<p>Une porte-parole du minist\u00e8re a \u00e9galement sugg\u00e9r\u00e9 au chanteur de \u00ab\u00a0s&rsquo;en tenir \u00e0 Pink Skies\u00a0\u00bb, un titre o\u00f9 il exprimait sa fiert\u00e9 pour sa ville natale. Le minist\u00e8re a \u00e9galement moqu\u00e9 l&rsquo;artiste sur X en publiant une vid\u00e9o o\u00f9 des agents d&rsquo;ICE arr\u00eatent des migrants, avec en bande sonore une autre de ses chansons.<\/p>\n<p>Une bataille culturelle<\/p>\n<p>Zach Bryan, qui a servi sept ans dans la marine am\u00e9ricaine et dont les parents sont tous deux d&rsquo;anciens militaires, a balay\u00e9 mardi les critiques sur sa nouvelle chanson, intitul\u00e9e Bad News, qui refl\u00e8te selon lui son amour pour son pays.<\/p>\n<blockquote class=\"embed embed_quote\"><p>\u00ab\u00a0Voir \u00e0 quel point [la chanson] a fait tout un remue-m\u00e9nage me rend non seulement embarrass\u00e9 mais aussi un peu effray\u00e9\u00a0\u00bb, a expliqu\u00e9 l&rsquo;artiste sur Instagram.<\/p><\/blockquote>\n<p>\u00ab\u00a0Lorsque vous entendrez le reste de la chanson, vous comprendrez le contexte complet qui critique les deux c\u00f4t\u00e9s\u00a0\u00bb, la gauche, comme la droite. \u00ab\u00a0Pour \u00eatre clair, je ne suis d&rsquo;aucun des deux c\u00f4t\u00e9s radicaux.\u00a0\u00bb<\/p>\n<p>Cette pol\u00e9mique est une nouvelle \u00e9tape dans la bataille culturelle \u00e0 laquelle se livre le gouvernement de Donald Trump.<\/p>\n<p>La Maison Blanche a r\u00e9cemment critiqu\u00e9 la nouvelle saison de la s\u00e9rie South Park, tr\u00e8s critique envers le pr\u00e9sident am\u00e9ricain et sa volont\u00e9 d&rsquo;expulser des millions d&rsquo;immigr\u00e9s en situation irr\u00e9guli\u00e8re.<\/p>\n<p>La semaine derni\u00e8re, plusieurs figures de la droite am\u00e9ricaine ont \u00e9galement critiqu\u00e9 le choix de la star hispanique Bad Bunny pour assurer le concert du Super Bowl 2026.<\/p>\n<p>La ministre Kristi Noem a promis que la police de l&rsquo;immigration surveillera la finale du championnat de football am\u00e9ricain, \u00e0 cause de la pr\u00e9sence du chanteur portoricain pour assurer le concert de la mi-temps.<\/p>\n","protected":false},"excerpt":{"rendered":"Zach Bryan, figure majeure de la musique country aux Etats-Unis et v\u00e9t\u00e9ran de l&rsquo;arm\u00e9e am\u00e9ricaine, est devenu la&hellip;\n","protected":false},"author":2,"featured_media":451498,"comment_status":"","ping_status":"","sticky":false,"template":"","format":"standard","meta":{"footnotes":""},"categories":[8],"tags":[58,59,1011,27],"class_list":{"0":"post-451497","1":"post","2":"type-post","3":"status-publish","4":"format-standard","5":"has-post-thumbnail","7":"category-divertissement","8":"tag-divertissement","9":"tag-entertainment","10":"tag-fr","11":"tag-france"},"share_on_mastodon":{"url":"https:\/\/pubeurope.com\/@fr\/115347601735290842","error":""},"_links":{"self":[{"href":"https:\/\/www.europesays.com\/fr\/wp-json\/wp\/v2\/posts\/451497","targetHints":{"allow":["GET"]}}],"collection":[{"href":"https:\/\/www.europesays.com\/fr\/wp-json\/wp\/v2\/posts"}],"about":[{"href":"https:\/\/www.europesays.com\/fr\/wp-json\/wp\/v2\/types\/post"}],"author":[{"embeddable":true,"href":"https:\/\/www.europesays.com\/fr\/wp-json\/wp\/v2\/users\/2"}],"replies":[{"embeddable":true,"href":"https:\/\/www.europesays.com\/fr\/wp-json\/wp\/v2\/comments?post=451497"}],"version-history":[{"count":0,"href":"https:\/\/www.europesays.com\/fr\/wp-json\/wp\/v2\/posts\/451497\/revisions"}],"wp:featuredmedia":[{"embeddable":true,"href":"https:\/\/www.europesays.com\/fr\/wp-json\/wp\/v2\/media\/451498"}],"wp:attachment":[{"href":"https:\/\/www.europesays.com\/fr\/wp-json\/wp\/v2\/media?parent=451497"}],"wp:term":[{"taxonomy":"category","embeddable":true,"href":"https:\/\/www.europesays.com\/fr\/wp-json\/wp\/v2\/categories?post=451497"},{"taxonomy":"post_tag","embeddable":true,"href":"https:\/\/www.europesays.com\/fr\/wp-json\/wp\/v2\/tags?post=451497"}],"curies":[{"name":"wp","href":"https:\/\/api.w.org\/{rel}","templated":true}]}}