{"id":451501,"date":"2025-10-10T02:52:18","date_gmt":"2025-10-10T02:52:18","guid":{"rendered":"https:\/\/www.europesays.com\/fr\/451501\/"},"modified":"2025-10-10T02:52:18","modified_gmt":"2025-10-10T02:52:18","slug":"verisure-signe-lintroduction-en-bourse-la-plus-forte-a-stockholm-depuis-25-ans","status":"publish","type":"post","link":"https:\/\/www.europesays.com\/fr\/451501\/","title":{"rendered":"Verisure signe l\u2019introduction en Bourse la plus forte \u00e0 Stockholm depuis 25 ans"},"content":{"rendered":"<p>                    <b>Le g\u00e9ant de la s\u00e9curit\u00e9 Verisure a lev\u00e9 3,2 milliards d\u2019euros lors de son entr\u00e9e \u00e0 la Bourse de Stockholm, signant la plus grosse IPO sur le march\u00e9 su\u00e9dois depuis l\u2019an 2000. Ce succ\u00e8s t\u00e9moigne d\u2019un engouement croissant pour les solutions de s\u00e9curit\u00e9 domestique.<\/b><\/p>\n<p>                                                                                                                                                        <img decoding=\"async\" src=\"https:\/\/www.europesays.com\/fr\/wp-content\/uploads\/2025\/10\/00a34b9146_verisure-signe-l-introduction-en-bourse-la-plus-forte-a-stockholm-depuis-25-ans.webp.webp\" alt=\"Verisure signe l\u2019introduction en Bourse la plus forte \u00e0 Stockholm depuis 25 ans\" width=\"1200\" height=\"801\" loading=\"lazy\"\/>        <\/p>\n<p>Une IPO record pour un secteur en pleine expansion<\/p>\n<p>Ce mercredi 8 octobre, Verisure a fait son grand retour sur les march\u00e9s financiers. Cot\u00e9e \u00e0 la Bourse de Stockholm, l\u2019entreprise a vu le cours de son action grimper de 10 % d\u00e8s l\u2019ouverture, d\u00e9passant bri\u00e8vement les 20 % de hausse en cours de journ\u00e9e. \u00c0 l\u2019arriv\u00e9e\u00a0: <b>3,2 milliards d\u2019euros lev\u00e9s<\/b> et une valorisation \u00e0 13,7 milliards. C\u2019est la plus grosse introduction en Bourse sur le Nasdaq su\u00e9dois depuis celle de Telia en 2000, et la plus importante en Europe depuis Porsche en 2022.<\/p>\n<p>                                                                                                                                                        <img decoding=\"async\" src=\"https:\/\/www.europesays.com\/fr\/wp-content\/uploads\/2025\/10\/a0da0108b6_verisure-signe-l-introduction-en-bourse-la-plus-forte-a-stockholm-depuis-25-ans.webp.webp\" alt=\"Verisure signe l\u2019introduction en Bourse la plus forte \u00e0 Stockholm depuis 25 ans\" width=\"1200\" height=\"800\" loading=\"lazy\"\/>        <\/p>\n<p>Verisure, un mod\u00e8le d\u2019abonnement qui rassure les investisseurs<\/p>\n<p>Fond\u00e9e en 1988 en Su\u00e8de, Verisure s\u2019est sp\u00e9cialis\u00e9e dans les <a href=\"https:\/\/www.mac4ever.com\/domotique\/188451-le-detecteur-de-fumee-netatmo-compatible-homekit-en-promo-a-27\" target=\"_blank\" rel=\"noopener\">alarmes<\/a> connect\u00e9es, cam\u00e9ras de surveillance, capteurs de mouvement et autres dispositifs de s\u00e9curit\u00e9 pour les particuliers et petites entreprises. Son mod\u00e8le repose sur des <b>abonnements mensuels<\/b>, ce qui assure un revenu stable. Aujourd\u2019hui, avec 5,5 millions de clients et plus de 3,4 milliards d\u2019euros de chiffre d\u2019affaires annuel, la soci\u00e9t\u00e9 fait figure de poids lourd dans un march\u00e9 qui s\u2019\u00e9largit.<\/p>\n<p>La s\u00e9curit\u00e9 connect\u00e9e, un march\u00e9 qui se d\u00e9mocratise<\/p>\n<p><a href=\"https:\/\/www.mac4ever.com\/domotique\/181962-les-cameras-de-securite-sans-abonnement-netatmo-interieur-exterieur-en-mega-promo\" target=\"_blank\" rel=\"noopener\">Cam\u00e9ras<\/a> \u00e0 installer soi-m\u00eame, d\u00e9tecteurs connect\u00e9s ou serrures intelligentes\u00a0: la s\u00e9curit\u00e9 \u00e0 domicile n\u2019est plus r\u00e9serv\u00e9e aux entreprises ou aux maisons de luxe. La demande a explos\u00e9 ces derni\u00e8res ann\u00e9es, port\u00e9e par une <b>offre plus abordable<\/b> et la banalisation des objets connect\u00e9s dans les foyers. Verisure surfe clairement sur cette tendance, avec des solutions cl\u00e9 en main, vendues sous forme de packs coupl\u00e9s \u00e0 une surveillance 24h\/24. Mais vous le savez, il existe aussi de nombreuses solutions et produits propos\u00e9s sans abonnement, qu\u2019on vous teste r\u00e9guli\u00e8rement ici.<\/p>\n<p>Stockholm, place forte des IPO europ\u00e9ennes<\/p>\n<p>Avec cette op\u00e9ration, Stockholm confirme son statut de <b>place financi\u00e8re dynamique<\/b>. En 2025, cinq IPO y ont d\u00e9j\u00e0 eu lieu, pour un total de 1,9 milliard d\u2019euros, contre seulement 5 milliards sur l\u2019ensemble des autres march\u00e9s europ\u00e9ens. La culture financi\u00e8re locale, en particulier l\u2019implication forte des particuliers, favorise ce dynamisme. Verisure est m\u00eame la 31e soci\u00e9t\u00e9 introduite cette ann\u00e9e sur le Nasdaq nordique.<\/p>\n<p>                                                                                                                                                        <img decoding=\"async\" src=\"https:\/\/www.europesays.com\/fr\/wp-content\/uploads\/2025\/10\/e0edd85a38_verisure-signe-l-introduction-en-bourse-la-plus-forte-a-stockholm-depuis-25-ans.webp.webp\" alt=\"Verisure signe l\u2019introduction en Bourse la plus forte \u00e0 Stockholm depuis 25 ans\" width=\"1200\" height=\"801\" loading=\"lazy\"\/>        <\/p>\n<p>        On en dit quoi\u00a0?<\/p>\n<p>L\u2019introduction de Verisure coche toutes les cases\u00a0: une marque bien connue, un secteur en pleine croissance, et un mod\u00e8le \u00e9conomique solide. Elle montre aussi un changement plus large dans les usages\u00a0: <b>prot\u00e9ger sa maison<\/b> devient aussi banal qu\u2019avoir du Wi-Fi. La question d\u00e9sormais, c\u2019est de voir si ce boom se maintiendra dans un contexte \u00e9conomique incertain. Et vous, votre maison est d\u00e9j\u00e0 \u00e9quip\u00e9e de dispositifs de <a href=\"https:\/\/www.mac4ever.com\/domotique\/188100-philips-hue-prepare-discretement-une-nouvelle-sonnette-connectee\" target=\"_blank\" rel=\"noopener\">s\u00e9curit\u00e9<\/a> connect\u00e9s\u00a0?<\/p>\n","protected":false},"excerpt":{"rendered":"Le g\u00e9ant de la s\u00e9curit\u00e9 Verisure a lev\u00e9 3,2 milliards d\u2019euros lors de son entr\u00e9e \u00e0 la Bourse&hellip;\n","protected":false},"author":2,"featured_media":451502,"comment_status":"","ping_status":"","sticky":false,"template":"","format":"standard","meta":{"footnotes":""},"categories":[6],"tags":[35,33,34,1011,27,57719],"class_list":{"0":"post-451501","1":"post","2":"type-post","3":"status-publish","4":"format-standard","5":"has-post-thumbnail","7":"category-economie","8":"tag-business","9":"tag-economie","10":"tag-economy","11":"tag-fr","12":"tag-france","13":"tag-verisure"},"share_on_mastodon":{"url":"https:\/\/pubeurope.com\/@fr\/115347610190577910","error":""},"_links":{"self":[{"href":"https:\/\/www.europesays.com\/fr\/wp-json\/wp\/v2\/posts\/451501","targetHints":{"allow":["GET"]}}],"collection":[{"href":"https:\/\/www.europesays.com\/fr\/wp-json\/wp\/v2\/posts"}],"about":[{"href":"https:\/\/www.europesays.com\/fr\/wp-json\/wp\/v2\/types\/post"}],"author":[{"embeddable":true,"href":"https:\/\/www.europesays.com\/fr\/wp-json\/wp\/v2\/users\/2"}],"replies":[{"embeddable":true,"href":"https:\/\/www.europesays.com\/fr\/wp-json\/wp\/v2\/comments?post=451501"}],"version-history":[{"count":0,"href":"https:\/\/www.europesays.com\/fr\/wp-json\/wp\/v2\/posts\/451501\/revisions"}],"wp:featuredmedia":[{"embeddable":true,"href":"https:\/\/www.europesays.com\/fr\/wp-json\/wp\/v2\/media\/451502"}],"wp:attachment":[{"href":"https:\/\/www.europesays.com\/fr\/wp-json\/wp\/v2\/media?parent=451501"}],"wp:term":[{"taxonomy":"category","embeddable":true,"href":"https:\/\/www.europesays.com\/fr\/wp-json\/wp\/v2\/categories?post=451501"},{"taxonomy":"post_tag","embeddable":true,"href":"https:\/\/www.europesays.com\/fr\/wp-json\/wp\/v2\/tags?post=451501"}],"curies":[{"name":"wp","href":"https:\/\/api.w.org\/{rel}","templated":true}]}}