{"id":451505,"date":"2025-10-10T02:54:09","date_gmt":"2025-10-10T02:54:09","guid":{"rendered":"https:\/\/www.europesays.com\/fr\/451505\/"},"modified":"2025-10-10T02:54:09","modified_gmt":"2025-10-10T02:54:09","slug":"jean-louis-borloo-olivier-faure-un-jean-castex-bis-les-hypotheses-pour-le-poste-de-premier-ministre","status":"publish","type":"post","link":"https:\/\/www.europesays.com\/fr\/451505\/","title":{"rendered":"Jean-Louis Borloo, Olivier Faure, un Jean Castex bis&#8230; Les hypoth\u00e8ses pour le poste de Premier ministre"},"content":{"rendered":"<p>            Par<br \/>\n        <strong><br \/>\n            <a href=\"https:\/\/actu.fr\/auteur\/lea-giandomenico\" title=\"Consulter tous les articles de L\u00e9a Giandomenico\" target=\"_blank\" rel=\"noopener\">L\u00e9a Giandomenico<\/a><br \/>\n        <\/strong><\/p>\n<p>        Publi\u00e9 le<\/p>\n<p>            9 oct. 2025 \u00e0 20h22        <\/p>\n<p>Tic-tac tic-tac. Plus que 24 heures avant la fin de <a href=\"https:\/\/actu.fr\/politique\/un-nouveau-premier-ministre-dans-les-48-prochaines-heures-pour-sebastien-lecornu-c-est-possible_63274762.html\" target=\"_blank\" rel=\"noopener\">la deadline pos\u00e9e par Emmanuel Macron pour trouver enfin un Premier ministre<\/a> qui fasse consensus. Et toujours <strong>aucun nom qui ne se d\u00e9gage clairement<\/strong>. Une certitude cependant : il tranchera d\u2019ici vendredi 10 octobre au soir, comme il l\u2019a fait savoir mercredi, apr\u00e8s <a href=\"https:\/\/actu.fr\/politique\/premier-ministre-de-gauche-dissolution-suivez-les-annonces-de-sebastien-lecornu-au-20-heures-de-france-2_63271919.html\" target=\"_blank\" rel=\"noopener\">l\u2019intervention t\u00e9l\u00e9vis\u00e9e de S\u00e9bastien Lecornu.<\/a><\/p>\n<p class=\" wall-content\">L\u2019\u00e9quation n\u2019est pas simple : le PS veut une cohabitation avec un Premier ministre de gauche, la France Insoumise promet de censurer \u00ab\u00a0tout gouvernement de grande coalition\u00a0\u00bb, le RN est cat\u00e9gorique et censurera \u00ab\u00a0tous les gouvernements jusqu\u2019\u00e0 obtenir la dissolution\u00a0\u00bb, selon sa cheffe de file Marine Le Pen. Et du c\u00f4t\u00e9 de LR, c\u2019est non \u00e0 un Premier ministre de gauche ou macroniste, a fait savoir Bruno Retailleau. <strong>Quel schmilblick. Alors qui Emmanuel Macron va-t-il sortir de son chapeau ? <\/strong><\/p>\n<p>Bernard Cazeneuve, le retour ?<\/p>\n<p class=\" wall-content\">Un ancien Premier ministre pour sortir Emmanuel Macron de l\u2019orni\u00e8re ? C\u2019est en tout cas ce qui se murmurait en d\u00e9but de semaine au sujet de <a href=\"https:\/\/actu.fr\/tag\/bernard-cazeneuve\" target=\"_blank\" rel=\"noopener\">Bernard Cazeneuve<\/a>. L\u2019ex-chef de gouvernement sous Fran\u00e7ois Hollande et ancien maire de Cherbourg a \u00e9t\u00e9 l\u2019un des premiers \u00e0 r\u00e9agir \u00e0 la d\u00e9mission de S\u00e9bastien Lecornu.<\/p>\n<p class=\" wall-content\">\u00ab\u00a0Nous devons collectivement aux Fran\u00e7aises et aux Fran\u00e7ais une solution \u00e0 leur hauteur. Un sursaut.\u00a0\u00bb Un \u00ab\u00a0nous\u00a0\u00bb pour s\u2019inviter dans la partie ? En tout cas, il est vu par certains observateurs de la vie politique, comme <strong>l\u2019homme providentiel qui pourrait sauver la situation.<\/strong><\/p>\n<p class=\" wall-content\">\u00ab\u00a0Cette premi\u00e8re option d\u2019<strong>une personnalit\u00e9 qui rassemblerait la droite et la gauche<\/strong> peut s\u2019entendre, mais bon, \u00e7a me semble difficile\u00a0\u00bb, balaie Mathilde Philip-Gay, constitutionnaliste \u00e0 l\u2019Universit\u00e9 de Lyon Jean-Moulin, jointe par actu.fr.<\/p>\n<p class=\" wall-content\">Son profil n\u2019est, en effet, pas du go\u00fbt de tout le monde : les \u00c9cologistes ne veulent pas d\u2019un homme qui soutient la gauche de mani\u00e8re incertaine. Bernard Cazeneuve a quitt\u00e9 le PS en 2022 apr\u00e8s l\u2019accord du parti avec la France Insoumise, pour les l\u00e9gislatives post-dissolution.<\/p>\n<p class=\" wall-content\">Et la pr\u00e9sidente des d\u00e9put\u00e9s \u00c9cologistes, Cyrielle Chatelain, a pr\u00e9cis\u00e9 que le groupe politique voulait \u00ab\u00a0un Premier ministre, qui, lors des \u00e9lections l\u00e9gislatives, a \u00e9t\u00e9 en campagne au nom de la gauche et des \u00e9cologistes et qui a eu le soutien des Fran\u00e7ais. Donc<strong> pas Bernard Cazeneuve.<\/strong>\u00a0\u00bb\u00a0<\/p>\n<p>Votre r\u00e9gion, votre actu !<\/p>\n<p>Recevez chaque jour les infos qui comptent pour vous.<\/p>\n<p>\t<a href=\"https:\/\/actu.fr\/newsletter\" class=\"ac-btn ac-btn--corner ac-btn--medium ac-btn--blue800\" target=\"_blank\" rel=\"noopener\">S&rsquo;incrire<\/a><br \/>\nLe cas Jean-Louis Borloo<\/p>\n<p class=\" wall-content\">Les rumeurs allaient bon train, ce jeudi 9 octobre au matin, sur la participation de <a href=\"https:\/\/actu.fr\/tag\/jean-louis-borloo\" target=\"_blank\" rel=\"noopener\">Jean-Louis Borloo<\/a> \u00e0 un nouveau gouvernement. On le pressentait m\u00eame Premier ministre.<\/p>\n<p class=\" wall-content\">Celui qu\u2019on dit \u00ab\u00a0ni de droite ni de gauche\u00a0\u00bb pourrait correspondre au portrait-robot dress\u00e9 nuitamment par un strat\u00e8ge macroniste, comme le rapporte Politico dans sa newsletter : il pourrait \u00ab\u00a0parler \u00e0 la gauche\u00a0\u00bb, \u00ab\u00a0incarner un gouvernement d\u00e9pr\u00e9sidentialis\u00e9\u00a0\u00bb, n\u2019\u00eatre \u00ab\u00a0pas aussi ouvertement un lieutenant d\u2019Emmanuel Macron\u00a0\u00bb que S\u00e9bastien Lecornu.\u00a0<\/p>\n<p class=\" wall-content\">L\u2019ancien ministre sous Jacques Chirac et Nicolas Sarkozy, aujourd\u2019hui \u00e2g\u00e9 de 74 ans, a longtemps \u00e9t\u00e9 maire de Valenciennes et a fond\u00e9 l\u2019Union des D\u00e9mocrates et Ind\u00e9pendants (UDI).<\/p>\n<p class=\" wall-content\">\u00ab\u00a0Borloo est une hypoth\u00e8se, c\u2019est le seul qui n\u2019a rien \u00e0 perdre\u00a0\u00bb, soulignait une source proche d\u2019Emmanuel Macron ce jeudi matin. Mais, interrog\u00e9 par l\u2019AFP, le principal int\u00e9ress\u00e9 a d\u00e9menti la rumeur. <strong>\u00ab\u00a0J\u2019ignore absolument tout\u00a0\u00bb,<\/strong> a-t-il d\u00e9clar\u00e9, assurant n\u2019avoir \u00ab\u00a0aucun\u00a0\u00bb contact avec l\u2019entourage du Pr\u00e9sident.<\/p>\n<p class=\" wall-content\">Et puis il faut dire que cette forte personnalit\u00e9 n\u2019a pas les meilleures relations avec le chef de l\u2019\u00c9tat, qui avait s\u00e8chement retoqu\u00e9 en 2018 son rapport sur le devenir de la politique de la Ville.\u00a0<\/p>\n<p>Un Jean Castex bis<\/p>\n<p class=\" wall-content\">Puisque gauche et droite bataillent pour un nom qui convienne \u00e0 chaque camp, l\u2019hypoth\u00e8se d\u2019un gouvernement technique se dessine aussi. C\u2019est-\u00e0-dire un gouvernement avec, \u00e0 sa t\u00eate, un Premier ministre qui ne soit pas partisan : \u00a0quelqu\u2019un qui est issu de la soci\u00e9t\u00e9 civile donc, un haut fonctionnaire ou un expert dans un domaine pr\u00e9cis, <a href=\"https:\/\/actu.fr\/politique\/bientot-un-nouveau-premier-ministre-c-est-quoi-ce-gouvernement-technique-qui-pourrait-sauver-emmanuel-macron_63275567.html\" target=\"_blank\" rel=\"noopener\">comme nous l\u2019expliquions dans cet article.<\/a><\/p>\n<blockquote class=\"ac-article-quote wall-content\">\n<p>C&rsquo;est l&rsquo;option d\u2019un Jean Castex bis, c&rsquo;est-\u00e0-dire une personnalit\u00e9 qui n\u2019est pas connue mais qui pourrait tenir le r\u00f4le de grand argentier, qui aurait eu des fonctions financi\u00e8res, ou bien un cadre de la fonction publique, un haut fonctionnaire\u2026<\/p>\n<p>    <strong>Mathilde Philip-Gay<\/strong><br \/>\n        Professeure de droit constitutionnel    <\/p><\/blockquote>\n<p class=\" wall-content\">\u00ab\u00a0Quelqu\u2019un qui ne peut pas \u00eatre contestable, sans position politique\u00a0\u00bb, donc, r\u00e9sume la constitutionnaliste.<\/p>\n<p class=\" wall-content\">Rappelons-nous, <a href=\"https:\/\/actu.fr\/politique\/remaniement-qui-est-jean-castex-le-nouveau-premier-ministre_34704827.html\" target=\"_blank\" rel=\"noopener\">Jean Castex, inconnu au bataillon \u00e0 sa nomination en 2020<\/a>, avait quitt\u00e9 les R\u00e9publicains et la mairie de Prades pour prendre la fonction de Premier ministre. Le haut-fonctionnaire, \u00ab\u00a0redoutable d\u2019efficacit\u00e9\u00a0\u00bb, de droite, mais jamais ministre jusqu\u2019alors, avait \u00e9t\u00e9 appel\u00e9 le \u00ab\u00a0monsieur d\u00e9confinement\u00a0\u00bb de l\u2019ex\u00e9cutif.\u00a0<\/p>\n<p>Un vieux briscard de la politique<\/p>\n<p class=\" wall-content\">Reste aussi \u00e0 Emmanuel Macron l\u2019option d\u2019un vieux loup de mer de la politique. Et l\u2019on entend par l\u00e0 les personnes \u00ab\u00a0un peu \u00e2g\u00e9es de la politique, par l\u2019exp\u00e9rience\u00a0\u00bb, nous souffle Mathilde Philip-Gay.<\/p>\n<p class=\" wall-content\">C\u2019est le pari qu\u2019avait pris le chef de l\u2019\u00c9tat avec <a href=\"https:\/\/actu.fr\/tag\/michel-barnier\" target=\"_blank\" rel=\"noopener\">Michel Barnier<\/a> et <a href=\"https:\/\/actu.fr\/tag\/francois-bayrou\" target=\"_blank\" rel=\"noopener\">Fran\u00e7ois Bayrou,<\/a> les deux hommes de droite et du centre, r\u00e9cemment pass\u00e9s par Matignon, ayant tous deux de longues carri\u00e8res politiques derri\u00e8re eux. \u00ab\u00a0Mais je ne le sens pas du tout, regardez, avec eux \u00e7a n\u2019a pas fonctionn\u00e9\u00a0\u00bb, poursuit la constitutionnaliste.\u00a0<\/p>\n<p class=\" wall-content\">Et en effet, les deux hommes politiques n\u2019ont pas r\u00e9ussi \u00e0 relever les d\u00e9fis qui s\u2019imposaient \u00e0 eux : faire des \u00e9conomies dans une France endett\u00e9e. <a href=\"https:\/\/actu.fr\/politique\/direct-motion-de-censure-adoptee-demission-du-gouvernement-barnier-suivez-cette-journee-politique_61959053.html\" target=\"_blank\" rel=\"noopener\">Le premier a \u00e9t\u00e9 renvers\u00e9<\/a> apr\u00e8s la censure du gouvernement et trois mois seulement \u00e0 Matignon,\u00a0et le deuxi\u00e8me a d\u00e9missionn\u00e9 quand il n\u2019a <a href=\"https:\/\/actu.fr\/politique\/vote-de-confiance-sans-surprise-francois-bayrou-se-fait-balayer-par-les-deputes-et-prend-la-porte_63128564.html\" target=\"_blank\" rel=\"noopener\">pas r\u00e9ussi \u00e0 obtenir la confiance de l\u2019Assembl\u00e9e nationale lors du vote qu\u2019il avait lui-m\u00eame demand\u00e9<\/a> en septembre.\u00a0<\/p>\n<p>La gauche \u00e0 Matignon ?<\/p>\n<p class=\" wall-content\">L\u2019hypoth\u00e8se de la gauche \u00e0 Matignon a vite \u00e9t\u00e9 \u00e9clips\u00e9e, et pourtant elle a bel et bien \u00e9t\u00e9 \u00e9voqu\u00e9e en d\u00e9but de semaine. C\u2019est m\u00eame S\u00e9bastien Lecornu lui-m\u00eame qui l\u2019avait expos\u00e9e, le nom d\u2019<a href=\"https:\/\/actu.fr\/ile-de-france\/savigny-le-temple_77445\/seine-et-marne-tacticien-rigoureux-apparatchik-olivier-faure-vu-par-ses-proches-et-ses-opposants_63203487.html\" target=\"_blank\" rel=\"noopener\">Olivier Faure, patron du PS<\/a> circulant encore mardi 7 octobre. Mais soyons honn\u00eates : m\u00eame les socialistes n\u2019y croyaient plus hier, rapporte Politico dans sa newsletter.<\/p>\n<p class=\" wall-content\">Un cadre du PS, proche d\u2019Olivier Faure, le premier secr\u00e9taire, le glissait au m\u00e9dia ce mercredi apr\u00e8s-midi : \u00ab\u00a0Au fond de nous, on pense qu\u2019Emmanuel Macron ne fera pas \u00e7a, \u00e7a appara\u00eetrait pour lui comme l\u2019ultime d\u00e9faite. Fondamentalement, ceux qui l\u2019entourent continuent \u00e0 penser qu\u2019on est des zozos un peu irresponsables.\u00a0\u00bb<\/p>\n<p class=\" wall-content\">Pourtant, Olivier Faure, qui demandait au pr\u00e9alable la <strong>suspension de la r\u00e9forme des retraites<\/strong> comme condition de son entr\u00e9e \u00e0 Matignon, avait ensuite r\u00e9trop\u00e9dal\u00e9, pour simplement demander de \u00ab\u00a0remettre le dossier au Parlement\u00a0\u00bb. Pas s\u00fbr que cela prenne du c\u00f4t\u00e9 de la Macronie.<\/p>\n<p>S\u00e9bastien Lecornu reconduit ?<\/p>\n<p class=\" wall-content\">Ce n\u2019est pas l\u2019hypoth\u00e8se la plus probante, et le principal int\u00e9ress\u00e9 ne veut plus du poste, mais il y a un monde o\u00f9 <a href=\"https:\/\/actu.fr\/politique\/demission-de-sebastien-lecornu-les-raisons-qui-ont-pousse-le-premier-ministre-a-abandonner-le-navire_63260883.html\" target=\"_blank\" rel=\"noopener\">S\u00e9bastien Lecornu, pourtant d\u00e9missionnaire<\/a>, est reconduit.<\/p>\n<p class=\" wall-content\">Juridiquement en tout cas, c\u2019est possible, nous confirmait encore la professeure de droit constitutionnel Mathilde Philip-Gay. \u00ab\u00a0C\u2019est ce qu\u2019a fait le g\u00e9n\u00e9ral De Gaulle en 1962 avec Georges Pompidou, apr\u00e8s que le gouvernement a \u00e9t\u00e9 renvers\u00e9\u00a0\u00bb, nous glisse la sp\u00e9cialiste.<\/p>\n<p class=\" wall-content\">Si S\u00e9bastien Lecornu assure ne pas \u00ab\u00a0courir apr\u00e8s le job\u00a0\u00bb et avoir \u00ab\u00a0termin\u00e9\u00a0\u00bb sa \u00ab\u00a0mission\u00a0\u00bb, plusieurs responsables politiques pr\u00eataient mercredi 8 octobre \u00e0 Emmanuel Macron la tentation de reconduire celui qui se d\u00e9crit comme un \u00ab\u00a0moine soldat\u00a0\u00bb, au risque d\u2019ulc\u00e9rer les oppositions qui ne cessent de fustiger \u00ab\u00a0l\u2019ent\u00eatement\u00a0\u00bb du chef de l\u2019\u00c9tat.<\/p>\n<p class=\" wall-content\">Mais le Premier ministre d\u00e9missionnaire a estim\u00e9 que le prochain locataire de Matignon devra \u00ab\u00a0s\u2019\u00e9loigner de la Macronie pour donner une assurance aux Fran\u00e7ais (et) que le message envoy\u00e9 par les Fran\u00e7ais lors des l\u00e9gislatives et des partielles soit respect\u00e9\u00a0\u00bb, rapporte l\u2019AFP.<\/p>\n<p class=\" wall-content\">Personnalisez votre actualit\u00e9 en ajoutant vos villes et m\u00e9dias en favori avec <a href=\"https:\/\/moncompte.actu.fr\" title=\"D\u00e9couvez Mon Actu\" rel=\"nofollow noopener\" data-trk=\"{&quot;cta&quot;:{&quot;action&quot;:&quot;https:\\\/\\\/moncompte.actu.fr&quot;,&quot;category&quot;:&quot;mon compte&quot;,&quot;from&quot;:&quot;article footer&quot;,&quot;name&quot;:&quot;Mon actu&quot;,&quot;type&quot;:&quot;cta&quot;}}\" target=\"_blank\">Mon Actu<\/a>.<\/p>\n","protected":false},"excerpt":{"rendered":"Par L\u00e9a Giandomenico Publi\u00e9 le 9 oct. 2025 \u00e0 20h22 Tic-tac tic-tac. Plus que 24 heures avant la&hellip;\n","protected":false},"author":2,"featured_media":451506,"comment_status":"","ping_status":"","sticky":false,"template":"","format":"standard","meta":{"footnotes":""},"categories":[4],"tags":[11,57720,1073,1011,27,12,316,25,11067],"class_list":{"0":"post-451505","1":"post","2":"type-post","3":"status-publish","4":"format-standard","5":"has-post-thumbnail","7":"category-france","8":"tag-actualites","9":"tag-bernard-cazeneuve","10":"tag-emmanuel-macron","11":"tag-fr","12":"tag-france","13":"tag-news","14":"tag-politique","15":"tag-republique-francaise","16":"tag-sebastien-lecornu"},"share_on_mastodon":{"url":"https:\/\/pubeurope.com\/@fr\/115347617494325431","error":""},"_links":{"self":[{"href":"https:\/\/www.europesays.com\/fr\/wp-json\/wp\/v2\/posts\/451505","targetHints":{"allow":["GET"]}}],"collection":[{"href":"https:\/\/www.europesays.com\/fr\/wp-json\/wp\/v2\/posts"}],"about":[{"href":"https:\/\/www.europesays.com\/fr\/wp-json\/wp\/v2\/types\/post"}],"author":[{"embeddable":true,"href":"https:\/\/www.europesays.com\/fr\/wp-json\/wp\/v2\/users\/2"}],"replies":[{"embeddable":true,"href":"https:\/\/www.europesays.com\/fr\/wp-json\/wp\/v2\/comments?post=451505"}],"version-history":[{"count":0,"href":"https:\/\/www.europesays.com\/fr\/wp-json\/wp\/v2\/posts\/451505\/revisions"}],"wp:featuredmedia":[{"embeddable":true,"href":"https:\/\/www.europesays.com\/fr\/wp-json\/wp\/v2\/media\/451506"}],"wp:attachment":[{"href":"https:\/\/www.europesays.com\/fr\/wp-json\/wp\/v2\/media?parent=451505"}],"wp:term":[{"taxonomy":"category","embeddable":true,"href":"https:\/\/www.europesays.com\/fr\/wp-json\/wp\/v2\/categories?post=451505"},{"taxonomy":"post_tag","embeddable":true,"href":"https:\/\/www.europesays.com\/fr\/wp-json\/wp\/v2\/tags?post=451505"}],"curies":[{"name":"wp","href":"https:\/\/api.w.org\/{rel}","templated":true}]}}