{"id":451523,"date":"2025-10-10T03:08:31","date_gmt":"2025-10-10T03:08:31","guid":{"rendered":"https:\/\/www.europesays.com\/fr\/451523\/"},"modified":"2025-10-10T03:08:31","modified_gmt":"2025-10-10T03:08:31","slug":"grenoble-ecarte-nicolas-nadau-son-remplacant-deja-connu","status":"publish","type":"post","link":"https:\/\/www.europesays.com\/fr\/451523\/","title":{"rendered":"Grenoble \u00e9carte Nicolas Nadau, son rempla\u00e7ant d\u00e9j\u00e0 connu"},"content":{"rendered":"<p style=\"text-align: justify;\"><strong>TRANSFERTS \u2013 Le FC Grenoble a annonc\u00e9 le d\u00e9part avec effet imm\u00e9diat de Nicolas Nadau, entra\u00eeneur des trois-quarts de l\u2019\u00e9quipe premi\u00e8re.<\/strong><\/p>\n<p style=\"text-align: justify;\">Mis \u00e0 pied il y a quelques jours suite \u00e0 des mots d\u00e9plac\u00e9s envers un m\u00e9decin lors de la rencontre entre <strong>Grenoble<\/strong> et <strong>Brive<\/strong>, <strong>Nicolas Nadau<\/strong> a finalement \u00e9t\u00e9 d\u00e9finitivement \u00e9cart\u00e9 par ses dirigeants. Alors qu\u2019un doute planait sur son avenir au club, un communiqu\u00e9 a \u00e9t\u00e9 publi\u00e9 en fin de journ\u00e9e mercredi :<\/p>\n<blockquote>\n<p style=\"text-align: justify;\">Le FC Grenoble Rugby annonce avoir pris la d\u00e9cision de mettre un terme \u00e0 sa collaboration avec Nicolas Nadau, entra\u00eeneur des trois-quarts. Le club ne fera pas d\u2019autre commentaire \u00e0 ce sujet et communiquera prochainement sur la r\u00e9organisation de son staff sportif.<\/p>\n<\/blockquote>\n<p><a href=\"https:\/\/dicodusport.fr\/blog\/fc-grenoble-nicolas-nadau-mis-a-pied-les-joueurs-menacent-de-faire-greve\/\" class=\"vlp-link\" title=\"FC Grenoble : Nicolas Nadau mis \u00e0 pied, les joueurs menacent de faire gr\u00e8ve\" target=\"_blank\" rel=\"noopener\"><img loading=\"lazy\" decoding=\"async\" style=\"max-width: 792px;\" width=\"792\" height=\"445\" class=\"attachment-800x445 size-800x445 perfmatters-lazy\" alt=\"FC Grenoble : Nicolas Nadau mis \u00e0 pied, les joueurs menacent de faire gr\u00e8ve\" src=\"https:\/\/www.europesays.com\/fr\/wp-content\/uploads\/2025\/10\/FC-Grenoble-Nicolas-Nadau-mis-a-pied-les-joueurs-menacent-de-faire-greve.png\"  data-\/><\/p>\n<p>FC Grenoble : Nicolas Nadau mis \u00e0 pied, les joueurs menacent de faire gr\u00e8ve<\/p>\n<p>Nicolas Nadau, entra\u00eeneur de Grenoble, a \u00e9t\u00e9 mis \u00e0 pied par ses dirigeants. En r\u00e9action, les joueurs menacent de faire gr\u00e8ve, avant la r\u00e9ception de Provence.<\/p>\n<p>Lire l&rsquo;article<\/p>\n<p>dicodusport.fr<\/p>\n<p>Nicolas Nadau \u00e0 l\u2019USAP ?<\/p>\n<p style=\"text-align: justify;\">Les dirigeants grenoblois n\u2019auront donc pas voulu s\u2019\u00e9pancher sur le sujet. <strong>Nicolas<\/strong> <strong>Nadau<\/strong> se retrouve sur le march\u00e9 et pourrait d\u00e9j\u00e0 avoir retrouv\u00e9 un poste. Il est pressenti pour rejoindre l\u2019<strong>USAP,<\/strong> qui vient de se s\u00e9parer de <strong>David<\/strong> <strong>Marty<\/strong> apr\u00e8s un d\u00e9but de saison catastrophique.<\/p>\n<p style=\"text-align: justify;\">De son c\u00f4t\u00e9, Grenoble aurait d\u00e9j\u00e0 trouv\u00e9 le rempla\u00e7ant de <strong>Nicolas Nadau<\/strong>. <strong>Jeff<\/strong> <strong>Dubois<\/strong>, sans club depuis son d\u00e9part de Dax, devrait rejoindre le club is\u00e9rois pour les deux prochaines saisons selon le Midi Olympique. Il aurait m\u00eame une troisi\u00e8me ann\u00e9e en option dans le bail qu\u2019il doit signer dans les heures \u00e0 venir.<\/p>\n<p>\u00c0 lire aussi<br \/>\n<a href=\"https:\/\/dicodusport.fr\/blog\/transferts-toulon-a-tranche-pour-lavenir-de-baptiste-serin-et-ben-white\/\" class=\"vlp-link\" title=\"Transferts : Toulon a tranch\u00e9 pour l&#039;avenir de Baptiste Serin et Ben White\" target=\"_blank\" rel=\"noopener\"><img loading=\"lazy\" decoding=\"async\" style=\"max-width: 792px;\" width=\"792\" height=\"445\" class=\"attachment-800x445 size-800x445 perfmatters-lazy\" alt=\"Transferts Toulon a tranch\u00e9 pour l'avenir de Baptiste Serin et Ben White\" src=\"https:\/\/www.europesays.com\/fr\/wp-content\/uploads\/2025\/10\/Transferts-Toulon-a-tranche-pour-lavenir-de-Baptiste-Serin-et-Ben-White.png\"  data-\/><\/p>\n<p>Transferts : Toulon a tranch\u00e9 pour l&rsquo;avenir de Baptiste Serin et Ben White<\/p>\n<p>TRANSFERTS RUGBY &#8211; Baptiste Serin et le RC Toulon, l&rsquo;histoire devrait se poursuivre. Le demi de m\u00eal\u00e9e international devrait prolonger la semaine prochaine dans le Var, comme son comparse Ben White.\u00a0<\/p>\n<p>Lire l&rsquo;article<\/p>\n<p>dicodusport.fr<\/p>\n","protected":false},"excerpt":{"rendered":"TRANSFERTS \u2013 Le FC Grenoble a annonc\u00e9 le d\u00e9part avec effet imm\u00e9diat de Nicolas Nadau, entra\u00eeneur des trois-quarts&hellip;\n","protected":false},"author":2,"featured_media":451524,"comment_status":"","ping_status":"","sticky":false,"template":"","format":"standard","meta":{"footnotes":""},"categories":[9566],"tags":[1111,11,2430,2113,1777,674,1011,27,2731,12,56089,25,478,477],"class_list":{"0":"post-451523","1":"post","2":"type-post","3":"status-publish","4":"format-standard","5":"has-post-thumbnail","7":"category-grenoble","8":"tag-actu","9":"tag-actualites","10":"tag-auvergne-rhone-alpes","11":"tag-breve","12":"tag-eu","13":"tag-europe","14":"tag-fr","15":"tag-france","16":"tag-grenoble","17":"tag-news","18":"tag-nicolas-nadau","19":"tag-republique-francaise","20":"tag-top-14","21":"tag-transferts-rugby"},"share_on_mastodon":{"url":"https:\/\/pubeurope.com\/@fr\/115347673380048371","error":""},"_links":{"self":[{"href":"https:\/\/www.europesays.com\/fr\/wp-json\/wp\/v2\/posts\/451523","targetHints":{"allow":["GET"]}}],"collection":[{"href":"https:\/\/www.europesays.com\/fr\/wp-json\/wp\/v2\/posts"}],"about":[{"href":"https:\/\/www.europesays.com\/fr\/wp-json\/wp\/v2\/types\/post"}],"author":[{"embeddable":true,"href":"https:\/\/www.europesays.com\/fr\/wp-json\/wp\/v2\/users\/2"}],"replies":[{"embeddable":true,"href":"https:\/\/www.europesays.com\/fr\/wp-json\/wp\/v2\/comments?post=451523"}],"version-history":[{"count":0,"href":"https:\/\/www.europesays.com\/fr\/wp-json\/wp\/v2\/posts\/451523\/revisions"}],"wp:featuredmedia":[{"embeddable":true,"href":"https:\/\/www.europesays.com\/fr\/wp-json\/wp\/v2\/media\/451524"}],"wp:attachment":[{"href":"https:\/\/www.europesays.com\/fr\/wp-json\/wp\/v2\/media?parent=451523"}],"wp:term":[{"taxonomy":"category","embeddable":true,"href":"https:\/\/www.europesays.com\/fr\/wp-json\/wp\/v2\/categories?post=451523"},{"taxonomy":"post_tag","embeddable":true,"href":"https:\/\/www.europesays.com\/fr\/wp-json\/wp\/v2\/tags?post=451523"}],"curies":[{"name":"wp","href":"https:\/\/api.w.org\/{rel}","templated":true}]}}