{"id":451526,"date":"2025-10-10T03:10:15","date_gmt":"2025-10-10T03:10:15","guid":{"rendered":"https:\/\/www.europesays.com\/fr\/451526\/"},"modified":"2025-10-10T03:10:15","modified_gmt":"2025-10-10T03:10:15","slug":"le-centre-ferme-rennes-ne-traitera-plus-les-cheques-en-septembre-2027","status":"publish","type":"post","link":"https:\/\/www.europesays.com\/fr\/451526\/","title":{"rendered":"Le centre ferme, Rennes ne traitera plus les ch\u00e8ques en septembre\u00a02027"},"content":{"rendered":"<p>Le paiement par ch\u00e8que n\u2019a plus la cote.<a href=\"https:\/\/rennes.maville.com\/actu\/actudet_-fin-du-cheque-pour-payer-impots-et-amendes-le-centre-d-encaissement-de-rennes-craint-la-fermeture-_52674-6925106_actu.Htm\" target=\"_blank\" rel=\"noopener\"> La fermeture du centre d\u2019encaissement de Rennes, qui traite encore 8,6\u00a0millions de ch\u00e8ques par an, \u00e9tait dans les cartons<\/a>. Elle vient d\u2019\u00eatre confirm\u00e9e, de source syndicale, pour septembre\u00a02027 par le minist\u00e8re des Finances.<\/p>\n<p>Une mauvaise nouvelle pour la cinquantaine de salari\u00e9s que relativise n\u00e9anmoins la CFDT Finances publiques d\u2019Ille-et-Vilaine. <strong>\u00ab\u00a0On ne peut se f\u00e9liciter de la disparition d\u2019un service public, <\/strong>estime Anth\u00e9a Martinez, la secr\u00e9taire d\u00e9partementale du syndicat. <strong>Mais, le renouvellement des machines vieillissantes aurait co\u00fbt\u00e9 extr\u00eamement cher. Si conserver l\u2019usine rennaise avait du sens dans le cadre d\u2019une r\u00e9industrialisation du pays, la maintenir n\u2019aurait pas \u00e9t\u00e9 raisonnable dans le contexte \u00e9conomique actuel. Les salari\u00e9s, eux, sont des fonctionnaires d\u2019\u00c9tat \u00e0 qui des postes, dans le d\u00e9partement, vont \u00eatre propos\u00e9s. Ils devront \u00eatre reclass\u00e9s, form\u00e9s \u00e0 de nouveaux m\u00e9tiers. \u00c0 nous, syndicat, de les accompagner dans cette reconversion.\u00a0\u00bb<\/strong><\/p>\n<p>Le paiement par ch\u00e8que restera possible<\/p>\n<p>Pour la CFDT, la situation aurait pu \u00eatre pire. <strong>\u00ab\u00a0Nous \u00e9vitons la privatisation, <\/strong>se r\u00e9jouit Anth\u00e9a Martinez. <strong>Apr\u00e8s fermeture, l\u2019activit\u00e9 des centres d\u2019encaissement de Lille et Cr\u00e9teil avait \u00e9t\u00e9 transf\u00e9r\u00e9e \u00e0 un op\u00e9rateur priv\u00e9. Les r\u00e9sultats ne sont pas satisfaisants. Dans le cas de Rennes, l\u2019abandon du traitement industriel des ch\u00e8ques ne signifie pas la fin de ce mode de paiement. L\u2019activit\u00e9 sera red\u00e9ploy\u00e9e vers des centres des imp\u00f4ts\u2026 La direction g\u00e9n\u00e9rale des finances publiques va donc garder la main.\u00a0\u00bb<\/strong><\/p>\n<p>Les particuliers, apr\u00e8s septembre\u00a02027, pourront donc continuer \u00e0 payer par ch\u00e8ques leurs imp\u00f4ts, leurs amendes, la cantine du petit ou l\u2019Ehpad de la grand-m\u00e8re\u2026<\/p>\n<p>\u00a0<\/p>\n","protected":false},"excerpt":{"rendered":"Le paiement par ch\u00e8que n\u2019a plus la cote. La fermeture du centre d\u2019encaissement de Rennes, qui traite encore&hellip;\n","protected":false},"author":2,"featured_media":451527,"comment_status":"","ping_status":"","sticky":false,"template":"","format":"standard","meta":{"footnotes":""},"categories":[2821],"tags":[21202,1111,11,829,3335,57722,1777,674,9095,1011,27,12,584,25,395,57721],"class_list":{"0":"post-451526","1":"post","2":"type-post","3":"status-publish","4":"format-standard","5":"has-post-thumbnail","7":"category-rennes","8":"tag-21202","9":"tag-actu","10":"tag-actualites","11":"tag-bretagne","12":"tag-centre","13":"tag-cheques","14":"tag-eu","15":"tag-europe","16":"tag-ferme","17":"tag-fr","18":"tag-france","19":"tag-news","20":"tag-rennes","21":"tag-republique-francaise","22":"tag-septembre","23":"tag-traitera"},"share_on_mastodon":{"url":"https:\/\/pubeurope.com\/@fr\/115347680670430466","error":""},"_links":{"self":[{"href":"https:\/\/www.europesays.com\/fr\/wp-json\/wp\/v2\/posts\/451526","targetHints":{"allow":["GET"]}}],"collection":[{"href":"https:\/\/www.europesays.com\/fr\/wp-json\/wp\/v2\/posts"}],"about":[{"href":"https:\/\/www.europesays.com\/fr\/wp-json\/wp\/v2\/types\/post"}],"author":[{"embeddable":true,"href":"https:\/\/www.europesays.com\/fr\/wp-json\/wp\/v2\/users\/2"}],"replies":[{"embeddable":true,"href":"https:\/\/www.europesays.com\/fr\/wp-json\/wp\/v2\/comments?post=451526"}],"version-history":[{"count":0,"href":"https:\/\/www.europesays.com\/fr\/wp-json\/wp\/v2\/posts\/451526\/revisions"}],"wp:featuredmedia":[{"embeddable":true,"href":"https:\/\/www.europesays.com\/fr\/wp-json\/wp\/v2\/media\/451527"}],"wp:attachment":[{"href":"https:\/\/www.europesays.com\/fr\/wp-json\/wp\/v2\/media?parent=451526"}],"wp:term":[{"taxonomy":"category","embeddable":true,"href":"https:\/\/www.europesays.com\/fr\/wp-json\/wp\/v2\/categories?post=451526"},{"taxonomy":"post_tag","embeddable":true,"href":"https:\/\/www.europesays.com\/fr\/wp-json\/wp\/v2\/tags?post=451526"}],"curies":[{"name":"wp","href":"https:\/\/api.w.org\/{rel}","templated":true}]}}