{"id":451528,"date":"2025-10-10T03:11:17","date_gmt":"2025-10-10T03:11:17","guid":{"rendered":"https:\/\/www.europesays.com\/fr\/451528\/"},"modified":"2025-10-10T03:11:17","modified_gmt":"2025-10-10T03:11:17","slug":"a-strasbourg-une-manifestation-samedi-11-octobre-pour-la-requisition-de-la-tour-europe","status":"publish","type":"post","link":"https:\/\/www.europesays.com\/fr\/451528\/","title":{"rendered":"\u00c0 Strasbourg, une manifestation samedi 11 octobre pour la r\u00e9quisition de la tour Europe"},"content":{"rendered":"<p class=\"wp-block-post-excerpt__excerpt\">Samedi 11 octobre \u00e0 11h, un rassemblement est organis\u00e9 place Kl\u00e9ber par le comit\u00e9 Droit Au Logement 67 pour demander la r\u00e9quisition de logements vides, dont la tour Europe vide depuis plusieurs ann\u00e9es. <\/p>\n<p class=\"font-sans\">\n\t\t\tCet article est en acc\u00e8s libre. Pour soutenir Rue89 Strasbourg,<br \/>\n\t\t\t<a class=\"underline\" href=\"https:\/\/www.rue89strasbourg.com\/abonnement\" rel=\"nofollow noopener\" target=\"_blank\">abonnez-vous<\/a>.\n\t\t<\/p>\n<p>Nicolas Thomas<\/p>\n<p>Publi\u00e9 le 9 octobre 2025\u00a0\u00a0\u00b7\u00a0\u00a0<\/p>\n<p>Imprim\u00e9 le 10 octobre 2025 \u00e0 04h26\u00a0\u00a0\u00b7\u00a0\u00a0<\/p>\n<p>\t\t\t\t\t2\u00a0minutes\n<\/p>\n<p>Alors que des familles peinent \u00e0 se loger et que des centaines de personnes sont sans domicile fixe dans l\u2019agglom\u00e9ration strasbourgeoise, des milliers d\u2019appartements priv\u00e9s restent vacants. C\u2019est contre cette absurdit\u00e9 que se mobilisent le <a href=\"https:\/\/www.instagram.com\/droitaulogement_67\/\" rel=\"nofollow noopener\" target=\"_blank\">comit\u00e9 Droit au logement 67<\/a>\u00a0(DAL67) et plusieurs organisations et collectifs locaux. \u00c0 leur initiative, un rassemblement\u00a0se tiendra\u00a0samedi 11 octobre \u00e0 11h, place Kl\u00e9ber. Il s\u2019inscrit dans <a href=\"https:\/\/www.droitaulogement.org\/2025\/09\/80-ans-de-la-loi-de-requisition-mobilisations-partout-en-france\/\" rel=\"nofollow noopener\" target=\"_blank\">la campagne nationale\u00a0Action R\u00e9quisition<\/a>, lanc\u00e9e par le DAL \u00e0 l\u2019occasion des\u00a080 ans\u00a0de l\u2019ordonnance de r\u00e9quisition. Des rendez-vous auront \u00e9galement lieu \u00e0 Grenoble, Lille, Nantes, Toulouse et dans plusieurs villes de la r\u00e9gion parisienne.<\/p>\n<p><a href=\"https:\/\/www.rue89strasbourg.com\/la-newsletter\" rel=\"nofollow noopener\" target=\"_blank\"><img loading=\"lazy\" decoding=\"async\" width=\"1940\" height=\"500\" src=\"https:\/\/www.europesays.com\/fr\/wp-content\/uploads\/2025\/09\/banner-desktop-970x250-1.png\" alt=\"\" class=\"wp-image-360885\" style=\"object-fit:cover;width:970px;height:250px\"  \/><\/a><\/p>\n<p>La tour Europe, symbole d\u2019une aberration<\/p>\n<p>Au-dessus du centre commercial des Halles, <a href=\"https:\/\/www.rue89strasbourg.com\/strasbourg-halles-tour-europe-vide-338190\" rel=\"nofollow noopener\" target=\"_blank\">la tour Europe concentre les critiques<\/a>. 14 des 17 \u00e9tages de l\u2019\u00e9difice sont inoccup\u00e9s. Des milliers de m\u00e8tres carr\u00e9s restent ainsi vides en plein c\u0153ur de Strasbourg, commune de l\u2019Eurom\u00e9tropole qui concentre le plus de sans-abris. Sylwan, membre du DAL67, rappelle que ce b\u00e2timent est au c\u0153ur des revendications du comit\u00e9 local :<\/p>\n<blockquote class=\"wp-block-quote is-layout-flow wp-block-quote-is-layout-flow\">\n<p>\u00ab\u00a0La tour Europe, en plein centre-ville, est le symbole de cette vacance. Ce n\u2019est pas la solution id\u00e9ale, ce sont des locaux professionnels, mais c\u2019est une solution d\u2019urgence. On peut y mettre des centaines de personnes \u00e0 l\u2019abri rapidement.\u00a0\u00bb<\/p>\n<\/blockquote>\n<p>Au-del\u00e0 de ce cas, les organisateurs veulent rappeler ce que permet la loi de 1945 : la r\u00e9quisition provisoire de biens durablement vacants pour loger des sans-abri et des m\u00e9nages mal log\u00e9s, avec indemnisation du propri\u00e9taire. Si le texte n\u2019oblige pas les autorit\u00e9s \u00e0 r\u00e9quisitionner, il leur en donne la possibilit\u00e9. \u00ab\u00a0Nous voulons mettre les autorit\u00e9s devant leurs responsabilit\u00e9s et leur pouvoir d\u2019agir\u00a0\u00bb, insiste Sylwan, rappelant qu\u2019en 2024, <a href=\"https:\/\/site.ldh-france.org\/troyes-et-aube\/plus-de-850-personnes-sans-domicile-fixe-morts-en-2024-selon-le-collectif-les-morts-de-la-rue\/\" rel=\"nofollow noopener\" target=\"_blank\">850 personnes \u00e0 la rue sont d\u00e9c\u00e9d\u00e9es en France<\/a>.<\/p>\n<p>\t\tUn mouvement qui veut durer<\/p>\n<p>Samedi, \u00e0 partir de 11h, un stand d\u2019information et des prises de parole sont pr\u00e9vus sur la place Kl\u00e9ber. Les organisateurs souhaitent informer le public sur la situation du sans-abrisme \u00e0 Strasbourg. Ils esp\u00e8rent collecter des informations sur des immeubles et des b\u00e2timents vides pour constituer des dossiers en vue de r\u00e9quisitions.<\/p>\n<p>Mise \u00e0 l\u2019abri de toutes les personnes \u00e0 la rue, construction de logements \u00e0 bas loyer, fin de la vacance sp\u00e9culative\u2026 Les objectifs du DAL67 sont clairs. Sylwan conclut :<\/p>\n<blockquote class=\"wp-block-quote is-layout-flow wp-block-quote-is-layout-flow\">\n<p>\u00ab\u00a0L\u2019objectif est surtout de lancer un mouvement dans la dur\u00e9e, d\u2019\u00e9tablir un rapport de force pour que mairies et pr\u00e9fectures appliquent la loi. Il faut montrer que juridiquement, il est possible de r\u00e9quisitionner les logements vacants.\u00a0\u00bb<\/p>\n<\/blockquote>\n<p>Y <strong>aller<\/strong><\/p>\n<p><strong>Rassemblement contre le mal-logement et pour la r\u00e9quisition des logements vides<\/strong>, samedi 11 octobre \u00e0 11h, place Kl\u00e9ber, \u00e0 Strasbourg \u2013 centre-ville.<\/p>\n<p><script async src=\"\/\/www.instagram.com\/embed.js\"><\/script><\/p>\n","protected":false},"excerpt":{"rendered":"Samedi 11 octobre \u00e0 11h, un rassemblement est organis\u00e9 place Kl\u00e9ber par le comit\u00e9 Droit Au Logement 67&hellip;\n","protected":false},"author":2,"featured_media":451529,"comment_status":"","ping_status":"","sticky":false,"template":"","format":"standard","meta":{"footnotes":""},"categories":[2820],"tags":[1111,11,1777,674,1011,27,775,12,3919,25,3910,640],"class_list":{"0":"post-451528","1":"post","2":"type-post","3":"status-publish","4":"format-standard","5":"has-post-thumbnail","7":"category-strasbourg","8":"tag-actu","9":"tag-actualites","10":"tag-eu","11":"tag-europe","12":"tag-fr","13":"tag-france","14":"tag-grand-est","15":"tag-news","16":"tag-rassemblement","17":"tag-republique-francaise","18":"tag-sdf","19":"tag-strasbourg"},"share_on_mastodon":{"url":"https:\/\/pubeurope.com\/@fr\/115347684959164697","error":""},"_links":{"self":[{"href":"https:\/\/www.europesays.com\/fr\/wp-json\/wp\/v2\/posts\/451528","targetHints":{"allow":["GET"]}}],"collection":[{"href":"https:\/\/www.europesays.com\/fr\/wp-json\/wp\/v2\/posts"}],"about":[{"href":"https:\/\/www.europesays.com\/fr\/wp-json\/wp\/v2\/types\/post"}],"author":[{"embeddable":true,"href":"https:\/\/www.europesays.com\/fr\/wp-json\/wp\/v2\/users\/2"}],"replies":[{"embeddable":true,"href":"https:\/\/www.europesays.com\/fr\/wp-json\/wp\/v2\/comments?post=451528"}],"version-history":[{"count":0,"href":"https:\/\/www.europesays.com\/fr\/wp-json\/wp\/v2\/posts\/451528\/revisions"}],"wp:featuredmedia":[{"embeddable":true,"href":"https:\/\/www.europesays.com\/fr\/wp-json\/wp\/v2\/media\/451529"}],"wp:attachment":[{"href":"https:\/\/www.europesays.com\/fr\/wp-json\/wp\/v2\/media?parent=451528"}],"wp:term":[{"taxonomy":"category","embeddable":true,"href":"https:\/\/www.europesays.com\/fr\/wp-json\/wp\/v2\/categories?post=451528"},{"taxonomy":"post_tag","embeddable":true,"href":"https:\/\/www.europesays.com\/fr\/wp-json\/wp\/v2\/tags?post=451528"}],"curies":[{"name":"wp","href":"https:\/\/api.w.org\/{rel}","templated":true}]}}