{"id":451536,"date":"2025-10-10T03:15:14","date_gmt":"2025-10-10T03:15:14","guid":{"rendered":"https:\/\/www.europesays.com\/fr\/451536\/"},"modified":"2025-10-10T03:15:14","modified_gmt":"2025-10-10T03:15:14","slug":"municipales-le-non-de-laurence-garnier-au-barrage-face-au-rn-fait-reagir","status":"publish","type":"post","link":"https:\/\/www.europesays.com\/fr\/451536\/","title":{"rendered":"Municipales. Le \u00ab\u00a0non\u00a0\u00bb de Laurence Garnier au barrage face au RN fait r\u00e9agir"},"content":{"rendered":"<p><strong>\u00ab\u00a0Il y a eu une forme de confiscation d\u00e9mocratique quand on a expliqu\u00e9 aux Fran\u00e7ais qu\u2019il fallait faire barrage au Rassemblement national. Quand on proc\u00e8de \u00e0 cette forme de confiscation, rien de bon ne peut sortir.\u00a0\u00bb<\/strong> La phrase, sur Europe 1, mercredi soir, de <a href=\"https:\/\/nantes.maville.com\/actu\/actudet_-exclusif.-laurence-garnier-patronne-de-la-droite-a-nantes-ne-sera-pas-tete-de-liste-aux-municipales-_8-6656431_actu.Htm\" target=\"_self\" rel=\"noopener\">Laurence Garnier, la s\u00e9natrice (Les r\u00e9publicains) et vice-pr\u00e9sidente du parti pr\u00e9sid\u00e9 par le ministre de l\u2019Int\u00e9rieur d\u00e9missionnaire Bruno Retailleau,<\/a> a fait des remous.<\/p>\n<p>Certains y voient les signes \u00e9vidents d\u2019une alliance avec le RN, sur le plan national, mais aussi \u00e0 Nantes, dans la perspective des municipales de mars. <strong>\u00ab\u00a0\u00c7a sent de plus en plus fort le rapprochement LR-RN. Il est loin le temps ou Les r\u00e9publicains parlaient du cordon sanitaire face \u00e0 l\u2019extr\u00eame droite\u00a0\u00bb,<\/strong> peut-on lire sur X. <strong>\u00ab\u00a0Ciotti n\u2019\u00e9tait qu\u2019un \u00e9claireur\u2026 L\u2019union des droites extr\u00eames est lanc\u00e9e\u00a0\u00bb,<\/strong> r\u00e9agit Franckie Trichet, \u00e9lu nantais de gauche, en charge notamment du num\u00e9rique.<\/p>\n<p>\u00ab\u00a0Rien \u00e0 voir avec le RN\u00a0\u00bb<\/p>\n<p>En marge de l\u2019Entretien politique, ce jeudi soir, sur T\u00e9l\u00e9Nantes et avec Ouest-France, la parlementaire persiste et signe, tout en pr\u00e9cisant ses propos, estimant qu\u2019il n\u2019y a aucune esp\u00e8ce d\u2019ambigu\u00eft\u00e9\u00a0: <strong>\u00ab\u00a0J\u2019ai d\u00e9j\u00e0 eu l\u2019occasion d\u2019exprimer cette id\u00e9e dans une tribune au Figaro. Ce n\u2019est absolument pas un appel \u00e0 l\u2019union des droites\u00a0; je n\u2019ai rien \u00e0 voir, \u00e9videmment, avec le Rassemblement national, un\u00a0parti que je combats.\u00a0\u00bb<\/strong><\/p>\n<p>L\u2019\u00e9lue nantaise campe sur cette ligne de cr\u00eate\u00a0: pas d\u2019alliance avec l\u2019extr\u00eame droite, pas de diabolisation non plus. Et pas, \u00e0 l\u2019entendre, d\u2019infantilisation des \u00e9lecteurs, qu\u2019elle estime <strong>\u00ab\u00a0assez intelligents\u00a0\u00bb<\/strong> pour ne pas avoir \u00e0 leur dire <strong>\u00ab\u00a0pour qui ils doivent voter\u00a0\u00bb.<\/strong> <strong>\u00ab\u00a0D\u2019ailleurs,<\/strong> constate-t-elle, <strong>c\u2019est contre-productif, \u00e7a fait cinquante ans qu\u2019on tape matin, midi et soir sur le RN, et \u00e7a fait cinquante ans qu\u2019il monte.\u00a0\u00bb<\/strong><\/p>\n<p>\u00a0<\/p>\n","protected":false},"excerpt":{"rendered":"\u00ab\u00a0Il y a eu une forme de confiscation d\u00e9mocratique quand on a expliqu\u00e9 aux Fran\u00e7ais qu\u2019il fallait faire&hellip;\n","protected":false},"author":2,"featured_media":451537,"comment_status":"","ping_status":"","sticky":false,"template":"","format":"standard","meta":{"footnotes":""},"categories":[2818],"tags":[1111,11,14760,1777,674,2823,21,1011,27,34022,35207,3554,766,12,2828,2636,11806,25,2848],"class_list":{"0":"post-451536","1":"post","2":"type-post","3":"status-publish","4":"format-standard","5":"has-post-thumbnail","7":"category-nantes","8":"tag-actu","9":"tag-actualites","10":"tag-barrage","11":"tag-eu","12":"tag-europe","13":"tag-face","14":"tag-fait","15":"tag-fr","16":"tag-france","17":"tag-garnier","18":"tag-laurence","19":"tag-municipales","20":"tag-nantes","21":"tag-news","22":"tag-non","23":"tag-pays-de-la-loire","24":"tag-reagir","25":"tag-republique-francaise","26":"tag-rn"},"share_on_mastodon":{"url":"https:\/\/pubeurope.com\/@fr\/115347700069730876","error":""},"_links":{"self":[{"href":"https:\/\/www.europesays.com\/fr\/wp-json\/wp\/v2\/posts\/451536","targetHints":{"allow":["GET"]}}],"collection":[{"href":"https:\/\/www.europesays.com\/fr\/wp-json\/wp\/v2\/posts"}],"about":[{"href":"https:\/\/www.europesays.com\/fr\/wp-json\/wp\/v2\/types\/post"}],"author":[{"embeddable":true,"href":"https:\/\/www.europesays.com\/fr\/wp-json\/wp\/v2\/users\/2"}],"replies":[{"embeddable":true,"href":"https:\/\/www.europesays.com\/fr\/wp-json\/wp\/v2\/comments?post=451536"}],"version-history":[{"count":0,"href":"https:\/\/www.europesays.com\/fr\/wp-json\/wp\/v2\/posts\/451536\/revisions"}],"wp:featuredmedia":[{"embeddable":true,"href":"https:\/\/www.europesays.com\/fr\/wp-json\/wp\/v2\/media\/451537"}],"wp:attachment":[{"href":"https:\/\/www.europesays.com\/fr\/wp-json\/wp\/v2\/media?parent=451536"}],"wp:term":[{"taxonomy":"category","embeddable":true,"href":"https:\/\/www.europesays.com\/fr\/wp-json\/wp\/v2\/categories?post=451536"},{"taxonomy":"post_tag","embeddable":true,"href":"https:\/\/www.europesays.com\/fr\/wp-json\/wp\/v2\/tags?post=451536"}],"curies":[{"name":"wp","href":"https:\/\/api.w.org\/{rel}","templated":true}]}}