{"id":451542,"date":"2025-10-10T03:18:19","date_gmt":"2025-10-10T03:18:19","guid":{"rendered":"https:\/\/www.europesays.com\/fr\/451542\/"},"modified":"2025-10-10T03:18:19","modified_gmt":"2025-10-10T03:18:19","slug":"bordeaux-part-a-la-chasse-aux-velos-epaves-et-na-que-des-retours-positifs-2","status":"publish","type":"post","link":"https:\/\/www.europesays.com\/fr\/451542\/","title":{"rendered":"Bordeaux\u00a0part \u00e0 la chasse aux v\u00e9los-\u00e9paves et \u00ab\u00a0n\u2019a que des retours positifs\u00a0\u00bb"},"content":{"rendered":"<p>Un petit coup de disqueuse et ce sont trois v\u00e9los en piteux \u00e9tat qui sont retir\u00e9s d\u2019un arceau devant l\u2019\u00e9cole Saint-Bruno, ce jeudi matin \u00e0 <a href=\"https:\/\/www.20minutes.fr\/bordeaux\/\" class=\"c-link c-link--is-underlined\" target=\"_blank\" rel=\"noopener\">Bordeaux<\/a>. \u00ab\u00a0On a d\u00e9gag\u00e9 quatre emplacements en deux minutes\u00a0\u00bb, constate David Mionnet, responsable du secteur centre au sein de la <a href=\"https:\/\/www.20minutes.fr\/dossier\/police_municipale\" class=\"c-link c-link--is-underlined\" target=\"_blank\" rel=\"noopener\">police municipale<\/a> de Bordeaux.<\/p>\n<p>Il n\u2019existe pas de d\u00e9compte exhaustif des deux-roues abandonn\u00e9s sur l\u2019espace publique dans la capitale girondine. Mais Marc Etcheverry, adjoint au maire en charge de la <a href=\"https:\/\/www.20minutes.fr\/societe\/securite\/\" class=\"c-link c-link--is-underlined\" target=\"_blank\" rel=\"noopener\">s\u00e9curit\u00e9<\/a>, estime qu\u2019ils repr\u00e9sentent \u00ab\u00a0plusieurs centaines de v\u00e9los \u00e0 l\u2019\u00e9chelle de la ville, avec des disparit\u00e9s g\u00e9ographiques puisque des concentrations existent principalement sur le centre, les secteurs Capucins-Victoire et celui de la gare\u00a0\u00bb.<\/p>\n<p>Les signalements peuvent \u00eatre r\u00e9alis\u00e9s par tout le monde mais les constats ne peuvent \u00eatre dress\u00e9s que par des agents asserment\u00e9s qui s\u2019assurent qu\u2019il manque un ou plusieurs \u00e9l\u00e9ments constitutifs du v\u00e9lo (selle, guidon,\u00a0etc.) ou qu\u2019il est manifestement v\u00e9tuste (recouvert de feuilles, poussi\u00e8re, \u00e0 plat,\u00a0etc.)<\/p>\n<p>Mont\u00e9e en puissance dans les mois qui viennent<\/p>\n<p>Le r\u00e9cent arr\u00eat\u00e9 municipal, qui encadre les enl\u00e8vements, vient combler une sorte de vide juridique et doit permettre d\u2019agir plus vite pour lib\u00e9rer des arceaux dans une ville o\u00f9 le nombre de cyclistes a augment\u00e9 de 43\u00a0% depuis\u00a02020. Le nombre d\u2019arceaux a \u00e9t\u00e9 doubl\u00e9 entre\u00a02020 et\u00a02024, passant de 9.450 \u00e0 17.350. Pourtant, il est des secteurs o\u00f9 les cyclistes sont contraints de se reporter sur les lampadaires ou autres mobiliers urbains.<\/p>\n<\/p>\n<p>\u00ab\u00a0Beaucoup de gens les consid\u00e8rent comme un garage\u00a0\u00bb, d\u00e9plore St\u00e9phane, agent de surveillance de la voie publique (ASVP). Depuis le 16\u00a0septembre, 112 ont \u00e9t\u00e9 identifi\u00e9s comme \u00ab\u00a0abandonn\u00e9s\u00a0\u00bb dans le seul quartier Saint-Bruno. Apr\u00e8s l\u2019apposition de stickers et la r\u00e9alisation de photos horodat\u00e9es, ces agents asserment\u00e9s laissent un mois aux propri\u00e9taires pour les r\u00e9cup\u00e9rer. Dans ce secteur, 13 l\u2019ont fait. Les 99 autres cycles vont \u00eatre enlev\u00e9s par les services de la m\u00e9tropole. Stock\u00e9s pendant un mois, ils sont ensuite confi\u00e9s \u00e0 une fili\u00e8re de valorisation, en lien avec<a href=\"https:\/\/www.ecologic-france.com\/\" rel=\"nofollow noopener\" target=\"_blank\" class=\"c-link c-link--is-underlined\"> l\u2019association Ecologic.<\/a><\/p>\n<p>Par un \u00ab\u00a0effet entonnoir\u00a0\u00bb au d\u00e9marrage, les signalements vont mettre un peu de temps \u00e0 \u00eatre trait\u00e9s. Mais \u00ab\u00a0au fur et \u00e0 mesure, la situation va s\u2019assainir\u00a0\u00bb, promet Marc Etcheverry. L\u2019id\u00e9e est de \u00ab\u00a0monter en puissance\u00a0\u00bb dans les prochains mois avec des interventions plusieurs fois par semaine. \u00ab\u00a0Il n\u2019y a rien de plus emb\u00eatant que quand on a du mal \u00e0 trouver un arceau avant de prendre un train\u00a0\u00bb, note l\u2019adjoint au maire. Les v\u00e9los abandonn\u00e9s donnent aussi l\u2019impression d\u2019une sorte de laisser-aller or \u00ab\u00a0le maire attache beaucoup d\u2019importance \u00e0 la bonne tenue de l\u2019espace public\u00a0\u00bb, souligne-t-il.<\/p>\n<p><a href=\"https:\/\/www.20minutes.fr\/dossier\/velo\" class=\"c-link c-btn c-btn--primary\" target=\"_blank\" rel=\"noopener\">Toutes nos infos sur le v\u00e9lo<\/a><\/p>\n<p>\u00ab\u00a0Beaucoup de requ\u00e9rants nous signalent des v\u00e9los et sont contents qu\u2019on intervienne, on n\u2019a que des retours positifs\u00a0\u00bb, s\u2019enthousiasme St\u00e9phane l\u2019ASVP. Et \u00e0 six mois des municipales, la majorit\u00e9 entend aussi soigner ses \u00e9lecteurs.<\/p>\n","protected":false},"excerpt":{"rendered":"Un petit coup de disqueuse et ce sont trois v\u00e9los en piteux \u00e9tat qui sont retir\u00e9s d\u2019un arceau&hellip;\n","protected":false},"author":2,"featured_media":451543,"comment_status":"","ping_status":"","sticky":false,"template":"","format":"standard","meta":{"footnotes":""},"categories":[2817],"tags":[1111,47,11,3177,1997,1777,674,1011,27,2905,1137,12,2219,25,104,6173,208],"class_list":{"0":"post-451542","1":"post","2":"type-post","3":"status-publish","4":"format-standard","5":"has-post-thumbnail","7":"category-bordeaux","8":"tag-actu","9":"tag-actualite","10":"tag-actualites","11":"tag-aquitaine","12":"tag-bordeaux","13":"tag-eu","14":"tag-europe","15":"tag-fr","16":"tag-france","17":"tag-gironde","18":"tag-mobilite","19":"tag-news","20":"tag-nouvelle-aquitaine","21":"tag-republique-francaise","22":"tag-societe","23":"tag-stationnement","24":"tag-velo"},"share_on_mastodon":{"url":"https:\/\/pubeurope.com\/@fr\/115347711860637995","error":""},"_links":{"self":[{"href":"https:\/\/www.europesays.com\/fr\/wp-json\/wp\/v2\/posts\/451542","targetHints":{"allow":["GET"]}}],"collection":[{"href":"https:\/\/www.europesays.com\/fr\/wp-json\/wp\/v2\/posts"}],"about":[{"href":"https:\/\/www.europesays.com\/fr\/wp-json\/wp\/v2\/types\/post"}],"author":[{"embeddable":true,"href":"https:\/\/www.europesays.com\/fr\/wp-json\/wp\/v2\/users\/2"}],"replies":[{"embeddable":true,"href":"https:\/\/www.europesays.com\/fr\/wp-json\/wp\/v2\/comments?post=451542"}],"version-history":[{"count":0,"href":"https:\/\/www.europesays.com\/fr\/wp-json\/wp\/v2\/posts\/451542\/revisions"}],"wp:featuredmedia":[{"embeddable":true,"href":"https:\/\/www.europesays.com\/fr\/wp-json\/wp\/v2\/media\/451543"}],"wp:attachment":[{"href":"https:\/\/www.europesays.com\/fr\/wp-json\/wp\/v2\/media?parent=451542"}],"wp:term":[{"taxonomy":"category","embeddable":true,"href":"https:\/\/www.europesays.com\/fr\/wp-json\/wp\/v2\/categories?post=451542"},{"taxonomy":"post_tag","embeddable":true,"href":"https:\/\/www.europesays.com\/fr\/wp-json\/wp\/v2\/tags?post=451542"}],"curies":[{"name":"wp","href":"https:\/\/api.w.org\/{rel}","templated":true}]}}