{"id":451544,"date":"2025-10-10T03:19:15","date_gmt":"2025-10-10T03:19:15","guid":{"rendered":"https:\/\/www.europesays.com\/fr\/451544\/"},"modified":"2025-10-10T03:19:15","modified_gmt":"2025-10-10T03:19:15","slug":"a-toulouse-france-travail-met-en-avant-la-territorialisation-de-son-action","status":"publish","type":"post","link":"https:\/\/www.europesays.com\/fr\/451544\/","title":{"rendered":"\u00c0 Toulouse, France Travail met en avant la territorialisation de son action"},"content":{"rendered":"<p>France Travail collabore de plus en plus et de mieux en mieux avec les collectivit\u00e9s locales et les acteurs des territoires. C\u2019est le message que veut faire passer l\u2019\u00e9tablissement public \u00e0 caract\u00e8re administratif en charge de l\u2019emploi \u00e0 l\u2019occasion de <a href=\"https:\/\/www.touleco.fr\/Bientot-reunies-a-Toulouse-les-intercommunalites-de-France-tres,48320\" class=\"spip_in\" target=\"_blank\" rel=\"noopener\">la convention d\u2019Intercommunalit\u00e9s de France<\/a>, qui a eu lieu cette ann\u00e9e \u00e0 Toulouse. La <a href=\"https:\/\/travail-emploi.gouv.fr\/la-loi-pour-le-plein-emploi\" class=\"spip_out\" rel=\"external noopener\" target=\"_blank\">loi pour le plein emploi<\/a> de 2023 a en effet institu\u00e9 des Comit\u00e9s locaux pour l\u2019emploi (CLPE), qui r\u00e9unissent repr\u00e9sentants de l\u2019\u00c9tat (pr\u00e9fecture), des collectivit\u00e9s locales (<a href=\"https:\/\/geoconfluences.ens-lyon.fr\/glossaire\/epci\" class=\"spip_out\" rel=\"external noopener\" target=\"_blank\">EPCI<\/a>, D\u00e9partement, R\u00e9gion) et des acteurs locaux de l\u2019emploi et du social. Le territoire a ainsi \u00e9t\u00e9 d\u00e9coup\u00e9 en 391 bassins de vie et 94\u00a0% de ces CLPE sont aujourd\u2019hui actifs.<\/p>\n<p>\u00ab\u00a0C\u2019est une v\u00e9ritable territorialisation de l\u2019action de France Travail. Au lieu d\u2019agir chacun en silo, les acteurs du social et de l\u2019emploi collaborent r\u00e9ellement en partant des besoins de chaque bassin \u00e9conomique. Dans le contexte politique actuel, c\u2019est bien de montrer que le salut peut venir d\u2019une coop\u00e9ration d\u2019acteurs divers qui ont un objectif commun et qui partent du terrain\u00a0\u00bb, estime Thibaut Guilly, directeur g\u00e9n\u00e9ral de France Travail.<\/p>\n<p>\u00ab\u00a0Les intercommunalit\u00e9s ont une comp\u00e9tence \u00e9conomique, les D\u00e9partements s\u2019occupent du social. En collaborant mieux ensemble, on peut offrir un accompagnement plus efficace et global aux demandeurs d\u2019emploi\u00a0\u00bb, consid\u00e8re Olivier Gacquerre, vice-pr\u00e9sident Intercommunalit\u00e9s de France en charge de l\u2019Emploi.<\/p>\n<p>\u00ab\u00a0Les acteurs des territoires se sont bien appropri\u00e9s les Comit\u00e9s locaux pour l\u2019emploi (CLPE)\u00a0\u00bb<\/p>\n<p>En Occitanie, sur le terrain, les premiers retours semblent positifs. \u00ab\u00a0Les acteurs locaux se sont bien appropri\u00e9s le dispositif. On sent que ce qui est organis\u00e9 ensemble est plus efficace. Nous avons par exemple mont\u00e9, cette ann\u00e9e, une journ\u00e9e autour des travailleurs handicap\u00e9s qui a r\u00e9ussi \u00e0 remettre dans une bonne dynamique des personnes parfois assez \u00e9loign\u00e9es du monde du travail. Aujourd\u2019hui, une vingtaine sont toujours engag\u00e9es dans un processus de formation ou de retour \u00e0 l\u2019emploi. Cela peut para\u00eetre peu dans l\u2019absolu, mais pour ce genre d\u2019initiative et pour ce type de public, c\u2019est vraiment un bon r\u00e9sultat\u00a0\u00bb, confie Catherine Guilbaudeau, directrice territoriale de France Travail dans les Hautes-Pyr\u00e9n\u00e9es\u00a0[<a href=\"#nb1\" class=\"spip_note\" rel=\"appendix\" title=\"Dans son secteur, trois CLPE (Arrondissement de Bagn\u00e8res-de-Bigorre,\u00a0(\u2026)\" id=\"nh1\">1<\/a>].<\/p>\n<p>\u00ab\u00a0L\u2019objectif est de cr\u00e9er une ad\u00e9quation entre besoin et demande d\u2019emplois dans chaque territoire. Nous travaillons dans mon d\u00e9partement en cr\u00e9ant des initiatives par grands secteurs d\u2019activit\u00e9s (tourisme, industrie, sant\u00e9, industries culturelles et cr\u00e9atives (ICC), etc.). Sur le tourisme, par exemple, nous avons vraiment avanc\u00e9 en dialoguant avec les Crous et les r\u00e9seaux de transport. La question du manque de logements et de transports \u00e9tait un vrai frein pour faire venir les saisonniers. Avec les comit\u00e9s locaux pour l\u2019emploi, les discussions sont facilit\u00e9es. Maintenant, c\u2019est \u00e0 chaque territoire de s\u2019emparer de son CLPE\u00a0\u00bb, conclut Laurent Paul, directeur de France Travail dans l\u2019H\u00e9rault\u00a0[<a href=\"#nb2\" class=\"spip_note\" rel=\"appendix\" title=\"Dans son secteur, trois CLPE (Arrondissement de Lod\u00e8ve, Arrondissement de\u00a0(\u2026)\" id=\"nh2\">2<\/a>]<br class=\"autobr\"\/><br \/>\nMatthias Hardoy<\/p>\n<p>Image d\u2019illustration. Cr\u00e9dit\u00a0: Freepik-Yanalya<\/p>\n<p>Notes<\/p>\n<p>[<a href=\"#nh1\" class=\"spip_note\" title=\"Notes 1\" rev=\"appendix\">1<\/a>]\u00a0Dans son secteur, trois CLPE (Arrondissement de Bagn\u00e8res-de-Bigorre, Arrondissement Argel\u00e8s-Gazost et Arrondissement de Tarbes).<\/p>\n<p>[<a href=\"#nh2\" class=\"spip_note\" title=\"Notes 2\" rev=\"appendix\">2<\/a>]\u00a0Dans son secteur, trois CLPE (Arrondissement de Lod\u00e8ve, Arrondissement de B\u00e9ziers et Arrondissement de Montpellier).<\/p>\n","protected":false},"excerpt":{"rendered":"France Travail collabore de plus en plus et de mieux en mieux avec les collectivit\u00e9s locales et les&hellip;\n","protected":false},"author":2,"featured_media":451545,"comment_status":"","ping_status":"","sticky":false,"template":"","format":"standard","meta":{"footnotes":""},"categories":[2816],"tags":[1111,11,20702,341,1777,674,1011,27,8688,12,2680,25,801,2312],"class_list":{"0":"post-451544","1":"post","2":"type-post","3":"status-publish","4":"format-standard","5":"has-post-thumbnail","7":"category-toulouse","8":"tag-actu","9":"tag-actualites","10":"tag-demandeur-demploi","11":"tag-emploi","12":"tag-eu","13":"tag-europe","14":"tag-fr","15":"tag-france","16":"tag-france-travail-occitanie","17":"tag-news","18":"tag-occitanie","19":"tag-republique-francaise","20":"tag-social","21":"tag-toulouse"},"share_on_mastodon":{"url":"https:\/\/pubeurope.com\/@fr\/115347715778622900","error":""},"_links":{"self":[{"href":"https:\/\/www.europesays.com\/fr\/wp-json\/wp\/v2\/posts\/451544","targetHints":{"allow":["GET"]}}],"collection":[{"href":"https:\/\/www.europesays.com\/fr\/wp-json\/wp\/v2\/posts"}],"about":[{"href":"https:\/\/www.europesays.com\/fr\/wp-json\/wp\/v2\/types\/post"}],"author":[{"embeddable":true,"href":"https:\/\/www.europesays.com\/fr\/wp-json\/wp\/v2\/users\/2"}],"replies":[{"embeddable":true,"href":"https:\/\/www.europesays.com\/fr\/wp-json\/wp\/v2\/comments?post=451544"}],"version-history":[{"count":0,"href":"https:\/\/www.europesays.com\/fr\/wp-json\/wp\/v2\/posts\/451544\/revisions"}],"wp:featuredmedia":[{"embeddable":true,"href":"https:\/\/www.europesays.com\/fr\/wp-json\/wp\/v2\/media\/451545"}],"wp:attachment":[{"href":"https:\/\/www.europesays.com\/fr\/wp-json\/wp\/v2\/media?parent=451544"}],"wp:term":[{"taxonomy":"category","embeddable":true,"href":"https:\/\/www.europesays.com\/fr\/wp-json\/wp\/v2\/categories?post=451544"},{"taxonomy":"post_tag","embeddable":true,"href":"https:\/\/www.europesays.com\/fr\/wp-json\/wp\/v2\/tags?post=451544"}],"curies":[{"name":"wp","href":"https:\/\/api.w.org\/{rel}","templated":true}]}}