{"id":451546,"date":"2025-10-10T03:20:17","date_gmt":"2025-10-10T03:20:17","guid":{"rendered":"https:\/\/www.europesays.com\/fr\/451546\/"},"modified":"2025-10-10T03:20:17","modified_gmt":"2025-10-10T03:20:17","slug":"toulouse-un-evenement-mondial-de-breakdance-debarque-aux-halles-de-la-cartoucherie","status":"publish","type":"post","link":"https:\/\/www.europesays.com\/fr\/451546\/","title":{"rendered":"Toulouse. Un \u00e9v\u00e8nement mondial de breakdance d\u00e9barque aux Halles de la Cartoucherie"},"content":{"rendered":"<p>            Par<br \/>\n        <strong><br \/>\n            <a href=\"https:\/\/actu.fr\/auteur\/gabriel-kenedi\" title=\"Consulter tous les articles de Gabriel Kenedi\" target=\"_blank\" rel=\"noopener\">Gabriel Kenedi<\/a><br \/>\n        <\/strong><\/p>\n<p>        Publi\u00e9 le<\/p>\n<p>            9 oct. 2025 \u00e0 18h02        <\/p>\n<p>Voil\u00e0 un \u00e9v\u00e9nement qui s\u2019annonce spectaculaire, forc\u00e9ment ! Pendant trois jours, du vendredi 10 au dimanche 12 octobre 2025, les meilleurs talents de la sc\u00e8ne du breakdance mondial seront r\u00e9unis <a href=\"https:\/\/actu.fr\/toulouse\/\" target=\"_blank\" rel=\"noopener\">\u00e0 Toulouse<\/a>, \u00e0 l\u2019occasion du <strong>Pink City World Battle<\/strong>.<\/p>\n<p>Un \u00e9v\u00e9nement 100% breakdance<\/p>\n<p class=\" wall-content\">Organis\u00e9 par <strong>Break\u2019In School<\/strong> \u2013 l\u2019\u00e9cole de break fond\u00e9e par le champion toulousain <a href=\"https:\/\/actu.fr\/occitanie\/toulouse_31555\/toulouse-les-bonnes-adresses-d-abdel-chouari-multi-champion-du-monde-de-breakdance_61655646.html\" target=\"_blank\" rel=\"noopener\">Abdel Chouari<\/a> \u2013 cet \u00e9v\u00e9nement 100% breakdance va donc faire concourir<strong> plus de 70 artistes<\/strong> qui s\u2019affronteront en solo, par \u00e9quipes et au sein de diff\u00e9rentes cat\u00e9gories. Alors, concr\u00e8tement, quel est le programme ?<\/p>\n<p>Une \u00ab\u00a0before party\u00a0\u00bb le vendredi<\/p>\n<p class=\" wall-content\">Vendredi 10, place \u00e0 la<strong> \u00ab\u00a0before party\u00a0\u00bb<\/strong> avec <strong>entr\u00e9e gratuite<\/strong>, sorte d\u2019avant-go\u00fbt de ce festival de breakdance, avec les cat\u00e9gories 1 contre 1 Toprock (les danseurs s\u2019affrontent en duel, en mettant en valeur leur style de danse debout, appel\u00e9 toprock) et Footrock (une partie du breakdance ax\u00e9e sur les mouvements de pieds au sol).<\/p>\n<p class=\" wall-content\">Un show qui se conclura avec un DJ set de <strong>Lady Funk<\/strong> !\u00a0<\/p>\n<p>Un samedi spectaculaire<\/p>\n<p class=\" wall-content\">Samedi 11 octobre, place \u00e0 la deuxi\u00e8me \u00e9tape de cette comp\u00e9tition mondiale : le <strong>blockparty<\/strong>. \u00c0 partir de 13 heures, les danseurs des cat\u00e9gories 1 contre 1 bboys et bgirls pr\u00e9senteront l\u2019ensemble de leurs comp\u00e9tences en breakdance\u2026 Voil\u00e0 qui s\u2019annonce spectaculaire ! Comptez <strong>9 euros<\/strong> pour y assister !\u00a0<\/p>\n<p>Grand final, dimanche\u00a0<\/p>\n<p class=\" wall-content\">Enfin, le dimanche 12 octobre, place au <strong>grand final<\/strong> ! Les danseurs s\u2019affronteront dans une battle<strong> \u00ab\u00a0crew VS crew\u00a0\u00bb<\/strong> : chaque \u00e9quipe repr\u00e9sente un pays avec cinq danseurs aux comp\u00e9tences sp\u00e9cifiques.<\/p>\n<p>Vid\u00e9os : en ce moment sur Actu<\/p>\n<p class=\" wall-content\">Pr\u00e8s de <strong>70 artistes<\/strong> seront en action lors d\u2019un show qui m\u00ealera danseurs, jury, DJ\u2019S et ma\u00eetres de c\u00e9r\u00e9monie, dans une ambiance qui s\u2019annonce assez unique ! Comptez 22 euros par personne pour voir ce grand final.\u00a0<\/p>\n<p>Billetterie en ligne<a href=\"http:\/\/www.pinkcityworldbattle.com\" target=\"_blank\" rel=\"noopener\"> sur le site de la manifestation<\/a>.\u00a0<\/p>\n<p class=\" wall-content\">Personnalisez votre actualit\u00e9 en ajoutant vos villes et m\u00e9dias en favori avec <a href=\"https:\/\/moncompte.actu.fr\" title=\"D\u00e9couvez Mon Actu\" rel=\"nofollow noopener\" data-trk=\"{&quot;cta&quot;:{&quot;action&quot;:&quot;https:\\\/\\\/moncompte.actu.fr&quot;,&quot;category&quot;:&quot;mon compte&quot;,&quot;from&quot;:&quot;article footer&quot;,&quot;name&quot;:&quot;Mon actu&quot;,&quot;type&quot;:&quot;cta&quot;}}\" target=\"_blank\">Mon Actu<\/a>.<\/p>\n","protected":false},"excerpt":{"rendered":"Par Gabriel Kenedi Publi\u00e9 le 9 oct. 2025 \u00e0 18h02 Voil\u00e0 un \u00e9v\u00e9nement qui s\u2019annonce spectaculaire, forc\u00e9ment !&hellip;\n","protected":false},"author":2,"featured_media":451547,"comment_status":"","ping_status":"","sticky":false,"template":"","format":"standard","meta":{"footnotes":""},"categories":[2816],"tags":[1111,11,1777,674,1011,27,1652,12,2680,25,1341,2312],"class_list":{"0":"post-451546","1":"post","2":"type-post","3":"status-publish","4":"format-standard","5":"has-post-thumbnail","7":"category-toulouse","8":"tag-actu","9":"tag-actualites","10":"tag-eu","11":"tag-europe","12":"tag-fr","13":"tag-france","14":"tag-loisirs-culture","15":"tag-news","16":"tag-occitanie","17":"tag-republique-francaise","18":"tag-sortir-a-toulouse","19":"tag-toulouse"},"share_on_mastodon":{"url":"https:\/\/pubeurope.com\/@fr\/115347719656623163","error":""},"_links":{"self":[{"href":"https:\/\/www.europesays.com\/fr\/wp-json\/wp\/v2\/posts\/451546","targetHints":{"allow":["GET"]}}],"collection":[{"href":"https:\/\/www.europesays.com\/fr\/wp-json\/wp\/v2\/posts"}],"about":[{"href":"https:\/\/www.europesays.com\/fr\/wp-json\/wp\/v2\/types\/post"}],"author":[{"embeddable":true,"href":"https:\/\/www.europesays.com\/fr\/wp-json\/wp\/v2\/users\/2"}],"replies":[{"embeddable":true,"href":"https:\/\/www.europesays.com\/fr\/wp-json\/wp\/v2\/comments?post=451546"}],"version-history":[{"count":0,"href":"https:\/\/www.europesays.com\/fr\/wp-json\/wp\/v2\/posts\/451546\/revisions"}],"wp:featuredmedia":[{"embeddable":true,"href":"https:\/\/www.europesays.com\/fr\/wp-json\/wp\/v2\/media\/451547"}],"wp:attachment":[{"href":"https:\/\/www.europesays.com\/fr\/wp-json\/wp\/v2\/media?parent=451546"}],"wp:term":[{"taxonomy":"category","embeddable":true,"href":"https:\/\/www.europesays.com\/fr\/wp-json\/wp\/v2\/categories?post=451546"},{"taxonomy":"post_tag","embeddable":true,"href":"https:\/\/www.europesays.com\/fr\/wp-json\/wp\/v2\/tags?post=451546"}],"curies":[{"name":"wp","href":"https:\/\/api.w.org\/{rel}","templated":true}]}}