{"id":451554,"date":"2025-10-10T03:25:11","date_gmt":"2025-10-10T03:25:11","guid":{"rendered":"https:\/\/www.europesays.com\/fr\/451554\/"},"modified":"2025-10-10T03:25:11","modified_gmt":"2025-10-10T03:25:11","slug":"villeurbanne-sept-suspects-deferes-ce-jeudi-pour-trafic-de-stupefiants","status":"publish","type":"post","link":"https:\/\/www.europesays.com\/fr\/451554\/","title":{"rendered":"Villeurbanne : sept suspects d\u00e9f\u00e9r\u00e9s ce jeudi pour trafic de stup\u00e9fiants"},"content":{"rendered":"<p>                            <img loading=\"lazy\" width=\"1011\" height=\"675\" class=\"attachment-article size-article wp-post-image lazyload\" alt=\"\" decoding=\"async\" src=\"https:\/\/www.europesays.com\/fr\/wp-content\/uploads\/2025\/10\/Police-Guillotiere-operation-@WilliamPham-30-scaled.jpg\" data-eio-rwidth=\"1011\" data-eio-rheight=\"675\"\/><\/p>\n<p>Photo d\u2019illustration @WilliamPham<\/p>\n<p class=\"content\" style=\"font-size:1.2em;font-weight:700\">Le quartier du Tonkin \u00e0 Villeurbanne faisait l&rsquo;objet d&rsquo;une enqu\u00eate sur un point de deal. Les suspects comparaissent ce jeudi a annonc\u00e9 le parquet de Lyon.<\/p>\n<p>Lundi dernier, sept personnes ont \u00e9t\u00e9 interpell\u00e9es puis plac\u00e9es en garde \u00e0 vue dans le cadre d&rsquo;une enqu\u00eate pour trafic de stup\u00e9fiants, conduite par le parquet de Lyon. Cette enqu\u00eate visait un point de deal situ\u00e9 rue Jacques Brel \u00e0 Villeurbanne dans le quartier du Tonkin.<\/p>\n<p>Sept personnes (cinq majeurs et deux mineurs) ont \u00e9t\u00e9 d\u00e9f\u00e9r\u00e9es ce jeudi 9 octobre, comme l&rsquo;annonce le parquet de Lyon \u00e0 travers un communiqu\u00e9. Parmi eux, trois majeurs sont suspect\u00e9s de g\u00e9rer et approvisionner le point de deal. Ils sont poursuivis en comparution imm\u00e9diate. Les deux autres majeurs, suspect\u00e9s d&rsquo;\u00eatre vendeurs, sont poursuivis sur reconnaissance pr\u00e9alable de culpabilit\u00e9. <\/p>\n<p>De leur c\u00f4t\u00e9, les deux mineurs sont pr\u00e9sent\u00e9s aujourd&rsquo;hui au juge des enfants, suspect\u00e9s de vente pour l&rsquo;un, d&rsquo;approvisionnement pour l&rsquo;autre. A travers ce communiqu\u00e9, le parquet de Lyon a tenu \u00e0 r\u00e9affirmer \u00ab\u00a0sa forte mobilisation dans la lutte contre le trafic de stup\u00e9fiants\u00a0\u00bb, ainsi qu&rsquo;\u00e0 \u00ab\u00a0apporter les r\u00e9ponses judiciaires les plus fermes.\u00a0\u00bb<\/p>\n","protected":false},"excerpt":{"rendered":"Photo d\u2019illustration @WilliamPham Le quartier du Tonkin \u00e0 Villeurbanne faisait l&rsquo;objet d&rsquo;une enqu\u00eate sur un point de deal.&hellip;\n","protected":false},"author":2,"featured_media":451555,"comment_status":"","ping_status":"","sticky":false,"template":"","format":"standard","meta":{"footnotes":""},"categories":[1889],"tags":[1111,11,2430,1777,674,1011,27,303,2428,12,28904,25,6345],"class_list":{"0":"post-451554","1":"post","2":"type-post","3":"status-publish","4":"format-standard","5":"has-post-thumbnail","7":"category-lyon","8":"tag-actu","9":"tag-actualites","10":"tag-auvergne-rhone-alpes","11":"tag-eu","12":"tag-europe","13":"tag-fr","14":"tag-france","15":"tag-justice","16":"tag-lyon","17":"tag-news","18":"tag-parquet-de-lyon","19":"tag-republique-francaise","20":"tag-villeurbanne"},"share_on_mastodon":{"url":"https:\/\/pubeurope.com\/@fr\/115347739818735239","error":""},"_links":{"self":[{"href":"https:\/\/www.europesays.com\/fr\/wp-json\/wp\/v2\/posts\/451554","targetHints":{"allow":["GET"]}}],"collection":[{"href":"https:\/\/www.europesays.com\/fr\/wp-json\/wp\/v2\/posts"}],"about":[{"href":"https:\/\/www.europesays.com\/fr\/wp-json\/wp\/v2\/types\/post"}],"author":[{"embeddable":true,"href":"https:\/\/www.europesays.com\/fr\/wp-json\/wp\/v2\/users\/2"}],"replies":[{"embeddable":true,"href":"https:\/\/www.europesays.com\/fr\/wp-json\/wp\/v2\/comments?post=451554"}],"version-history":[{"count":0,"href":"https:\/\/www.europesays.com\/fr\/wp-json\/wp\/v2\/posts\/451554\/revisions"}],"wp:featuredmedia":[{"embeddable":true,"href":"https:\/\/www.europesays.com\/fr\/wp-json\/wp\/v2\/media\/451555"}],"wp:attachment":[{"href":"https:\/\/www.europesays.com\/fr\/wp-json\/wp\/v2\/media?parent=451554"}],"wp:term":[{"taxonomy":"category","embeddable":true,"href":"https:\/\/www.europesays.com\/fr\/wp-json\/wp\/v2\/categories?post=451554"},{"taxonomy":"post_tag","embeddable":true,"href":"https:\/\/www.europesays.com\/fr\/wp-json\/wp\/v2\/tags?post=451554"}],"curies":[{"name":"wp","href":"https:\/\/api.w.org\/{rel}","templated":true}]}}