{"id":451557,"date":"2025-10-10T03:28:32","date_gmt":"2025-10-10T03:28:32","guid":{"rendered":"https:\/\/www.europesays.com\/fr\/451557\/"},"modified":"2025-10-10T03:28:32","modified_gmt":"2025-10-10T03:28:32","slug":"societe-deconomie-mixte-du-cinema-des-sept-mares-yvelines","status":"publish","type":"post","link":"https:\/\/www.europesays.com\/fr\/451557\/","title":{"rendered":"Soci\u00e9t\u00e9 d&rsquo;\u00e9conomie mixte du cin\u00e9ma des sept mares (Yvelines)"},"content":{"rendered":"<p>La chambre r\u00e9gionale des comptes d\u2019\u00cele-de-France a contr\u00f4l\u00e9 les comptes et la gestion de la soci\u00e9t\u00e9 d\u2019\u00e9conomie mixte du cin\u00e9ma des sept mares qui exploite, depuis 1993, le cin\u00e9ma \u00ab Cin\u00e9 7 \u00bb situ\u00e9 \u00e0 \u00c9lancourt. \u00c9quipement de proximit\u00e9 situ\u00e9 au c\u0153ur du quartier des sept mares, le Cin\u00e9 7 propose une programmation diversifi\u00e9e, qui allie films en premi\u00e8re exclusivit\u00e9 et films labellis\u00e9s \u00ab art et essai \u00bb. Au-del\u00e0 de la diffusion de films, il joue un r\u00f4le important dans l&rsquo;acc\u00e8s \u00e0 la culture et l&rsquo;\u00e9ducation \u00e0 l&rsquo;image, tout en \u00e9tant un lieu d\u2019\u00e9changes culturels et sociaux gr\u00e2ce \u00e0 l&rsquo;organisation d&rsquo;\u00e9v\u00e8nements r\u00e9guliers.<\/p>\n","protected":false},"excerpt":{"rendered":"La chambre r\u00e9gionale des comptes d\u2019\u00cele-de-France a contr\u00f4l\u00e9 les comptes et la gestion de la soci\u00e9t\u00e9 d\u2019\u00e9conomie mixte&hellip;\n","protected":false},"author":2,"featured_media":451558,"comment_status":"","ping_status":"","sticky":false,"template":"","format":"standard","meta":{"footnotes":""},"categories":[1592],"tags":[1111,11,1777,674,1011,27,662,12,626,25],"class_list":{"0":"post-451557","1":"post","2":"type-post","3":"status-publish","4":"format-standard","5":"has-post-thumbnail","7":"category-ile-de-france","8":"tag-actu","9":"tag-actualites","10":"tag-eu","11":"tag-europe","12":"tag-fr","13":"tag-france","14":"tag-ile-de-france","15":"tag-news","16":"tag-paris","17":"tag-republique-francaise"},"share_on_mastodon":{"url":"https:\/\/pubeurope.com\/@fr\/115347751312427451","error":""},"_links":{"self":[{"href":"https:\/\/www.europesays.com\/fr\/wp-json\/wp\/v2\/posts\/451557","targetHints":{"allow":["GET"]}}],"collection":[{"href":"https:\/\/www.europesays.com\/fr\/wp-json\/wp\/v2\/posts"}],"about":[{"href":"https:\/\/www.europesays.com\/fr\/wp-json\/wp\/v2\/types\/post"}],"author":[{"embeddable":true,"href":"https:\/\/www.europesays.com\/fr\/wp-json\/wp\/v2\/users\/2"}],"replies":[{"embeddable":true,"href":"https:\/\/www.europesays.com\/fr\/wp-json\/wp\/v2\/comments?post=451557"}],"version-history":[{"count":0,"href":"https:\/\/www.europesays.com\/fr\/wp-json\/wp\/v2\/posts\/451557\/revisions"}],"wp:featuredmedia":[{"embeddable":true,"href":"https:\/\/www.europesays.com\/fr\/wp-json\/wp\/v2\/media\/451558"}],"wp:attachment":[{"href":"https:\/\/www.europesays.com\/fr\/wp-json\/wp\/v2\/media?parent=451557"}],"wp:term":[{"taxonomy":"category","embeddable":true,"href":"https:\/\/www.europesays.com\/fr\/wp-json\/wp\/v2\/categories?post=451557"},{"taxonomy":"post_tag","embeddable":true,"href":"https:\/\/www.europesays.com\/fr\/wp-json\/wp\/v2\/tags?post=451557"}],"curies":[{"name":"wp","href":"https:\/\/api.w.org\/{rel}","templated":true}]}}