{"id":451559,"date":"2025-10-10T03:29:13","date_gmt":"2025-10-10T03:29:13","guid":{"rendered":"https:\/\/www.europesays.com\/fr\/451559\/"},"modified":"2025-10-10T03:29:13","modified_gmt":"2025-10-10T03:29:13","slug":"gojira-et-landmvrks-triomphent-aux-foudres-la-nouvelle-ceremonie-celebrant-le-metal-francais","status":"publish","type":"post","link":"https:\/\/www.europesays.com\/fr\/451559\/","title":{"rendered":"Gojira et Landmvrks triomphent aux Foudres, la nouvelle c\u00e9r\u00e9monie c\u00e9l\u00e9brant le metal fran\u00e7ais"},"content":{"rendered":"<p>                          <img loading=\"lazy\" decoding=\"async\" src=\"https:\/\/www.europesays.com\/fr\/wp-content\/uploads\/2025\/10\/179f243_ftp-import-images-1-m11kyki0xjy7-5124448-01-06.jpg\" alt=\"Les membres du groupe Gojira, le bassiste Jean-Michel Labadie (\u00e0 gauche) et le guitariste Christian Andreu, lors de la c\u00e9r\u00e9monie des Foudres au Bataclan \u00e0 Paris, le 9\u00a0octobre\u00a02025.\"   width=\"664\" height=\"443\"\/>    Les membres du groupe Gojira, le bassiste Jean-Michel Labadie (\u00e0 gauche) et le guitariste Christian Andreu, lors de la c\u00e9r\u00e9monie des Foudres au Bataclan \u00e0 Paris, le 9\u00a0octobre\u00a02025.  STEPHANE DE SAKUTIN\/AFP                          <\/p>\n<p class=\"article__paragraph  \">Les groupes fran\u00e7ais de metal \u00e0 la notori\u00e9t\u00e9 internationale, Landmvrks et Gojira, ont chacun remport\u00e9, jeudi 9\u00a0octobre, un doubl\u00e9 aux Foudres, la nouvelle c\u00e9r\u00e9monie d\u00e9di\u00e9e \u00e0 ce genre musical.<\/p>\n<p class=\"article__paragraph  \">Le groupe marseillais Landmvrks, qui oscille entre metal et rap, a \u00e9t\u00e9 sacr\u00e9 artiste de l\u2019ann\u00e9e et a \u00e9galement remport\u00e9 la Foudre du meilleur album pour son quatri\u00e8me opus autoproduit, The darkest place I\u2019ve ever been, sorti au printemps.<\/p>\n<p class=\"article__paragraph  \">\u00ab\u00a0Vraiment incroyable, merci pour tout (\u2026) C\u2019est un honneur de voir notre travail r\u00e9compens\u00e9\u00a0\u00bb, a r\u00e9agi le chanteur et cofondateur, Florent Salfati, dans une vid\u00e9o diffus\u00e9e dans la salle et film\u00e9e depuis les Etats-Unis, o\u00f9 le quintette est en tourn\u00e9e.<\/p>\n<p class=\"article__paragraph  \">D\u00e9j\u00e0 aur\u00e9ol\u00e9 d\u2019un <a href=\"https:\/\/www.lemonde.fr\/culture\/article\/2025\/02\/03\/grammy-awards-beyonce-remporte-le-prix-du-meilleur-album-country_6528804_3246.html\" rel=\"nofollow noopener\" target=\"_blank\">Grammy Award<\/a>, Gojira a remport\u00e9 l\u2019autre doubl\u00e9. Le groupe des fr\u00e8res Duplantier a \u00e9t\u00e9 honor\u00e9 pour sa performance live grandiose au festival de Carcassonne en juillet, dans la droite ligne de sa prestation \u00e0 la c\u00e9r\u00e9monie d\u2019ouverture des Jeux olympiques de Paris 2024 avec la chanteuse lyrique Marina Viotti.<\/p>\n<p>                                       Lire aussi |  Article r\u00e9serv\u00e9 \u00e0 nos abonn\u00e9s  <a href=\"https:\/\/www.lemonde.fr\/musiques\/article\/2024\/07\/27\/paris-2024-gojira-la-surprise-metal-de-la-ceremonie-d-ouverture_6259110_1654986.html\" class=\"js-article-read-also catcher--favoris__link\" data-premium=\"1\" id=\"article-title-3384023\" rel=\"nofollow noopener\" target=\"_blank\">JO 2024\u00a0: Gojira, la surprise metal de la c\u00e9r\u00e9monie d\u2019ouverture<\/a>    <\/p>\n<p>   Lire plus tard  <\/p>\n<p class=\"article__paragraph  \">Gojira a \u00e9galement re\u00e7u le prix des Foudres, un troph\u00e9e pour \u00ab\u00a0saluer une contribution exceptionnelle \u00e0 la sc\u00e8ne metal\u00a0\u00bb. \u00ab\u00a0C\u2019est \u00e9mouvant d\u2019\u00eatre r\u00e9compens\u00e9 pour un \u00e9v\u00e9nement comme \u00e7a\u00a0\u00bb, a d\u00e9clar\u00e9 le guitariste Christian Andreu, soulignant l\u2019importance de \u00ab\u00a0prendre des risques\u00a0\u00bb pour tracer sa voie.<\/p>\n<p>                    Le festival Hellfest r\u00e9compens\u00e9                    <\/p>\n<p class=\"article__paragraph  \">Pr\u00e9sent\u00e9e par le chroniqueur radio et humoriste Thomas VDB, la c\u00e9r\u00e9monie a d\u00e9marr\u00e9 peu apr\u00e8s 20\u00a0heures avec le groupe nantais Gravekvlt qui a lanc\u00e9 les premiers mouvements dans la fosse. A cette ouverture, un parterre de fans a pu profiter des prestations de Carpenter Brut, Revnoir et Grandma\u2019s Ashes qui ont rythm\u00e9 la soir\u00e9e.<\/p>\n<p class=\"article__paragraph  \">Le Hellfest, le plus gros festival fran\u00e7ais, qui avait r\u00e9uni en juin environ 280\u00a0000 spectateurs \u00e0 Clisson (Loire-Atlantique), a remport\u00e9 le premier prix de la soir\u00e9e, celui de l\u2019\u00e9v\u00e9nement de l\u2019ann\u00e9e.<\/p>\n<p>                                       Lire aussi |  Article r\u00e9serv\u00e9 \u00e0 nos abonn\u00e9s  <a href=\"https:\/\/www.lemonde.fr\/culture\/article\/2024\/07\/01\/au-hellfest-les-musiques-extremes-s-ouvrent-au-rock-grand-public_6245834_3246.html\" class=\"js-article-read-also catcher--favoris__link\" data-premium=\"1\" id=\"article-title-3380306\" rel=\"nofollow noopener\" target=\"_blank\">Au Hellfest, les musiques extr\u00eames s\u2019ouvrent\u00a0au rock grand public<\/a>    <\/p>\n<p>   Lire plus tard  <\/p>\n<p class=\"article__paragraph  \">Parmi les autres gagnants, le jeune groupe de metalcore Revnoir, form\u00e9 en\u00a02023 a \u00e9t\u00e9 r\u00e9compens\u00e9 par la r\u00e9v\u00e9lation de l\u2019ann\u00e9e. Un douzi\u00e8me prix surprise, celui de l\u2019album le plus vendu en\u00a02024-2025, est all\u00e9 au groupe Ultra Vomit pour Ultra Vomit et le Pouvoir de la puissance.<\/p>\n<p class=\"article__paragraph  \">Six cat\u00e9gories avaient \u00e9t\u00e9 soumises au vote du public, en compl\u00e9ment de celui d\u2019un jury de professionnels.<\/p>\n<p>                    Le metal \u00ab\u00a0en pleine expansion\u00a0\u00bb                    <\/p>\n<p class=\"article__paragraph  \">\u00ab\u00a0Le metal (\u2026) ce sont des millions de personnes qui en \u00e9coutent toute l\u2019ann\u00e9e\u00a0\u00bb, a d\u00e9clar\u00e9 Pascal Gueugue, directeur de la F\u00e9d\u00e9ration des musiques m\u00e9talliques, partenaire de la c\u00e9r\u00e9monie. \u00ab\u00a0C\u2019est une histoire de revendication aussi pour moi\u00a0: pendant longtemps \u00e7a n\u2019a pas \u00e9t\u00e9 tr\u00e8s \u00e0 la mode de dire \u201cj\u2019\u00e9coute du metal\u201d, ce qui n\u2019est absolument plus le cas\u00a0\u00bb, a-t-il observ\u00e9, soulignant un \u00ab\u00a0paradoxe du m\u00e9talleux qui veut qu\u2019on le voie et qui en m\u00eame temps ne veut pas trop qu\u2019on s\u2019accapare sa culture.\u00a0\u00bb<\/p>\n<p>                                       Lire aussi |  Article r\u00e9serv\u00e9 \u00e0 nos abonn\u00e9s  <a href=\"https:\/\/www.lemonde.fr\/culture\/article\/2025\/10\/07\/les-foudres-celebrent-la-musique-metal-hexagonale_6644997_3246.html\" class=\"js-article-read-also catcher--favoris__link\" data-premium=\"1\" id=\"article-title-3441118\" rel=\"nofollow noopener\" target=\"_blank\">Les Foudres c\u00e9l\u00e8brent la musique metal hexagonale<\/a>    <\/p>\n<p>   Lire plus tard  <\/p>\n<p class=\"article__paragraph  \">Les Foudres suivent ainsi le chemin du rap qui, ne s\u2019estimant pas assez consid\u00e9r\u00e9 par la grand-messe de la chanson fran\u00e7aise, a depuis 2023 sa propre c\u00e9r\u00e9monie, les Flammes.<\/p>\n<p> Le Monde Ateliers  <\/p>\n<p> <a href=\"https:\/\/ateliers.lemonde.fr\/?inread\" class=\"inread__link js-services-inread-link\" target=\"_blank\" rel=\"nofollow noopener\">  <\/p>\n<p>Cours en ligne, cours du soir, ateliers : d\u00e9veloppez vos comp\u00e9tences<\/p>\n<p>D\u00e9couvrir<\/p>\n<p> <\/a>      <\/p>\n<p> Newsletter  <\/p>\n<p> <a href=\"https:\/\/www.lemonde.fr\/newsletters\/la-revue-du-monde\/\" class=\"inread__link js-services-inread-link\" target=\"_blank\" rel=\"nofollow noopener\">  <\/p>\n<p>\u00ab La revue du Monde \u00bb<\/p>\n<p>Chaque week-end, la r\u00e9daction s\u00e9lectionne les articles de la semaine qu\u2019il ne fallait pas manquer<\/p>\n<p>S&rsquo;inscrire<\/p>\n<p> <\/a>          <\/p>\n<p> Privil\u00e8ges abonn\u00e9  <\/p>\n<p> <a href=\"https:\/\/evenements-abonnes.lemonde.fr\/\" class=\"inread__link js-services-inread-link\" target=\"_blank\" rel=\"nofollow noopener\">  <\/p>\n<p>Le Monde \u00e9v\u00e9nements abonn\u00e9s<\/p>\n<p>Expositions, concerts, rencontres avec la r\u00e9daction\u2026 Assistez \u00e0 des \u00e9v\u00e9nements partout en France !<\/p>\n<p>R\u00e9server des places<\/p>\n<p> <\/a>             <\/p>\n<p class=\"article__paragraph  \">\u00ab\u00a0Le metal n\u2019\u00e9tait pas assez repr\u00e9sent\u00e9 dans les c\u00e9r\u00e9monies un peu officielles, un peu plus g\u00e9n\u00e9ralistes\u00a0\u00bb alors qu\u2019il est \u00ab\u00a0en pleine expansion\u00a0\u00bb, a estim\u00e9 aupr\u00e8s de l\u2019Agence France-Presse Arnaud Millard, directeur d\u00e9l\u00e9gu\u00e9 du Bataclan, en r\u00e9f\u00e9rence aux Victoires de la musique.<\/p>\n<p class=\"article__paragraph  \">En investissant le Bataclan, la c\u00e9r\u00e9monie continue par ailleurs d\u2019\u00e9crire l\u2019histoire d\u2019une salle rock embl\u00e9matique, marqu\u00e9e par les attentats djihadistes du 13\u00a0novembre\u00a02015, qui ont fait 130 morts dont 90 personnes tu\u00e9es pendant le concert des Eagles of Death Metal.<\/p>\n<p class=\"article__paragraph  \">Faire r\u00e9sonner les guitares dans ce lieu, qui f\u00eate ses 160\u00a0ans d\u2019existence, est \u00ab\u00a0symbolique\u00a0\u00bb, selon Arnaud Millard. Mais, a-t-il poursuivi, avec 120 concerts par an, \u00ab\u00a0c\u2019est toute notre programmation au long de l\u2019ann\u00e9e qui est une forme de r\u00e9silience\u00a0\u00bb.<\/p>\n<p>                                       Lire la critique\u00a0:  Article r\u00e9serv\u00e9 \u00e0 nos abonn\u00e9s  <a href=\"https:\/\/www.lemonde.fr\/culture\/article\/2024\/04\/09\/musique-le-diabolique-metal-a-l-honneur-a-la-philharmonie_6226870_3246.html\" class=\"js-article-read-also catcher--favoris__link\" data-premium=\"1\" id=\"article-title-3367727\" rel=\"nofollow noopener\" target=\"_blank\">Musique\u00a0: le diabolique metal \u00e0 l\u2019honneur \u00e0 la Philharmonie de Paris<\/a>    <\/p>\n<p>   Lire plus tard  <\/p>\n<p class=\"author__detail\">  Le Monde avec AFP  <\/p>\n<p>                  <a href=\"https:\/\/www.lemonde.fr\/syndication\/\" class=\"reuse__content\" title=\"R\u00e9utiliser ce contenu\" target=\"_blank\" rel=\"nofollow noopener\">R\u00e9utiliser ce contenu<\/a>      <\/p>\n","protected":false},"excerpt":{"rendered":"Les membres du groupe Gojira, le bassiste Jean-Michel Labadie (\u00e0 gauche) et le guitariste Christian Andreu, lors de&hellip;\n","protected":false},"author":2,"featured_media":451560,"comment_status":"","ping_status":"","sticky":false,"template":"","format":"standard","meta":{"footnotes":""},"categories":[1888],"tags":[1111,1928,11,1927,1777,674,1011,27,12,1926,626,1925,25],"class_list":{"0":"post-451559","1":"post","2":"type-post","3":"status-publish","4":"format-standard","5":"has-post-thumbnail","7":"category-paris","8":"tag-actu","9":"tag-actu-paris","10":"tag-actualites","11":"tag-actualites-paris","12":"tag-eu","13":"tag-europe","14":"tag-fr","15":"tag-france","16":"tag-news","17":"tag-news-paris","18":"tag-paris","19":"tag-paris-news","20":"tag-republique-francaise"},"share_on_mastodon":{"url":"https:\/\/pubeurope.com\/@fr\/115347755747715641","error":""},"_links":{"self":[{"href":"https:\/\/www.europesays.com\/fr\/wp-json\/wp\/v2\/posts\/451559","targetHints":{"allow":["GET"]}}],"collection":[{"href":"https:\/\/www.europesays.com\/fr\/wp-json\/wp\/v2\/posts"}],"about":[{"href":"https:\/\/www.europesays.com\/fr\/wp-json\/wp\/v2\/types\/post"}],"author":[{"embeddable":true,"href":"https:\/\/www.europesays.com\/fr\/wp-json\/wp\/v2\/users\/2"}],"replies":[{"embeddable":true,"href":"https:\/\/www.europesays.com\/fr\/wp-json\/wp\/v2\/comments?post=451559"}],"version-history":[{"count":0,"href":"https:\/\/www.europesays.com\/fr\/wp-json\/wp\/v2\/posts\/451559\/revisions"}],"wp:featuredmedia":[{"embeddable":true,"href":"https:\/\/www.europesays.com\/fr\/wp-json\/wp\/v2\/media\/451560"}],"wp:attachment":[{"href":"https:\/\/www.europesays.com\/fr\/wp-json\/wp\/v2\/media?parent=451559"}],"wp:term":[{"taxonomy":"category","embeddable":true,"href":"https:\/\/www.europesays.com\/fr\/wp-json\/wp\/v2\/categories?post=451559"},{"taxonomy":"post_tag","embeddable":true,"href":"https:\/\/www.europesays.com\/fr\/wp-json\/wp\/v2\/tags?post=451559"}],"curies":[{"name":"wp","href":"https:\/\/api.w.org\/{rel}","templated":true}]}}