{"id":451561,"date":"2025-10-10T03:30:15","date_gmt":"2025-10-10T03:30:15","guid":{"rendered":"https:\/\/www.europesays.com\/fr\/451561\/"},"modified":"2025-10-10T03:30:15","modified_gmt":"2025-10-10T03:30:15","slug":"fillol-a-egalement-eu-du-mal-avec-galthie","status":"publish","type":"post","link":"https:\/\/www.europesays.com\/fr\/451561\/","title":{"rendered":"Fillol a \u00e9galement eu du mal avec Galthi\u00e9"},"content":{"rendered":"<p class=\"date\">\n                                                            Mathieu Warnier, Media365 : publi\u00e9 le jeudi 09 octobre 2025 \u00e0 22h30\n                                                    <\/p>\n<p>Alors que Fred Quercy a d\u00e9fray\u00e9 la chronique avec ses vives critiques \u00e0 l&rsquo;encontre de Fabien Galthi\u00e9, J\u00e9r\u00f4me Fillol a confi\u00e9 que sa collaboration avec le s\u00e9lectionneur du XV de France a pu \u00eatre orageuse quand les deux hommes \u00e9taient au Stade Fran\u00e7ais.<\/p>\n<p>Les langues se d\u00e9lient. Il y a quelques semaines, Fred Quercy a provoqu\u00e9 un tremblement de terre dans le petit monde du rugby fran\u00e7ais. Actuel capitaine de Montauban, le troisi\u00e8me-ligne a \u00e9voqu\u00e9 son passage sous les couleurs de Montpellier en utilisant des mots tr\u00e8s forts pour qualifier sa relation avec son entra\u00eeneur qui \u00e9tait alors Fabien Galthi\u00e9. Des propos qui ne sont pas rest\u00e9s sans r\u00e9action de la part de la F\u00e9d\u00e9ration Fran\u00e7aise de rugby. Ainsi, apr\u00e8s avoir eu sa licence bloqu\u00e9e, le Montalbanais a \u00e9t\u00e9 convoqu\u00e9 par la commission de discipline de la Ligue Nationale de rugby (LNR) mais <a href=\"https:\/\/sports.orange.fr\/rugby\/top-14\/montauban\/article\/montauban-quercy-sera-titulaire-avant-son-audition-CNT000002l8ozZ.html\" rel=\"nofollow noopener\" target=\"_blank\">sera bien align\u00e9 par son club ce week-end en Top 14<\/a>. Une prise de parole qui a fait des \u00e9mules car J\u00e9r\u00f4me Fillol est sorti de son silence ce mercredi lors d&rsquo;un entretien accord\u00e9 au m\u00e9dia local Ici Occitanie. Durant l&rsquo;un de ses trois passages au sein de l&rsquo;effectif du Stade Fran\u00e7ais, le demi de m\u00eal\u00e9e a eu Fabien Galthi\u00e9 comme entra\u00eeneur entre 2004 et 2008 avec une exp\u00e9rience qui l&rsquo;a \u00e9galement marqu\u00e9.<\/p>\n<p>Fillol : \u00ab\u00a0Je respectais l&rsquo;humain, l&rsquo;homme\u00a0\u00bb<\/p>\n<p>Ainsi, s&rsquo;il admet ne pas conna\u00eetre Fred Quercy, le natif d&rsquo;Agen conc\u00e8de comprendre \u00ab\u00a0cette ranc\u0153ur, cette haine et cette difficult\u00e9\u00a0\u00bb qu&rsquo;il a eu avec l&rsquo;actuel s\u00e9lectionneur du XV de France. A ses yeux, \u00ab\u00a0il n&rsquo;y a pas de fum\u00e9e sans feu\u00a0\u00bb. Affirmant \u00eatre \u00ab\u00a0libre de (s)&rsquo;exprimer\u00a0\u00bb car n&rsquo;ayant \u00ab\u00a0aucun int\u00e9r\u00eat f\u00e9d\u00e9ral ou autre\u00a0\u00bb, J\u00e9r\u00f4me Fillol admet avoir \u00ab\u00a0eu des difficult\u00e9s\u00a0\u00bb avec <a href=\"https:\/\/sports.orange.fr\/rugby\/top-14\/montauban\/article\/montauban-galthie-peut-comprendre-les-propos-de-quercy-CNT000002l6L2l.html\" rel=\"nofollow noopener\" target=\"_blank\">Fabien Galthi\u00e9<\/a>. \u00ab\u00a0Vous semez et puis vous recevez derri\u00e8re\u00a0\u00bb, a ajout\u00e9 celui qui n&rsquo;aurait \u00ab\u00a0pas exprim\u00e9 (sa) col\u00e8re comme \u00e7a\u00a0\u00bb. \u00ab\u00a0Je respectais l&rsquo;humain, l&rsquo;homme, m\u00eame si l&rsquo;homme ne respecte pas les autres, ajoute l&rsquo;ancien demi de m\u00eal\u00e9e. En tout cas, je respecte et je ne veux pas nuire, m\u00eame si parfois on est malmen\u00e9.\u00a0\u00bb Revenant sur la sanction dont a fait l&rsquo;objet Fred Quercy, J\u00e9r\u00f4me Fillol conc\u00e8de qu&rsquo;il \u00ab\u00a0peut-\u00eatre le r\u00e9primander pour sa fa\u00e7on d&rsquo;avoir dit ces choses-l\u00e0\u00a0\u00bb mais assure que la FFR ne doit pas aller trop loin. \u00ab\u00a0Il ne faut pas que \u00e7a soit la victime derri\u00e8re qui ramasse tout, ni qu&rsquo;il y ait de pression beaucoup de temps apr\u00e8s parce que c&rsquo;est le s\u00e9lectionneur\u00a0\u00bb, a-t-il conclu.<\/p>\n","protected":false},"excerpt":{"rendered":"Mathieu Warnier, Media365 : publi\u00e9 le jeudi 09 octobre 2025 \u00e0 22h30 Alors que Fred Quercy a d\u00e9fray\u00e9&hellip;\n","protected":false},"author":2,"featured_media":451562,"comment_status":"","ping_status":"","sticky":false,"template":"","format":"standard","meta":{"footnotes":""},"categories":[1888],"tags":[1111,1928,11,1927,1777,674,1011,27,12,1926,626,1925,25],"class_list":{"0":"post-451561","1":"post","2":"type-post","3":"status-publish","4":"format-standard","5":"has-post-thumbnail","7":"category-paris","8":"tag-actu","9":"tag-actu-paris","10":"tag-actualites","11":"tag-actualites-paris","12":"tag-eu","13":"tag-europe","14":"tag-fr","15":"tag-france","16":"tag-news","17":"tag-news-paris","18":"tag-paris","19":"tag-paris-news","20":"tag-republique-francaise"},"share_on_mastodon":{"url":"https:\/\/pubeurope.com\/@fr\/115347759048449748","error":""},"_links":{"self":[{"href":"https:\/\/www.europesays.com\/fr\/wp-json\/wp\/v2\/posts\/451561","targetHints":{"allow":["GET"]}}],"collection":[{"href":"https:\/\/www.europesays.com\/fr\/wp-json\/wp\/v2\/posts"}],"about":[{"href":"https:\/\/www.europesays.com\/fr\/wp-json\/wp\/v2\/types\/post"}],"author":[{"embeddable":true,"href":"https:\/\/www.europesays.com\/fr\/wp-json\/wp\/v2\/users\/2"}],"replies":[{"embeddable":true,"href":"https:\/\/www.europesays.com\/fr\/wp-json\/wp\/v2\/comments?post=451561"}],"version-history":[{"count":0,"href":"https:\/\/www.europesays.com\/fr\/wp-json\/wp\/v2\/posts\/451561\/revisions"}],"wp:featuredmedia":[{"embeddable":true,"href":"https:\/\/www.europesays.com\/fr\/wp-json\/wp\/v2\/media\/451562"}],"wp:attachment":[{"href":"https:\/\/www.europesays.com\/fr\/wp-json\/wp\/v2\/media?parent=451561"}],"wp:term":[{"taxonomy":"category","embeddable":true,"href":"https:\/\/www.europesays.com\/fr\/wp-json\/wp\/v2\/categories?post=451561"},{"taxonomy":"post_tag","embeddable":true,"href":"https:\/\/www.europesays.com\/fr\/wp-json\/wp\/v2\/tags?post=451561"}],"curies":[{"name":"wp","href":"https:\/\/api.w.org\/{rel}","templated":true}]}}