{"id":451563,"date":"2025-10-10T03:31:21","date_gmt":"2025-10-10T03:31:21","guid":{"rendered":"https:\/\/www.europesays.com\/fr\/451563\/"},"modified":"2025-10-10T03:31:21","modified_gmt":"2025-10-10T03:31:21","slug":"cai-guo-qiang-dit-au-revoir-au-centre-pompidou-avec-un-feu-dartifice-geant","status":"publish","type":"post","link":"https:\/\/www.europesays.com\/fr\/451563\/","title":{"rendered":"Cai Guo-Qiang dit au revoir au Centre Pompidou avec un feu d\u2019artifice g\u00e9ant !"},"content":{"rendered":"<p class=\"p1\">Le <a href=\"https:\/\/www.timeout.fr\/paris\/musees\/centre-pompidou-musee-national-dart-moderne\" target=\"_blank\" rel=\"noopener\">Centre Pompidou<\/a> poursuit son baroud d\u2019honneur en empilant les \u00e9v\u00e9nements exceptionnels avant sa fermeture pour cinq ans de travaux. Juste avant <a href=\"https:\/\/www.timeout.fr\/paris\/actualites\/plus-grande-fete-histoire-centre-pompidou-092225\" target=\"_blank\" rel=\"noopener\">le take-over du label Because Music<\/a>, qui tirera le rideau avec tous ses artistes les 24 et 25 octobre, le plasticien Cai Guo-Qiang va faire p\u00e9ter le feu \u2013 litt\u00e9ralement \u2013 sur la piazza de Beaubourg le 22 octobre.<\/p>\n<p class=\"p1\">Adepte de la poudre, en peinture ou en pyrotechnie, l\u2019artiste chinois a imagin\u00e9 une performance de feux d\u2019artifice en plein jour sp\u00e9cialement con\u00e7ue pour la fa\u00e7ade de Beaubourg. \u2063Intitul\u00e9e\u00a0Le Dernier Carnaval, cette performance \u201cde feu et de lumi\u00e8re\u201d s\u2019annonce haute en couleur si l\u2019on en croit le mod\u00e8le 3D livr\u00e9 par l\u2019artiste (photo).<\/p>\n<p class=\"p2\">Con\u00e7ue en collaboration avec son ChatGPT perso, nomm\u00e9 cAI\u2122, l\u2019\u0153uvre de Cai Guo-Qiang questionnera ainsi le \u201cregard non-humain sur l\u2019histoire de l\u2019art\u201d, devant la fa\u00e7ade de ce b\u00e2timent \u00e0 l\u2019architecture si critiqu\u00e9e. On ne pouvait pas imaginer c\u00e9r\u00e9monie d\u2019adieu plus appropri\u00e9e ! Le show commence \u00e0 17h30, prenez de l\u2019avance, \u00e7a s\u2019annonce serr\u00e9 !<\/p>\n<p class=\"p1\"><strong>Quand ?<\/strong> 22 octobre, 17h30.<br \/><strong>O\u00f9 ?<\/strong> place Georges-Pompidou, Paris 4e.<br \/><strong>Combien ?<\/strong> gratuit.<\/p>\n","protected":false},"excerpt":{"rendered":"Le Centre Pompidou poursuit son baroud d\u2019honneur en empilant les \u00e9v\u00e9nements exceptionnels avant sa fermeture pour cinq ans&hellip;\n","protected":false},"author":2,"featured_media":451564,"comment_status":"","ping_status":"","sticky":false,"template":"","format":"standard","meta":{"footnotes":""},"categories":[1888],"tags":[11,4573,4572,1777,674,1011,27,12,626,3907,25],"class_list":{"0":"post-451563","1":"post","2":"type-post","3":"status-publish","4":"format-standard","5":"has-post-thumbnail","7":"category-paris","8":"tag-actualites","9":"tag-actualites-vivre-en-ville","10":"tag-categories-que-faire","11":"tag-eu","12":"tag-europe","13":"tag-fr","14":"tag-france","15":"tag-news","16":"tag-paris","17":"tag-que-faire","18":"tag-republique-francaise"},"share_on_mastodon":{"url":"https:\/\/pubeurope.com\/@fr\/115347762948270923","error":""},"_links":{"self":[{"href":"https:\/\/www.europesays.com\/fr\/wp-json\/wp\/v2\/posts\/451563","targetHints":{"allow":["GET"]}}],"collection":[{"href":"https:\/\/www.europesays.com\/fr\/wp-json\/wp\/v2\/posts"}],"about":[{"href":"https:\/\/www.europesays.com\/fr\/wp-json\/wp\/v2\/types\/post"}],"author":[{"embeddable":true,"href":"https:\/\/www.europesays.com\/fr\/wp-json\/wp\/v2\/users\/2"}],"replies":[{"embeddable":true,"href":"https:\/\/www.europesays.com\/fr\/wp-json\/wp\/v2\/comments?post=451563"}],"version-history":[{"count":0,"href":"https:\/\/www.europesays.com\/fr\/wp-json\/wp\/v2\/posts\/451563\/revisions"}],"wp:featuredmedia":[{"embeddable":true,"href":"https:\/\/www.europesays.com\/fr\/wp-json\/wp\/v2\/media\/451564"}],"wp:attachment":[{"href":"https:\/\/www.europesays.com\/fr\/wp-json\/wp\/v2\/media?parent=451563"}],"wp:term":[{"taxonomy":"category","embeddable":true,"href":"https:\/\/www.europesays.com\/fr\/wp-json\/wp\/v2\/categories?post=451563"},{"taxonomy":"post_tag","embeddable":true,"href":"https:\/\/www.europesays.com\/fr\/wp-json\/wp\/v2\/tags?post=451563"}],"curies":[{"name":"wp","href":"https:\/\/api.w.org\/{rel}","templated":true}]}}