{"id":451565,"date":"2025-10-10T03:32:30","date_gmt":"2025-10-10T03:32:30","guid":{"rendered":"https:\/\/www.europesays.com\/fr\/451565\/"},"modified":"2025-10-10T03:32:30","modified_gmt":"2025-10-10T03:32:30","slug":"pourparlers-a-paris-sur-lavenir-de-gaza-09-10-2025-a-1827","status":"publish","type":"post","link":"https:\/\/www.europesays.com\/fr\/451565\/","title":{"rendered":"Pourparlers \u00e0 Paris sur l&rsquo;avenir de Gaza &#8211; 09\/10\/2025 \u00e0 18:27"},"content":{"rendered":"<p>        <img fetchpriority=\"high\" decoding=\"async\" src=\"https:\/\/www.europesays.com\/fr\/wp-content\/uploads\/2025\/10\/dd9f2779bbf555f87d50a323eaaaec01-760x501.jpg\" alt=\"Les ministres des Affaires \u00e9trang\u00e8res europ\u00e9ens et arabes se r\u00e9unissent \u00e0 Paris pour des pourparlers de paix sur Gaza\" loading=\"eager\" width=\"760\" height=\"501\" style=\"max-width: 100%!important; height: auto;\"\/><\/p>\n<p class=\"c-image-news__legend\">Les ministres des Affaires \u00e9trang\u00e8res europ\u00e9ens et arabes se r\u00e9unissent \u00e0 Paris pour des pourparlers de paix sur Gaza<\/p>\n<p>\n par John Irish\n<\/p>\n<p>\n Les principaux alli\u00e9s europ\u00e9ens et arabes des \u00c9tats-Unis se sont r\u00e9unis jeudi \u00e0 Paris pour discuter de l&rsquo;avenir de Gaza apr\u00e8s la guerre, quelques heures apr\u00e8s qu&rsquo;Isra\u00ebl et le Hamas ont accept\u00e9 un cessez-le-feu et un \u00e9change de prisonniers propos\u00e9 par le pr\u00e9sident am\u00e9ricain Donald Trump.\n<\/p>\n<p>\n \u00ab\u00a0Cette nuit, un accord historique a \u00e9t\u00e9 conclu \u00e0 Charm el-Cheikh et je tiens ici \u00e0 f\u00e9liciter le pr\u00e9sident Trump pour son engagement personnel, l&rsquo;\u00e9mir du Qatar et le Premier ministre Cheikh Mohammed et son \u00e9quipe de n\u00e9gociation, le pr\u00e9sident Sissi et le pr\u00e9sident Erdogan\u00a0\u00bb, a d\u00e9clar\u00e9 Emmanuel Macron en ouverture de la conf\u00e9rence.\n<\/p>\n<p>\n Il a affirm\u00e9 que l&rsquo;objectif \u00e9tait de travailler en compl\u00e9mentarit\u00e9 avec le plan am\u00e9ricain et la \u00ab\u00a0voie ambitieuse\u00a0\u00bb trac\u00e9e selon lui par Donald Trump, soulignant que les \u00e9changes \u00e0 Paris s&rsquo;inscrivaient dans cette logique.\n<\/p>\n<p>\n L&rsquo;accord sign\u00e9 jeudi entre Isra\u00ebl et le Hamas pr\u00e9voit un arr\u00eat des hostilit\u00e9s et la lib\u00e9ration d&rsquo;otages isra\u00e9liens en \u00e9change de prisonniers palestiniens. Les discussions portent d\u00e9sormais sur les modalit\u00e9s de transformation de cette tr\u00eave en paix durable.\n<\/p>\n<p>\n \u00ab\u00a0Voici la meilleure chance que nous ayons actuellement\u00a0\u00bb, a d\u00e9clar\u00e9 la cheffe de la diplomatie europ\u00e9enne Kaja Kallas \u00e0 la presse. \u00ab\u00a0Mais nous devons travailler sur le plan d&rsquo;apr\u00e8s (la guerre), afin qu&rsquo;il soit durable, et c&rsquo;est pour cela que nous sommes aussi ici.\u00a0\u00bb\n<\/p>\n<p>\n La r\u00e9union de Paris vise \u00e0 d\u00e9finir les modalit\u00e9s de gouvernance de Gaza, \u00e0 examiner la mise en oeuvre du plan propos\u00e9 par Donald Trump, et \u00e0 \u00e9valuer l&rsquo;engagement collectif des pays participants dans le processus.\n<\/p>\n<p>\n Le mois dernier, l&rsquo;Assembl\u00e9e g\u00e9n\u00e9rale des Nations unies a adopt\u00e9 une d\u00e9claration en faveur d&rsquo;une solution \u00e0 deux \u00c9tats, tout en condamnant le Hamas et en l&rsquo;appelant \u00e0 se rendre et \u00e0 se d\u00e9sarmer. Le Premier ministre isra\u00e9lien Benjamin Netanyahu a exclu toute reconnaissance d&rsquo;un \u00c9tat palestinien ind\u00e9pendant aux c\u00f4t\u00e9s d&rsquo;Isra\u00ebl.\n<\/p>\n<p>\n Parmi les participants figurent le Premier ministre qatari Cheikh Mohammed bin Abdulrahman al-Thani, qui a jou\u00e9 un r\u00f4le de m\u00e9diateur dans l&rsquo;accord de cessez-le-feu, ainsi que les ministres des Affaires \u00e9trang\u00e8res \u00e9gyptien et turc, dont les efforts diplomatiques ont \u00e9t\u00e9 d\u00e9terminants pour convaincre le Hamas d&rsquo;accepter le compromis.\n<\/p>\n<p>\n Le secr\u00e9taire d&rsquo;\u00c9tat am\u00e9ricain Marco Rubio devait initialement assister \u00e0 la r\u00e9union, mais a annul\u00e9 sa venue. Aucun repr\u00e9sentant am\u00e9ricain n&rsquo;a finalement \u00e9t\u00e9 d\u00e9p\u00each\u00e9, bien que les autorit\u00e9s fran\u00e7aises aient assur\u00e9 que la coordination avec Washington restait \u00e9troite.\n<\/p>\n<p>\n Le plan de Donald Trump pr\u00e9voit le d\u00e9ploiement d&rsquo;une force internationale de stabilisation. Les ministres r\u00e9unis \u00e0 Paris doivent \u00e9galement aborder les questions de gouvernance future de Gaza, d&rsquo;aide humanitaire, de reconstruction et de d\u00e9militarisation.\n<\/p>\n<p>\n Signe des tensions persistantes entre Paris et Tel Aviv, le ministre isra\u00e9lien des Affaires \u00e9trang\u00e8res Gideon Saar a critiqu\u00e9 la conf\u00e9rence mercredi soir, la qualifiant d'\u00a0\u00bbinutile et nuisible\u00a0\u00bb. Il a estim\u00e9 que l&rsquo;initiative fran\u00e7aise avait \u00e9t\u00e9 \u00ab\u00a0concoct\u00e9e dans le dos d&rsquo;Isra\u00ebl\u00a0\u00bb et qu&rsquo;elle visait \u00e0 d\u00e9tourner l&rsquo;attention des difficult\u00e9s politiques internes d&rsquo;Emmanuel Macron.\n<\/p>\n<p>\n Le pr\u00e9sident fran\u00e7ais a de son c\u00f4t\u00e9 estim\u00e9 que \u00ab\u00a0l&rsquo;acc\u00e9l\u00e9ration de la construction des colonies en Cisjordanie constitue une menace existentielle pour l&rsquo;\u00c9tat de Palestine\u00a0\u00bb et qu&rsquo;elle \u00ab\u00a0vient d&rsquo;abord contredire le plan am\u00e9ricain\u00a0\u00bb.\n<\/p>\n<p>\n (Avec Alessandro Parodi,; version fran\u00e7aise Nicolas Delame, \u00e9dit\u00e9 par Jean-St\u00e9phane Brosse)<\/p>\n","protected":false},"excerpt":{"rendered":"Les ministres des Affaires \u00e9trang\u00e8res europ\u00e9ens et arabes se r\u00e9unissent \u00e0 Paris pour des pourparlers de paix sur&hellip;\n","protected":false},"author":2,"featured_media":451566,"comment_status":"","ping_status":"","sticky":false,"template":"","format":"standard","meta":{"footnotes":""},"categories":[1888],"tags":[400,11,398,408,405,1777,674,1011,27,403,402,399,404,12,626,25,401,406,407],"class_list":{"0":"post-451565","1":"post","2":"type-post","3":"status-publish","4":"format-standard","5":"has-post-thumbnail","7":"category-paris","8":"tag-action-cac-40","9":"tag-actualites","10":"tag-bourse-de-paris","11":"tag-boursorama","12":"tag-cotations","13":"tag-eu","14":"tag-europe","15":"tag-fr","16":"tag-france","17":"tag-indices-devises","18":"tag-investir","19":"tag-investissement","20":"tag-marche-boursier","21":"tag-news","22":"tag-paris","23":"tag-republique-francaise","24":"tag-sicav","25":"tag-trackers","26":"tag-warrants"},"share_on_mastodon":{"url":"https:\/\/pubeurope.com\/@fr\/115347767136760239","error":""},"_links":{"self":[{"href":"https:\/\/www.europesays.com\/fr\/wp-json\/wp\/v2\/posts\/451565","targetHints":{"allow":["GET"]}}],"collection":[{"href":"https:\/\/www.europesays.com\/fr\/wp-json\/wp\/v2\/posts"}],"about":[{"href":"https:\/\/www.europesays.com\/fr\/wp-json\/wp\/v2\/types\/post"}],"author":[{"embeddable":true,"href":"https:\/\/www.europesays.com\/fr\/wp-json\/wp\/v2\/users\/2"}],"replies":[{"embeddable":true,"href":"https:\/\/www.europesays.com\/fr\/wp-json\/wp\/v2\/comments?post=451565"}],"version-history":[{"count":0,"href":"https:\/\/www.europesays.com\/fr\/wp-json\/wp\/v2\/posts\/451565\/revisions"}],"wp:featuredmedia":[{"embeddable":true,"href":"https:\/\/www.europesays.com\/fr\/wp-json\/wp\/v2\/media\/451566"}],"wp:attachment":[{"href":"https:\/\/www.europesays.com\/fr\/wp-json\/wp\/v2\/media?parent=451565"}],"wp:term":[{"taxonomy":"category","embeddable":true,"href":"https:\/\/www.europesays.com\/fr\/wp-json\/wp\/v2\/categories?post=451565"},{"taxonomy":"post_tag","embeddable":true,"href":"https:\/\/www.europesays.com\/fr\/wp-json\/wp\/v2\/tags?post=451565"}],"curies":[{"name":"wp","href":"https:\/\/api.w.org\/{rel}","templated":true}]}}