{"id":451573,"date":"2025-10-10T03:36:13","date_gmt":"2025-10-10T03:36:13","guid":{"rendered":"https:\/\/www.europesays.com\/fr\/451573\/"},"modified":"2025-10-10T03:36:13","modified_gmt":"2025-10-10T03:36:13","slug":"le-chant-du-cygne-de-macron-fait-trembler-leurope","status":"publish","type":"post","link":"https:\/\/www.europesays.com\/fr\/451573\/","title":{"rendered":"Le \u201cchant du cygne\u201d de Macron fait trembler l\u2019Europe"},"content":{"rendered":"\n<p>O\u00f9 est <a href=\"https:\/\/www.courrierinternational.com\/article\/vu-de-letranger-de-gaulle-cette-etrange-ombre-qui-plane-sur-la-france\" target=\"_blank\" rel=\"noopener\">Charles de Gaulle<\/a> quand on a besoin de lui\u00a0? Dans sa tombe, bien s\u00fbr, une humble s\u00e9pulture dans le cimeti\u00e8re de Colombey-les-Deux-\u00c9glises. Mais alors que la France est en proie \u00e0 une nouvelle crise aux proportions \u00e9piques, il est difficile d\u2019oublier comment, il y a presque soixante-dix\u00a0ans, le g\u00e9n\u00e9ral a transform\u00e9 un pays au bord de la guerre civile en un syst\u00e8me pr\u00e9sidentiel fort. Et, associ\u00e9 \u00e0 l\u2019Allemagne de l\u2019Ouest de Konrad\u00a0Adenauer, en la force motrice d\u2019une Europe\u00a0occidentale s\u00fbre d\u2019elle et en pleine renaissance.<\/p>\n<p>Aujourd\u2019hui, sous Emmanuel Macron, la France ne se retrouve peut-\u00eatre pas dans une situation aussi dramatique qu\u2019en 1958, mais elle para\u00eet d\u00e9sempar\u00e9e, affaiblie politiquement, et elle n\u2019est plus le phare d\u2019un renouveau centriste. Au d\u00e9but de sa pr\u00e9sidence, on le comparait \u00e0 <a href=\"https:\/\/www.courrierinternational.com\/article\/vu-d-allemagne-jupiter-est-devenu-un-canard-boiteux\" target=\"_blank\" rel=\"noopener\">Jupiter<\/a>, le dieu qui commandait aux nu\u00e9es. Aujourd\u2019hui, il ne lance pas la foudre, il tire \u00e0 blanc.<\/p>\n<p>En 2017, confront\u00e9 au d\u00e9fi de l\u2019extr\u00eame droite et de l\u2019extr\u00eame gauche, il a r\u00e9agi en forgeant un mouvement libre de toute id\u00e9ologie, ouvert \u00e0 la modernisation et \u00e0 la r\u00e9forme, qui avait pour porte-\u00e9tendard embl\u00e9matique un d\u00e9butant en politique \u00e2g\u00e9 de 39\u00a0ans et pr\u00eat \u00e0 user des pleins pouvoirs de la pr\u00e9sidence post-de Gaulle pour rendre sa grandeur \u00e0 la France. Il \u00e9tait le plus jeune chef d\u2019<\/p>\n<p>  Offres sp\u00e9ciales  Pour lire la suite de cet article, abonnez-vous <\/p>\n<p class=\"paywall-text\"><strong>Abonnez-vous et\u00a0acc\u00e9dez \u00e0\u00a0:<\/strong><br \/>l\u2019hebdo, tous les contenus, l\u2019application, <br \/>le\u00a0R\u00e9veil Courrier, les newsletters abonn\u00e9s. <\/p>\n<p class=\"price\"><strong>3,99\u00a0\u20ac<\/strong>\/mois<\/p>\n<p> Sans engagement \u2022 R\u00e9siliable \u00e0\u00a0tout moment                <\/p>\n<p class=\"article-authors\">                         <a href=\"https:\/\/www.courrierinternational.com\/auteur\/roger-boyes\" target=\"_blank\" rel=\"noopener\">Roger Boyes<\/a>    <\/p>\n<p class=\"article-vo\"><a href=\"https:\/\/www.thetimes.com\/comment\/columnists\/article\/france-political-collapse-macron-europe-cmslwhswd\" rel=\"noopener\" target=\"_blank\">Lire l\u2019article original<\/a><\/p>\n<p>Nos lecteurs ont lu\u00a0aussi<\/p>\n<p>Source de l\u2019article<\/p>\n<p>   <img decoding=\"async\" class=\"source-logo\" src=\"https:\/\/www.europesays.com\/fr\/wp-content\/uploads\/2025\/04\/1745749512_584_6daa7ca_1643653582538-the-times.jpg\"  alt=\"Logo\" loading=\"lazy\" width=\"32\" height=\"32\"\/>  The Times  (Londres)       <\/p>\n<p>Le plus ancien des quotidiens britanniques (1785) et le plus connu \u00e0 l\u2019\u00e9tranger appartient depuis 1981\u00a0\u00e0 News UK, propri\u00e9t\u00e9 du milliardaire Rupert Murdoch. De tendance conservatrice, il a longtemps \u00e9t\u00e9 le journal de r\u00e9f\u00e9rence et la voix de l\u2019establishment. En 2016, The Times se prononce contre la sortie du Royaume-Uni de l\u2019Union europ\u00e9enne et continue de militer pour la pr\u00e9servation de bonnes relations avec le continent.<\/p>\n<p>Aux quelque 360\u00a0000\u00a0lecteurs du journal en version papier s\u2019ajoutent plus de 400\u00a0000\u00a0abonn\u00e9s num\u00e9riques. Au d\u00e9but de l\u2019agression russe en Ukraine, le 24\u00a0f\u00e9vrier 2022, le site de The Times (partag\u00e9 avec son \u00e9dition dominicale The Sunday Times) enregistre 1\u00a0000\u00a0nouveaux abonnements par jour, reflet de son excellent travail de terrain en mati\u00e8re d\u2019actualit\u00e9 internationale. Sept reporters couvrent le conflit en permanence, sur le terrain.<\/p>\n<p>En 2020, News UK a lanc\u00e9 Times Radio, station de radio g\u00e9n\u00e9raliste pens\u00e9e pour concurrencer BBC Radio 4, l\u2019\u00e9quivalent britannique de France Inter. Anim\u00e9es en partie par des journalistes de la r\u00e9daction de The Times, ses \u00e9missions attirent un demi-million d\u2019auditeurs par semaine.<\/p>\n<p>      <a href=\"https:\/\/www.courrierinternational.com\/notule-source\/the-times\" class=\"source-link\" target=\"_blank\" rel=\"noopener\">Lire la suite<\/a>                 <\/p>\n<p>Nos services<\/p>\n","protected":false},"excerpt":{"rendered":"O\u00f9 est Charles de Gaulle quand on a besoin de lui\u00a0? Dans sa tombe, bien s\u00fbr, une humble&hellip;\n","protected":false},"author":2,"featured_media":451574,"comment_status":"","ping_status":"","sticky":false,"template":"","format":"standard","meta":{"footnotes":""},"categories":[1588],"tags":[11,1073,1777,674,27,3821,12,316,473,1853,1851,1850,1852],"class_list":{"0":"post-451573","1":"post","2":"type-post","3":"status-publish","4":"format-standard","5":"has-post-thumbnail","7":"category-royaume-uni","8":"tag-actualites","9":"tag-emmanuel-macron","10":"tag-eu","11":"tag-europe","12":"tag-france","13":"tag-la-france-vue-de-lu2019u00e9tranger","14":"tag-news","15":"tag-politique","16":"tag-royaume-uni","17":"tag-royaume-uni-de-grande-bretagne-et-dirlande-du-nord","18":"tag-uk","19":"tag-united-kingdom","20":"tag-united-kingdom-of-great-britain-and-northern-ireland"},"share_on_mastodon":{"url":"https:\/\/pubeurope.com\/@fr\/115347782670094441","error":""},"_links":{"self":[{"href":"https:\/\/www.europesays.com\/fr\/wp-json\/wp\/v2\/posts\/451573","targetHints":{"allow":["GET"]}}],"collection":[{"href":"https:\/\/www.europesays.com\/fr\/wp-json\/wp\/v2\/posts"}],"about":[{"href":"https:\/\/www.europesays.com\/fr\/wp-json\/wp\/v2\/types\/post"}],"author":[{"embeddable":true,"href":"https:\/\/www.europesays.com\/fr\/wp-json\/wp\/v2\/users\/2"}],"replies":[{"embeddable":true,"href":"https:\/\/www.europesays.com\/fr\/wp-json\/wp\/v2\/comments?post=451573"}],"version-history":[{"count":0,"href":"https:\/\/www.europesays.com\/fr\/wp-json\/wp\/v2\/posts\/451573\/revisions"}],"wp:featuredmedia":[{"embeddable":true,"href":"https:\/\/www.europesays.com\/fr\/wp-json\/wp\/v2\/media\/451574"}],"wp:attachment":[{"href":"https:\/\/www.europesays.com\/fr\/wp-json\/wp\/v2\/media?parent=451573"}],"wp:term":[{"taxonomy":"category","embeddable":true,"href":"https:\/\/www.europesays.com\/fr\/wp-json\/wp\/v2\/categories?post=451573"},{"taxonomy":"post_tag","embeddable":true,"href":"https:\/\/www.europesays.com\/fr\/wp-json\/wp\/v2\/tags?post=451573"}],"curies":[{"name":"wp","href":"https:\/\/api.w.org\/{rel}","templated":true}]}}