{"id":451579,"date":"2025-10-10T03:39:16","date_gmt":"2025-10-10T03:39:16","guid":{"rendered":"https:\/\/www.europesays.com\/fr\/451579\/"},"modified":"2025-10-10T03:39:16","modified_gmt":"2025-10-10T03:39:16","slug":"openai-se-plaint-aupres-de-lue-de-ne-pas-etre-a-armes-egales-face-aux-gafam","status":"publish","type":"post","link":"https:\/\/www.europesays.com\/fr\/451579\/","title":{"rendered":"OpenAI se plaint aupr\u00e8s de l\u2019UE de ne pas \u00eatre \u00e0 armes \u00e9gales face aux GAFAM"},"content":{"rendered":"<p>Alors qu\u2019OpenAI a r\u00e9cemment pr\u00e9sent\u00e9 la possibilit\u00e9 d\u2019int\u00e9grer des apps dans ChatGPT, tente-t-elle maintenant de faire plier ses concurrents par l\u2019interm\u00e9diaire des l\u00e9gislateurs\u00a0? Le timing est en tout cas \u00e9tonnant, l\u2019entreprise ayant demand\u00e9 une entrevue le 24 septembre avec la responsable antitrust de l\u2019Union europ\u00e9enne, Teresa Ribera, <a rel=\"nofollow noopener\" href=\"https:\/\/www.bloomberg.com\/news\/articles\/2025-10-09\/openai-warns-eu-antitrust-watchdogs-of-big-tech-s-data-dominance\" target=\"_blank\">selon Bloomberg<\/a>.<\/p>\n<p><img decoding=\"async\" loading=\"lazy\" src=\"https:\/\/www.europesays.com\/fr\/wp-content\/uploads\/2025\/10\/mg-b55fc0b3-w2880-w828-w2600-w1300.jpg\"   data-jslghtbx=\"https:\/\/cdn.mgig.fr\/2025\/10\/mg-b55fc0b3-w2880.jpg\"\/>Les bureaux de la Commission europ\u00e9enne \u00e0 Bruxelles. Image Wikipedia\/Canciller\u00eda Ecuador, CC BY-SA 2.0.<\/p>\n<p>La firme de Sam Altman est venue se plaindre aupr\u00e8s de l\u2019UE, entre autres, de \u00ab\u00a0difficult\u00e9s\u00a0\u00e0 entrer en concurrence avec ces grandes entreprises\u00a0\u00bb que sont Apple, Alphabet (Google) et Microsoft, et demander \u00e0 la directrice du bureau antitrust d\u2019intervenir afin \u00ab\u00a0d\u2019emp\u00eacher les grandes plateformes de verrouiller les utilisateurs chez eux\u00a0\u00bb.<\/p>\n<p>OpenAI s\u2019inqui\u00e8te aussi de \u00ab\u00a0l\u2019acc\u00e8s aux donn\u00e9es essentielles\u00a0\u00bb, qui pourrait selon elle \u00eatre limit\u00e9 voire bloqu\u00e9 par ces entreprises proposant leurs services de cloud \u00e0 leurs clients. Une fa\u00e7on de demander indirectement l\u2019acc\u00e8s pour ChatGPT aux donn\u00e9es priv\u00e9es, ou en tout cas d\u2019interdire \u00e0 ses concurrents de bloquer l\u2019acc\u00e8s \u00e0 celles-ci\u00a0? L\u2019id\u00e9e d\u2019emp\u00eacher toute limitation d\u2019acc\u00e8s en for\u00e7ant la main aux comp\u00e9titeurs par le biais de l\u2019UE n\u2019est pas si absurde : Apple sortira bien t\u00f4t ou tard son Siri am\u00e9lior\u00e9, et celui-ci \u00e9tant amen\u00e9 \u00e0 acc\u00e9der aux donn\u00e9es personnelles pr\u00e9sentes sur le t\u00e9l\u00e9phone du client, OpenAI serait bien inspir\u00e9e de forcer la pomme \u00e0 lui laisser \u00e0 elle aussi un acc\u00e8s \u00e0 la demande du consommateur.<\/p>\n<p>Si jusqu\u2019\u00e0 r\u00e9cemment Microsoft tout comme Apple semblaient \u00eatres bons camarades avec OpenAI, les choses commencent \u00e0 se d\u00e9grader : Apple compte marcher sur les plate-bandes de ChatGPT d\u2019ici l\u2019ann\u00e9e prochaine, et Microsoft a bien implant\u00e9 son Copilot face \u00e0 ChatGPT dans ses produits tels que la suite Office. De son c\u00f4t\u00e9, OpenAI s\u2019int\u00e8gre de plus en plus dans les entreprises, jusqu\u2019alors chasse gard\u00e9e de Redmond. La guerre est d\u00e9clar\u00e9e, et tous les moyens sont bons.<\/p>\n","protected":false},"excerpt":{"rendered":"Alors qu\u2019OpenAI a r\u00e9cemment pr\u00e9sent\u00e9 la possibilit\u00e9 d\u2019int\u00e9grer des apps dans ChatGPT, tente-t-elle maintenant de faire plier ses&hellip;\n","protected":false},"author":2,"featured_media":451580,"comment_status":"","ping_status":"","sticky":false,"template":"","format":"standard","meta":{"footnotes":""},"categories":[1586],"tags":[11,733,2196,1777,674,1779,1011,27,323,5533,12,143,25,1778,364],"class_list":{"0":"post-451579","1":"post","2":"type-post","3":"status-publish","4":"format-standard","5":"has-post-thumbnail","7":"category-europe","8":"tag-actualites","9":"tag-apple","10":"tag-commission-europeenne","11":"tag-eu","12":"tag-europe","13":"tag-european-union","14":"tag-fr","15":"tag-france","16":"tag-google","17":"tag-microsoft","18":"tag-news","19":"tag-openai","20":"tag-republique-francaise","21":"tag-ue","22":"tag-union-europeenne"},"share_on_mastodon":{"url":"https:\/\/pubeurope.com\/@fr\/115347794967850576","error":""},"_links":{"self":[{"href":"https:\/\/www.europesays.com\/fr\/wp-json\/wp\/v2\/posts\/451579","targetHints":{"allow":["GET"]}}],"collection":[{"href":"https:\/\/www.europesays.com\/fr\/wp-json\/wp\/v2\/posts"}],"about":[{"href":"https:\/\/www.europesays.com\/fr\/wp-json\/wp\/v2\/types\/post"}],"author":[{"embeddable":true,"href":"https:\/\/www.europesays.com\/fr\/wp-json\/wp\/v2\/users\/2"}],"replies":[{"embeddable":true,"href":"https:\/\/www.europesays.com\/fr\/wp-json\/wp\/v2\/comments?post=451579"}],"version-history":[{"count":0,"href":"https:\/\/www.europesays.com\/fr\/wp-json\/wp\/v2\/posts\/451579\/revisions"}],"wp:featuredmedia":[{"embeddable":true,"href":"https:\/\/www.europesays.com\/fr\/wp-json\/wp\/v2\/media\/451580"}],"wp:attachment":[{"href":"https:\/\/www.europesays.com\/fr\/wp-json\/wp\/v2\/media?parent=451579"}],"wp:term":[{"taxonomy":"category","embeddable":true,"href":"https:\/\/www.europesays.com\/fr\/wp-json\/wp\/v2\/categories?post=451579"},{"taxonomy":"post_tag","embeddable":true,"href":"https:\/\/www.europesays.com\/fr\/wp-json\/wp\/v2\/tags?post=451579"}],"curies":[{"name":"wp","href":"https:\/\/api.w.org\/{rel}","templated":true}]}}