{"id":451581,"date":"2025-10-10T03:40:15","date_gmt":"2025-10-10T03:40:15","guid":{"rendered":"https:\/\/www.europesays.com\/fr\/451581\/"},"modified":"2025-10-10T03:40:15","modified_gmt":"2025-10-10T03:40:15","slug":"doutes-syndrome-de-bonnie-and-clyde-ce-que-devoilent-les-ex-compagnes-de-laccuse","status":"publish","type":"post","link":"https:\/\/www.europesays.com\/fr\/451581\/","title":{"rendered":"\u00ab\u00a0Doutes\u00a0\u00bb, \u00ab\u00a0syndrome de Bonnie and Clyde\u00a0\u00bb\u2026 Ce que d\u00e9voilent les ex-compagnes de l\u2019accus\u00e9"},"content":{"rendered":"<p>Quoi qu\u2019on en pense, il est acquis que <a href=\"https:\/\/www.20minutes.fr\/faits_divers\/affaire-jubillar\/\" class=\"c-link c-link--is-underlined\" rel=\"nofollow noopener\" target=\"_blank\">C\u00e9dric Jubillar<\/a> n\u2019a pas attendu longtemps apr\u00e8s la disparition de Delphine pour nouer d\u2019autres relations intimes. Parmi ses derni\u00e8res conqu\u00eates, deux ont jou\u00e9 un r\u00f4le retentissant dans l\u2019affaire. D\u2019abord S\u00e9verine L., 48 ans aujourd\u2019hui, des dreads d\u00e9color\u00e9es attach\u00e9es en une grosse queue-de-cheval, timbre grave, \u00ab\u00a0grande gueule, comme lui\u00a0\u00bb. Elle a \u00e9t\u00e9 bri\u00e8vement plac\u00e9e en garde \u00e0 vue pour \u00ab\u00a0complicit\u00e9 de recel de cadavre\u00a0\u00bb apr\u00e8s l\u2019\u00e9pisode, \u00ab\u00a0carambolesque\u00a0\u00bb comme elle dit, des confidences qu\u2019aurait faites C\u00e9dric Jubillar au repris de justice <a href=\"https:\/\/www.20minutes.fr\/societe\/3287955-20220511-affaire-delphine-jubillar-aveux-affabulations-mari-delphine-confronte-ancien-codetenu\" class=\"c-link c-link--is-underlined\" rel=\"nofollow noopener\" target=\"_blank\">\u00ab\u00a0Marco\u00a0\u00bb<\/a> en prison. Sa relation avec l\u2019accus\u00e9, chez l\u2019un ou chez l\u2019autre, a dur\u00e9 du 10\u00a0avril 2021 \u00e0 l\u2019incarc\u00e9ration du peintre plaquiste le 18\u00a0juin suivant, et s\u2019est poursuivie \u00e0 distance jusqu\u2019en d\u00e9cembre, lorsque les gendarmes ont d\u00e9barqu\u00e9 chez elle.<\/p>\n<\/p>\n<p>Jennifer a 31 ans. Cheveux noirs, manteau noir qu\u2019elle serre sur elle lorsqu\u2019elle est d\u00e9stabilis\u00e9e, d\u00e9bit cotonneux, elle a pr\u00e9f\u00e9r\u00e9 t\u00e9moigner depuis le commissariat d\u2019Auch, dans le <a href=\"https:\/\/www.20minutes.fr\/dossier\/gers\" class=\"c-link c-link--is-underlined\" rel=\"nofollow noopener\" target=\"_blank\">Gers<\/a>, o\u00f9 elle a toujours habit\u00e9. Avant de d\u00e9couvrir qu\u2019il est avec S\u00e9verine, elle d\u00e9bute d\u00e8s le d\u00e9part de l\u2019enqu\u00eate une relation \u00ab\u00a0num\u00e9rique\u00a0\u00bb avec C\u00e9dric. Leurs conversations durent parfois toute la nuit. Ils ne se verront en chair et en os que le 9\u00a0novembre 2024, au parloir de la maison d\u2019arr\u00eat de Seysses. Des parloirs parfois torrides. Mais l\u2019histoire d\u2019amour, durant laquelle le couple parle d\u2019avoir un b\u00e9b\u00e9 et m\u00eame de se marier, prend fin brutalement quand au mois de juin\u00a02025, \u00e0 trois mois du proc\u00e8s, Jennifer r\u00e9v\u00e8le dans la presse que C\u00e9dric lui a avou\u00e9 avoir \u00e9trangl\u00e9 Delphine, mimant m\u00eame la cl\u00e9 de bras, d\u2019abord sur lui puis sur elle.<\/p>\n<p>Un pull et des messages sur les r\u00e9seaux<\/p>\n<p>Il y a un point commun entre ces deux femmes. Ce sont elles qui ont pris contact avec C\u00e9dric Jubillar via les r\u00e9seaux sociaux. S\u00e9verine parce qu\u2019elle \u00e9tait \u00ab\u00a0curieuse\u00a0\u00bb et participait aux recherches. Pour elle, le pr\u00e9texte de la rencontre a \u00e9t\u00e9 un pull trouv\u00e9 qui, pensait-elle, pouvait contribuer \u00e0 l\u2019enqu\u00eate. Jennifer a joint le mari \u00ab\u00a0parce qu\u2019il y avait des enfants petits\u00a0\u00bb et qu\u2019elle voulait \u00ab\u00a0aider\u00a0\u00bb.<\/p>\n<p>Aujourd\u2019hui, \u00e0 l\u2019heure de t\u00e9moigner au proc\u00e8s pour meurtre de leur ex, tout les s\u00e9parent. S\u00e9verine ne \u00ab\u00a0regrette pas du tout [sa] relation avec C\u00e9dric\u00a0\u00bb, et, s\u2019il lui \u00ab\u00a0est arriv\u00e9 d\u2019avoir des doutes\u00a0\u00bb, \u00ab\u00a0aux jours d\u2019aujourd\u2019hui\u00a0\u00bb, elle \u00ab\u00a0pense que ce n\u2019est pas lui\u00a0\u00bb. Jennifer croit, elle, aux aveux qu\u2019il lui a pass\u00e9s et on sent bien qu\u2019elle ne veut plus entendre parler de tout \u00e7a.<\/p>\n<p>Bouliste et complotisme<\/p>\n<p>S\u00e9verine fait tout pour d\u00e9peindre le mari de Delphine sous un bon jour. \u00ab\u00a0Ce n\u2019est pas quelqu\u2019un de m\u00e9chant. Il s\u2019occupait super bien de ses enfants\u00a0\u00bb, assure-t-elle. Mais le sang de Me Malika Chmani, un des avocats des enfants, ne fait qu\u2019un tour. Elle lui ressort ses d\u00e9positions. Et, oui, S\u00e9verine finit par reconna\u00eetre que l\u2019accus\u00e9 pouvait se montrer tr\u00e8s violent avec Louis et \u00ab\u00a0c\u2019est, vrai, qu\u2019il ne cherchait pas trop sa femme\u00a0\u00bb. A force de vouloir tout id\u00e9aliser et de voir revenir en boomerang ses propres d\u00e9clarations, S\u00e9verine s\u2019\u00e9nerve, sombre dans le complotisme\u00a0: \u00ab\u00a0Faudrait quand m\u00eame qu\u2019on v\u00e9rifie si c\u2019est bien ma signature sur ces PV\u00a0\u00bb\u2026 Avant m\u00eame de rencontrer le mari, elle avait d\u00e9j\u00e0 signal\u00e9 aux gendarmes un certain \u00ab\u00a0Nick Chakapoum\u00a0\u00bb, bouliste de son \u00e9tat, qu\u2019elle avait rep\u00e9r\u00e9 sur Facebook. \u00ab\u00a0Son profil a disparu quand je suis sortie de la gendarmerie\u00a0\u00bb, s\u2019offusque S\u00e9verine, laissant une \u00e9trange impression. N\u2019y tenant plus, Me Philippe Pressecq, le conseil de la cousine de Delphine, lui l\u00e2che\u00a0: \u00ab\u00a0Vous connaissez le syndrome de Bonnie and Clyde, <a href=\"https:\/\/www.20minutes.fr\/societe\/4137443-20250214-saint-valentin-pourquoi-deadpool-killer-tant-autres-meurtriers-veritables-groupies\" class=\"c-link c-link--is-underlined\" rel=\"nofollow noopener\" target=\"_blank\">l\u2019hybristophilie<\/a>\u00a0? Je pense que vous croyiez qu\u2019il \u00e9tait coupable et que c\u2019est ce qui vous attirait chez lui\u00a0!\u00a0\u00bb. \u00ab\u00a0Pour me mettre avec quelqu\u2019un de coupable\u00a0? Qui a tu\u00e9 sa femme\u00a0?\u00a0\u00bb, bredouille l\u2019ex-amante.<\/p>\n<p>\u00ab\u00a0C\u2019est du grand n\u2019importe quoi\u00a0!\u00a0\u00bb<\/p>\n<p>Et Jennifer alors\u00a0? Pourquoi reprendre le fil d\u2019une relation avec un homme d\u00e9sormais en prison, qu\u2019elle n\u2019a jamais vu et qui lui a menti\u00a0? \u00ab\u00a0Il me dit que c\u2019est pour concr\u00e9tiser le lien qu\u2019on a et je me dis que depuis le temps qu\u2019on se parle, je peux pas laisser cette relation comme \u00e7a\u00a0\u00bb, explique-t-elle. Elle contextualise aussi la \u00ab\u00a0confession\u00a0\u00bb. Les aveux seraient arriv\u00e9s au fil de trois parloirs. \u00ab\u00a0Il n\u2019arr\u00eatait pas \u00e0 l\u2019approche du proc\u00e8s de me dire qu\u2019il ne voulait pas que j\u2019y sois parce que j\u2019allais entendre des choses horribles sur lui. \u00ab\u00a0Mais, c\u2019est toi alors\u00a0?\u00a0\u00bb, j\u2019ai demand\u00e9\u00a0\u00bb. Et il aurait avou\u00e9, ajoutant au fil de leur rendez-vous les d\u00e9tails techniques du meurtre. \u00ab\u00a0C\u2019est du grand n\u2019importe quoi\u00a0!\u00a0\u00bb r\u00e9agit C\u00e9dric Jubillar. \u00ab\u00a0Parce que j\u2019ai beaucoup insist\u00e9 pour qu\u2019elle me ram\u00e8ne du shit. Elle a d\u00fb se trouver manipul\u00e9e. Et elle s\u2019est veng\u00e9e\u00a0\u00bb, interpr\u00e8te-t-il.<\/p>\n<p><a href=\"https:\/\/www.20minutes.fr\/faits_divers\/affaire-jubillar\/\" class=\"c-link c-btn c-btn--primary\" rel=\"nofollow noopener\" target=\"_blank\">Notre dossier sur l&rsquo;affaire Jubillar<\/a><\/p>\n<p>Alors, bombe atomique pour l\u2019accus\u00e9\u00a0? Ou vengeance calcul\u00e9e\u00a0? Me Laurent Boguet, l\u2019autre avocat des enfants, rep\u00e8re dans les d\u00e9clarations de Jennifer des d\u00e9tails que seul C\u00e9dric Jubillar a pu lui confier\u00a0: son \u00e9gratignure au bras qu\u2019il a expliqu\u00e9 \u00eatre due au maniement de \u00ab\u00a0plancher flottant\u00a0\u00bb lors de l\u2019examen m\u00e9dico-l\u00e9gal qu\u2019il a subi le 16\u00a0d\u00e9cembre, au lendemain de la disparition par exemple. \u00ab\u00a0Ce d\u00e9tail, elle ne peut le tenir que de la bouche de Jubillar, analyse aussi Mourad Battikh, l\u2019avocat de proches de Delphine, en marge de l\u2019audience. C\u2019est la d\u00e9marche d\u2019une jeune femme qui a \u00e9t\u00e9 attir\u00e9e par un homme \u00e0 un moment donn\u00e9. Ce syndrome de Bonnie and Clyde l\u2019a d\u00e9pass\u00e9e et aujourd\u2019hui, elle fait marche arri\u00e8re, elle se sent la responsabilit\u00e9 de restituer les choses qui lui ont \u00e9t\u00e9 dites\u00a0\u00bb.<\/p>\n<p>L\u2019audience de vendredi sera enti\u00e8rement consacr\u00e9e \u00e0 l\u2019interrogatoire de l\u2019accus\u00e9.<\/p>\n","protected":false},"excerpt":{"rendered":"Quoi qu\u2019on en pense, il est acquis que C\u00e9dric Jubillar n\u2019a pas attendu longtemps apr\u00e8s la disparition de&hellip;\n","protected":false},"author":2,"featured_media":451582,"comment_status":"","ping_status":"","sticky":false,"template":"","format":"standard","meta":{"footnotes":""},"categories":[2],"tags":[47,11,33044,2715,1011,27,2722,303,777,2721,12,2680,2694,25,8412,2312],"class_list":{"0":"post-451581","1":"post","2":"type-post","3":"status-publish","4":"format-standard","5":"has-post-thumbnail","7":"category-actualites","8":"tag-actualite","9":"tag-actualites","10":"tag-affaire-jubillar","11":"tag-disparition","12":"tag-fr","13":"tag-france","14":"tag-haute-garonne","15":"tag-justice","16":"tag-meurtre","17":"tag-midi-pyrenees","18":"tag-news","19":"tag-occitanie","20":"tag-proces","21":"tag-republique-francaise","22":"tag-tarn","23":"tag-toulouse"},"share_on_mastodon":{"url":"https:\/\/pubeurope.com\/@fr\/115347798299116902","error":""},"_links":{"self":[{"href":"https:\/\/www.europesays.com\/fr\/wp-json\/wp\/v2\/posts\/451581","targetHints":{"allow":["GET"]}}],"collection":[{"href":"https:\/\/www.europesays.com\/fr\/wp-json\/wp\/v2\/posts"}],"about":[{"href":"https:\/\/www.europesays.com\/fr\/wp-json\/wp\/v2\/types\/post"}],"author":[{"embeddable":true,"href":"https:\/\/www.europesays.com\/fr\/wp-json\/wp\/v2\/users\/2"}],"replies":[{"embeddable":true,"href":"https:\/\/www.europesays.com\/fr\/wp-json\/wp\/v2\/comments?post=451581"}],"version-history":[{"count":0,"href":"https:\/\/www.europesays.com\/fr\/wp-json\/wp\/v2\/posts\/451581\/revisions"}],"wp:featuredmedia":[{"embeddable":true,"href":"https:\/\/www.europesays.com\/fr\/wp-json\/wp\/v2\/media\/451582"}],"wp:attachment":[{"href":"https:\/\/www.europesays.com\/fr\/wp-json\/wp\/v2\/media?parent=451581"}],"wp:term":[{"taxonomy":"category","embeddable":true,"href":"https:\/\/www.europesays.com\/fr\/wp-json\/wp\/v2\/categories?post=451581"},{"taxonomy":"post_tag","embeddable":true,"href":"https:\/\/www.europesays.com\/fr\/wp-json\/wp\/v2\/tags?post=451581"}],"curies":[{"name":"wp","href":"https:\/\/api.w.org\/{rel}","templated":true}]}}