{"id":451591,"date":"2025-10-10T03:48:16","date_gmt":"2025-10-10T03:48:16","guid":{"rendered":"https:\/\/www.europesays.com\/fr\/451591\/"},"modified":"2025-10-10T03:48:16","modified_gmt":"2025-10-10T03:48:16","slug":"motogp-de-toute-evidence-taylor-swift-nest-pas-la-tasse-de-the-de-zarco-et-chantra","status":"publish","type":"post","link":"https:\/\/www.europesays.com\/fr\/451591\/","title":{"rendered":"MotoGP De toute \u00e9vidence, Taylor Swift n&rsquo;est pas la tasse de th\u00e9 de Zarco et Chantra !"},"content":{"rendered":"<p>Le week-end dernier, \u00e0 l\u2019occasion du Grand-Prix d\u2019Indon\u00e9sie de MotoGP 2025, les pilotes LCR se sont livr\u00e9s \u00e0 la traditionnelle partie de Time\u2019s UP. Et si les deux hommes se sont tr\u00e8s bien d\u00e9brouill\u00e9s concernant les sports m\u00e9caniques, trouvant facilement les noms des Max Verstappen, Mick Doohan et autre Valentino Rossi, concernant le monde de la musique et du cin\u00e9ma\u2026ce fut choux blanc !<\/p>\n<p>MotoGP : Somkiat Chantra ne connait pas Keanu Reeves !<\/p>\n<p>Ainsi, malgr\u00e9 le tapage m\u00e9diatique qui ne cesse depuis la sortie de son album -controvers\u00e9, certes, <a href=\"https:\/\/lemagsportauto.ouest-france.fr\/tag\/johann-zarco\" target=\"_blank\" rel=\"noopener\">Johann Zarco<\/a> n\u2019a pas su identifier la chanteuse Taylor Swift. Mais on ne lui en voudra pas\u2026En revanche, difficilement pardonnable, Somkiat Chantra ne connaissait tout bonnement pas le nom de <a href=\"https:\/\/lemagjeuxhightech.com\/tag\/keanu-reeves\/\" target=\"_blank\" rel=\"noopener\">Keanu Reeves<\/a> ! Il avait pourtant visit\u00e9 son co\u00e9quipier et le stand LCR \u00e0 plusieurs reprises, cette ann\u00e9e. Retour sur la s\u00e9quence en question, en vid\u00e9o, post\u00e9e sur les r\u00e9seaux sociaux par l\u2019\u00e9quipe mon\u00e9gasque et la MotoGP.<\/p>\n<blockquote class=\"instagram-media\" style=\"background: #FFF; border: 0; border-radius: 3px; box-shadow: 0 0 1px 0 rgba(0,0,0,0.5),0 1px 10px 0 rgba(0,0,0,0.15); margin: 1px; max-width: 540px; min-width: 326px; padding: 0; width: calc(100% - 2px);\" data-instgrm-captioned=\"\" data-instgrm-permalink=\"https:\/\/www.instagram.com\/reel\/DPlgAl-iLhC\/?utm_source=ig_embed&amp;utm_campaign=loading\" data-instgrm-version=\"14\">\n<\/blockquote>\n<p>Article publi\u00e9 le 10\/10\/2025 \u00e0 5h30<\/p>\n<p>                                            <img loading=\"lazy\" alt=\"\" class=\"avatar avatar-100 photo lazyload\" height=\"100\" width=\"100\" decoding=\"async\" src=\"https:\/\/www.europesays.com\/fr\/wp-content\/uploads\/2025\/10\/1760068096_34_ffbb894c35ea5189d599d4ea062c98b86ffb67cc602fa683ebcbf422a80fc47a\"  data-eio-rwidth=\"100\" data-eio-rheight=\"100\"\/><\/p>\n<p class=\"h2\">\n                                            Julien Barthet\n                                        <\/p>\n<p>R\u00e9dacteur professionnel, titulaire de la carte de presse pendant 3 ans. Fondateur\/Directeur et R\u00e9dacteur en chef Le Mag Sport Auto et LeMagJeuxHighTech.com.&#13;<br \/>\nEx-Pilote automobile : 55 courses (Formule Ford, F.Campus, Coupe 206 Sprint et Relais, Saxo, Ford Fiesta Allemagne, Mitjet) 1 Victoire. Essais F3, Nascar Euro, Caterham, F.Renault, etc.<\/p>\n<p>                                                                                                                            <a href=\"https:\/\/lemagsportauto.ouest-france.fr\/author\/lmsa_adm\/\" title=\"Julien Barthet\" target=\"_blank\" rel=\"noopener\"><br \/>\n                                                Voir les publications de l&rsquo;auteur<br \/>\n                                            <\/a><\/p>\n<p>                                <script async src=\"\/\/www.instagram.com\/embed.js\"><\/script><\/p>\n","protected":false},"excerpt":{"rendered":"Le week-end dernier, \u00e0 l\u2019occasion du Grand-Prix d\u2019Indon\u00e9sie de MotoGP 2025, les pilotes LCR se sont livr\u00e9s \u00e0&hellip;\n","protected":false},"author":2,"featured_media":451592,"comment_status":"","ping_status":"","sticky":false,"template":"","format":"standard","meta":{"footnotes":""},"categories":[1413],"tags":[1011,27,1741,1457,1456,1458,16689,60],"class_list":{"0":"post-451591","1":"post","2":"type-post","3":"status-publish","4":"format-standard","5":"has-post-thumbnail","7":"category-moto","8":"tag-fr","9":"tag-france","10":"tag-johann-zarco","11":"tag-moto","12":"tag-motocycle","13":"tag-motogp","14":"tag-somkiat-chantra","15":"tag-sports"},"share_on_mastodon":{"url":"https:\/\/pubeurope.com\/@fr\/115347829950541261","error":""},"_links":{"self":[{"href":"https:\/\/www.europesays.com\/fr\/wp-json\/wp\/v2\/posts\/451591","targetHints":{"allow":["GET"]}}],"collection":[{"href":"https:\/\/www.europesays.com\/fr\/wp-json\/wp\/v2\/posts"}],"about":[{"href":"https:\/\/www.europesays.com\/fr\/wp-json\/wp\/v2\/types\/post"}],"author":[{"embeddable":true,"href":"https:\/\/www.europesays.com\/fr\/wp-json\/wp\/v2\/users\/2"}],"replies":[{"embeddable":true,"href":"https:\/\/www.europesays.com\/fr\/wp-json\/wp\/v2\/comments?post=451591"}],"version-history":[{"count":0,"href":"https:\/\/www.europesays.com\/fr\/wp-json\/wp\/v2\/posts\/451591\/revisions"}],"wp:featuredmedia":[{"embeddable":true,"href":"https:\/\/www.europesays.com\/fr\/wp-json\/wp\/v2\/media\/451592"}],"wp:attachment":[{"href":"https:\/\/www.europesays.com\/fr\/wp-json\/wp\/v2\/media?parent=451591"}],"wp:term":[{"taxonomy":"category","embeddable":true,"href":"https:\/\/www.europesays.com\/fr\/wp-json\/wp\/v2\/categories?post=451591"},{"taxonomy":"post_tag","embeddable":true,"href":"https:\/\/www.europesays.com\/fr\/wp-json\/wp\/v2\/tags?post=451591"}],"curies":[{"name":"wp","href":"https:\/\/api.w.org\/{rel}","templated":true}]}}