{"id":451598,"date":"2025-10-10T03:52:11","date_gmt":"2025-10-10T03:52:11","guid":{"rendered":"https:\/\/www.europesays.com\/fr\/451598\/"},"modified":"2025-10-10T03:52:11","modified_gmt":"2025-10-10T03:52:11","slug":"exclu-laeticia-hallyday-la-veritable-raison-pour-laquelle-elle-a-boude-la-fashion-week-de-paris","status":"publish","type":"post","link":"https:\/\/www.europesays.com\/fr\/451598\/","title":{"rendered":"EXCLU. Laeticia Hallyday : la v\u00e9ritable raison pour laquelle elle a boud\u00e9 la Fashion Week de Paris"},"content":{"rendered":"<p>C\u2019est une absence qui n\u2019est pas pass\u00e9e inaper\u00e7ue. Alors que la<br \/>\n<a href=\"https:\/\/www.closermag.fr\/people\/thylane-blondeau-la-plus-belle-petite-fille-du-monde-a-24-ans-et-eblouit-la-fashion-week-a-paris-photos-3584805\" target=\"_blank\" rel=\"noopener\"><br \/>\nFashion Week de Paris<\/a> battait son plein du 29 septembre au 6<br \/>\noctobre 2025, Laeticia Hallyday, habitu\u00e9e des premiers rangs, n\u2019a<br \/>\ncette fois-ci pas fait le d\u00e9placement. Selon les informations<br \/>\nexclusives de Closer, la<br \/>\nveuve de Johnny traverse une p\u00e9riode de grand d\u00e9sarroi et a pr\u00e9f\u00e9r\u00e9<br \/>\nrester loin de l\u2019effervescence parisienne.<\/p>\n<p data-start=\"520\" data-end=\"944\">Depuis la vente de <a href=\"https:\/\/www.closermag.fr\/people\/johnny-hallyday-la-maison-de-marnes-la-coquette-vendue-cette-question-qui-tarabuste-les-voisins-3557390\" target=\"_blank\" rel=\"noopener\"><br \/>\nLa Savannah<\/a>, la villa de Marnes-la-Coquette o\u00f9 elle avait tant<br \/>\nde souvenirs avec <a href=\"https:\/\/www.closermag.fr\/people\/exclu-laeticia-hallyday-plombee-par-les-dettes-de-johnny-decision-radicale-pour-sa-maison-de-marnes-la-coquette-3539483\" target=\"_blank\" rel=\"noopener\"><br \/>\nJohnny<\/a> et leurs filles, Laeticia vit une p\u00e9riode de transition<br \/>\ncompliqu\u00e9e. D\u2019apr\u00e8s nos sources, elle est encore dans les cartons<br \/>\net passe ses journ\u00e9es \u00e0 vider les derniers recoins de la propri\u00e9t\u00e9.<br \/>\nUne t\u00e2che \u00e9prouvante, autant sur le plan logistique<br \/>\nqu\u2019\u00e9motionnel.<\/p>\n<p>Laeticia Hallyday : ces deux<br \/>\nd\u00e9m\u00e9nagements qu&rsquo;elle doit g\u00e9rer<\/p>\n<p data-start=\"946\" data-end=\"1334\">La situation ne s\u2019arrange pas<br \/>\navec le <strong data-start=\"984\" data-end=\"1029\">d\u00e9m\u00e9nagement qui<br \/>\ns\u2019\u00e9ternise \u00e0<\/strong> <a href=\"https:\/\/www.closermag.fr\/people\/exclu-laeticia-hallyday-son-avenir-a-los-angeles-compromis-3574035\" target=\"_blank\" rel=\"noopener\"><br \/>\nLos Angeles<\/a>. Depuis les incendies qui ont ravag\u00e9 certaines<br \/>\nzones de la ville, Laeticia a d\u00fb composer avec des retards, des<br \/>\nimpr\u00e9vus et une logistique infernale. \u00c0 cela s\u2019ajoute une longue<br \/>\np\u00e9riode d\u2019incertitude : pendant des mois, elle n\u2019a pas trouv\u00e9 de<br \/>\nnouveau logement stable pour elle et ses filles, <a href=\"https:\/\/www.closermag.fr\/people\/exclu-laeticia-hallyday-ses-filles-jade-et-joy-envahies-par-lemotion-a-la-soiree-dadieux-a-marnes-la-coquette-3558604\" target=\"_blank\" rel=\"noopener\"><br \/>\nJade et Joy<\/a>. Mais bonne nouvelle : la veuve aurait finalement<br \/>\npos\u00e9 ses valises dans une <strong data-start=\"1411\" data-end=\"1458\">maison en location non loin de Venice Beach<\/strong>, un<br \/>\nquartier qu\u2019elle affectionne particuli\u00e8rement pour son ambiance<br \/>\nboh\u00e8me et sa proximit\u00e9 avec l\u2019oc\u00e9an.<\/p>\n<p data-start=\"946\" data-end=\"1334\">\u00c9puis\u00e9e par ces semaines de<br \/>\nchaos domestique, Laeticia Hallyday a donc d\u00e9clin\u00e9 poliment les<br \/>\ninvitations des grandes maisons de couture, de <strong data-start=\"1697\" data-end=\"1705\">Dior<\/strong> \u00e0 <strong data-start=\"1708\" data-end=\"1725\">Saint Laurent<\/strong>, pr\u00e9f\u00e9rant se recentrer sur<br \/>\nsa vie personnelle. Une d\u00e9cision compr\u00e9hensible, m\u00eame si ses fans<br \/>\nesp\u00e9raient la retrouver sur les pav\u00e9s parisiens.<\/p>\n<p>Laeticia Hallyday : pas de week-end romantique avec Fr\u00e9d\u00e9ric<br \/>\nSuant<\/p>\n<p>Toujours selon les informations de Closer, <strong data-start=\"45\" data-end=\"134\">Laeticia<br \/>\nHallyday peine aussi \u00e0 profiter pleinement de son couple<br \/>\navec<\/strong> <a href=\"https:\/\/www.closermag.fr\/people\/exclu-laeticia-hallyday-et-frederic-suant-de-leau-dans-le-gaz-le-couple-pas-vraiment-a-la-fete-pour-ses-un-an-3585558\" target=\"_blank\" rel=\"noopener\"><br \/>\nFr\u00e9d\u00e9ric Suant<\/a>. L\u2019homme d\u2019affaires, install\u00e9 en<br \/>\nCharente-Maritime, aurait pourtant fait le d\u00e9placement pour passer<br \/>\ndu temps avec sa compagne et c\u00e9l\u00e9brer leur premi\u00e8re bougie. Mais<br \/>\nentre les cartons, les d\u00e9marches administratives et le stress du<br \/>\nd\u00e9m\u00e9nagement, Laeticia Hallyday n\u2019arrive pas \u00e0 d\u00e9crocher. R\u00e9sultat<br \/>\n: <strong data-start=\"445\" data-end=\"495\">pas de d\u00eener romantique,<br \/>\nni de moment suspendu<\/strong> pour marquer cette date<br \/>\nsymbolique.<\/p>\n<p><strong>COMMENT ACHETER CLOSER ? Votre magazine est en vente \u00e0<br \/>\npartir du vendredi 10 octobre 2025 chez votre marchand de journaux,<br \/>\nsur <a href=\"https:\/\/play.google.com\/store\/apps\/details?id=com.immanens.kioskmag&amp;hl=fr\" target=\"_blank\" rel=\"noopener\"><br \/>\nAndroid<\/a>,\u00a0<a href=\"https:\/\/apps.apple.com\/fr\/app\/closer-magazine\/id395501531\" target=\"_blank\" rel=\"noopener\">iPad<\/a>\u00a0et<br \/>\nsur\u00a0<a href=\"https:\/\/www.kiosquemag.com\/titres\/closer\/offres?utm_source=Closer&amp;utm_medium=article\" target=\"_blank\" rel=\"noopener\">KiosqueMag.<\/a><\/strong><\/p>\n","protected":false},"excerpt":{"rendered":"C\u2019est une absence qui n\u2019est pas pass\u00e9e inaper\u00e7ue. Alors que la Fashion Week de Paris battait son plein&hellip;\n","protected":false},"author":2,"featured_media":451599,"comment_status":"","ping_status":"","sticky":false,"template":"","format":"standard","meta":{"footnotes":""},"categories":[1359],"tags":[58,59,992,1011,27,7648,973],"class_list":{"0":"post-451598","1":"post","2":"type-post","3":"status-publish","4":"format-standard","5":"has-post-thumbnail","7":"category-people","8":"tag-divertissement","9":"tag-entertainment","10":"tag-fashion-week","11":"tag-fr","12":"tag-france","13":"tag-laeticia-hallyday","14":"tag-people"},"share_on_mastodon":{"url":"https:\/\/pubeurope.com\/@fr\/115347845581825093","error":""},"_links":{"self":[{"href":"https:\/\/www.europesays.com\/fr\/wp-json\/wp\/v2\/posts\/451598","targetHints":{"allow":["GET"]}}],"collection":[{"href":"https:\/\/www.europesays.com\/fr\/wp-json\/wp\/v2\/posts"}],"about":[{"href":"https:\/\/www.europesays.com\/fr\/wp-json\/wp\/v2\/types\/post"}],"author":[{"embeddable":true,"href":"https:\/\/www.europesays.com\/fr\/wp-json\/wp\/v2\/users\/2"}],"replies":[{"embeddable":true,"href":"https:\/\/www.europesays.com\/fr\/wp-json\/wp\/v2\/comments?post=451598"}],"version-history":[{"count":0,"href":"https:\/\/www.europesays.com\/fr\/wp-json\/wp\/v2\/posts\/451598\/revisions"}],"wp:featuredmedia":[{"embeddable":true,"href":"https:\/\/www.europesays.com\/fr\/wp-json\/wp\/v2\/media\/451599"}],"wp:attachment":[{"href":"https:\/\/www.europesays.com\/fr\/wp-json\/wp\/v2\/media?parent=451598"}],"wp:term":[{"taxonomy":"category","embeddable":true,"href":"https:\/\/www.europesays.com\/fr\/wp-json\/wp\/v2\/categories?post=451598"},{"taxonomy":"post_tag","embeddable":true,"href":"https:\/\/www.europesays.com\/fr\/wp-json\/wp\/v2\/tags?post=451598"}],"curies":[{"name":"wp","href":"https:\/\/api.w.org\/{rel}","templated":true}]}}