{"id":451600,"date":"2025-10-10T03:53:31","date_gmt":"2025-10-10T03:53:31","guid":{"rendered":"https:\/\/www.europesays.com\/fr\/451600\/"},"modified":"2025-10-10T03:53:31","modified_gmt":"2025-10-10T03:53:31","slug":"laventure-algerienne-de-larchitecte-fernand-pouillon","status":"publish","type":"post","link":"https:\/\/www.europesays.com\/fr\/451600\/","title":{"rendered":"L\u2019aventure alg\u00e9rienne de l&rsquo;architecte Fernand Pouillon"},"content":{"rendered":"<p><strong>Les archives d&rsquo;AD \u2014 Reportage initialement paru dans AD N\u00b0157.<\/strong><\/p>\n<p>Braver l\u2019interdit a (parfois) du bon. C\u2019est parce qu\u2019il a fait le mur, un soir \u00e0 Alger, alors qu\u2019on le lui avait fortement d\u00e9conseill\u00e9, que le photographe helv\u00e8te L\u00e9o Fabrizio est tomb\u00e9 litt\u00e9ralement en extase devant d\u2019autres murs : ceux de l\u2019architecte <a href=\"https:\/\/www.admagazine.fr\/article\/marseille-appartement-fernand-pouillon-vendre\" target=\"_blank\" rel=\"noopener\">Fernand Pouillon<\/a> (1912-1986), auteur, entre autres, en France, de l\u2019ensemble de La Tourette, sur le Vieux-Port \u00e0 Marseille, ou de l\u2019immeuble Les 200 logements, \u00e0 Aix-en- Provence. \u00ab C\u2019\u00e9tait en 2012, raconte L\u00e9o Fabrizio. J\u2019\u00e9tais venu en Alg\u00e9rie \u00e0 l\u2019occasion d\u2019une commande du minist\u00e8re des Affaires \u00e9trang\u00e8res pour la construction de la nouvelle ambassade de Suisse. Au cours d\u2019une de mes d\u00e9ambulations nocturnes, j\u2019ai d\u00e9couvert les b\u00e2timents de la cit\u00e9 Diar el-Mah\u00e7oul. Des lampadaires \u00e9clairaient la pierre d\u2019un magnifique halo orang\u00e9. Ce fut pour moi une r\u00e9v\u00e9lation. \u00bb Et, sans le savoir, le d\u00e9but d\u2019une aventure de longue haleine. Le photographe, qui n\u2019avait \u00ab crois\u00e9 la r\u00e9alit\u00e9 alg\u00e9rienne de Pouillon \u00bb que lors de conf\u00e9rences ou d\u2019expositions, se retrouve cette fois face \u00e0 elle physiquement, \u00e9bloui. Plus tard, il d\u00e9couvrira la gen\u00e8se du projet et la traduction de son nom, \u00e0 mi-chemin entre po\u00e9sie et programme politique : La Cit\u00e9 de la promesse tenue.<\/p>\n<p>D\u00e9bute alors une laborieuse r\u00e9colte d\u2019informations, l\u2019oeuvre alg\u00e9rienne de l\u2019architecte fran\u00e7ais \u00e9tant tr\u00e8s peu sinon pas document\u00e9e. Pour faire simple, il y a, dans cette production, deux grands volets : l\u2019un dans les ann\u00e9es 1950, l\u2019autre de la fin des ann\u00e9es 1960 jusqu\u2019au milieu des ann\u00e9es 1980. Ou, comme on a coutume \u00e0 dire pour les peintres, deux p\u00e9riodes, l\u2019une \u00ab blonde \u00bb, celle de la pierre de taille, des grandes op\u00e9rations de logements sociaux et de la m\u00e9tropole alg\u00e9roise ; l\u2019autre \u00ab blanche \u00bb, de l\u2019enduit immacul\u00e9, des vastes programmes de tourisme baln\u00e9aire et de la c\u00f4te alg\u00e9rienne. C\u2019est par son maire, Jacques Chevallier, que Fernand Pouillon re\u00e7ut une invitation \u00e0 se rendre \u00e0 Alger. L\u2019\u00e9dile cherche \u00e0 r\u00e9soudre deux probl\u00e8mes : r\u00e9sorber les bidonvilles de la casbah et faire face \u00e0 l\u2019explosion d\u00e9mographique. Pouillon d\u00e9barque dans la capitale alg\u00e9rienne le 8 mai 1953. \u00ab \u00c0 midi, j\u2019\u00e9tais charg\u00e9 de faire 3 000 logements, \u00e0 cinq heure du soir, d\u2019en faire 8 000. C\u2019est une aventure qui arrive rarement dans sa vie d\u2019\u00eatre honor\u00e9 d\u2019une telle confiance. \u00bb<\/p>\n<p>Ainsi, jusqu\u2019en 1959, va-t-il s\u2019atteler, notamment, \u00e0 trois programmes cl\u00e9s : la r\u00e9alisation des cit\u00e9s Diar es-Saada [\u00ab La Cit\u00e9 du bonheur \u00bb], 730 logements, Diar el-Mah\u00e7oul donc, 1 500 logements, et Climat de France, 5 000 logements. Plant\u00e9e sur les hauteurs de Bab el-Oued et surnomm\u00e9e Les 200 colonnes en raison des nombreux piliers des \u00e9difices formant la place \u00e9ponyme, cette derni\u00e8re est le projet phare alg\u00e9rois de Fernand Pouillon. Au lieu d\u2019une banale HLM, ce dernier offre un palais, comme il l\u2019explique : \u00ab J\u2019ai voulu que les hommes aient une esp\u00e8ce de monument. \u00c9tant donn\u00e9 que c\u2019\u00e9tait de tous petits appartements et que ces appartements \u00e9taient faits pour des gens tr\u00e8s pauvres, j\u2019ai voulu que l\u2019esprit monumental entre dans leur vie, dans la vie courante de tous les jours. \u00bb Sous-entendu : ce n\u2019est pas parce qu\u2019il s\u2019agit de logement social qu\u2019il faut construire mochard. \u00ab Si, en regard du cahier des charges, Pouillon ne peut offrir des m\u00e8tres carr\u00e9s suppl\u00e9mentaires, il veut offrir de la dignit\u00e9 \u00bb, observe L\u00e9o Fabrizio. Son objectif, en tout cas, est clair, voire quasi sacr\u00e9 : \u00ab B\u00e2tir pour la communaut\u00e9 des hommes. \u00bb Ce credo, l\u2019architecte le perp\u00e9tuera au cours de son second s\u00e9jour en Alg\u00e9rie, quelques ann\u00e9es apr\u00e8s la proclamation de l\u2019ind\u00e9pendance. En 1967, il s\u2019installe dans le quartier d\u2019El Madania, \u00e0 Alger, dans une ancienne demeure arabe du XVIIIe si\u00e8cle, la Villa des Arcades, au sein de laquelle il loge \u00e9galement son agence.<\/p>\n","protected":false},"excerpt":{"rendered":"Les archives d&rsquo;AD \u2014 Reportage initialement paru dans AD N\u00b0157. Braver l\u2019interdit a (parfois) du bon. C\u2019est parce&hellip;\n","protected":false},"author":2,"featured_media":451601,"comment_status":"","ping_status":"","sticky":false,"template":"","format":"standard","meta":{"footnotes":""},"categories":[1358],"tags":[51958,51959,19035,1348,1384,1385,1386,58,59,1011,27],"class_list":{"0":"post-451600","1":"post","2":"type-post","3":"status-publish","4":"format-standard","5":"has-post-thumbnail","7":"category-arts-et-design","8":"tag-25-ans-dad","9":"tag-ad-25-ans","10":"tag-architecture-spectaculaire","11":"tag-arts","12":"tag-arts-and-design","13":"tag-arts-et-design","14":"tag-design","15":"tag-divertissement","16":"tag-entertainment","17":"tag-fr","18":"tag-france"},"share_on_mastodon":{"url":"https:\/\/pubeurope.com\/@fr\/115347849467479276","error":""},"_links":{"self":[{"href":"https:\/\/www.europesays.com\/fr\/wp-json\/wp\/v2\/posts\/451600","targetHints":{"allow":["GET"]}}],"collection":[{"href":"https:\/\/www.europesays.com\/fr\/wp-json\/wp\/v2\/posts"}],"about":[{"href":"https:\/\/www.europesays.com\/fr\/wp-json\/wp\/v2\/types\/post"}],"author":[{"embeddable":true,"href":"https:\/\/www.europesays.com\/fr\/wp-json\/wp\/v2\/users\/2"}],"replies":[{"embeddable":true,"href":"https:\/\/www.europesays.com\/fr\/wp-json\/wp\/v2\/comments?post=451600"}],"version-history":[{"count":0,"href":"https:\/\/www.europesays.com\/fr\/wp-json\/wp\/v2\/posts\/451600\/revisions"}],"wp:featuredmedia":[{"embeddable":true,"href":"https:\/\/www.europesays.com\/fr\/wp-json\/wp\/v2\/media\/451601"}],"wp:attachment":[{"href":"https:\/\/www.europesays.com\/fr\/wp-json\/wp\/v2\/media?parent=451600"}],"wp:term":[{"taxonomy":"category","embeddable":true,"href":"https:\/\/www.europesays.com\/fr\/wp-json\/wp\/v2\/categories?post=451600"},{"taxonomy":"post_tag","embeddable":true,"href":"https:\/\/www.europesays.com\/fr\/wp-json\/wp\/v2\/tags?post=451600"}],"curies":[{"name":"wp","href":"https:\/\/api.w.org\/{rel}","templated":true}]}}