{"id":451612,"date":"2025-10-10T04:00:15","date_gmt":"2025-10-10T04:00:15","guid":{"rendered":"https:\/\/www.europesays.com\/fr\/451612\/"},"modified":"2025-10-10T04:00:15","modified_gmt":"2025-10-10T04:00:15","slug":"star-academy-pas-encore-entre-au-chateau-cet-eleve-a-deja-tout-gagne","status":"publish","type":"post","link":"https:\/\/www.europesays.com\/fr\/451612\/","title":{"rendered":"\u00ab\u00a0Star Academy\u00a0\u00bb\u00a0: pas encore entr\u00e9 au ch\u00e2teau, cet \u00e9l\u00e8ve a d\u00e9j\u00e0 tout gagn\u00e9\u00a0?"},"content":{"rendered":"<p>      R\u00e9sum\u00e9<\/p>\n<p>Th\u00e9o, Sarah, L\u00e9o&#8230; C&rsquo;est le nom des trois premiers \u00e9l\u00e8ves de la \u00ab\u00a0Star Academy\u00a0\u00bb, saison 13 et il semblerait d\u00e9j\u00e0 qu&rsquo;il y en ait un qui se d\u00e9tache du lot.<\/p>\n<p>        Sommaire<\/p>\n<p>Les fans de la \u00ab\u00a0Star Academy\u00a0\u00bb sur TF1 sont en \u00e9bullition\u2026 <strong>Qui remportera la <a href=\"https:\/\/www.public.fr\/star-academy-2025-un-premier-teaser-emouvant-rend-hommage-aux-anciens-candidats-et-a-leurs-chansons-cultes\" target=\"_blank\" rel=\"noopener\">treizi\u00e8me saison<\/a><\/strong>\u00a0? Qui succ\u00e9dera \u00e0 <strong>Pierre Garnier et <\/strong><a href=\"https:\/\/www.public.fr\/daller-te-faire-en-marine-star-academy-ne-supporte-pas-la-demande-dun-animateur-radio-et-lenvoie-bouler\" target=\"_blank\" rel=\"noopener\"><strong>Marine<\/strong>\u00a0<\/a>? Qui aura la chance de signer avec une grande maison de disques\u00a0? Difficile \u00e0 dire mais\u2026 <strong>Rendez-vous le 18\u00a0octobre prochain<\/strong> pour rencontrer les \u00e9l\u00e8ves de cette ann\u00e9e. Des \u00e9l\u00e8ves sans doute tr\u00e8s excit\u00e9s \u00e0 l&rsquo;id\u00e9e d&rsquo;int\u00e9grer le mythique ch\u00e2teau de Dammarie-les-Lys et d&rsquo;\u00eatre driv\u00e9s par d&rsquo;<a href=\"https:\/\/www.public.fr\/je-ne-tolererai-aucun-commentaire-marlene-schaff-explose-au-retour-de-la-star-academy\" target=\"_blank\" rel=\"noopener\">excellents professeurs<\/a>.<\/p>\n<p>Parmi ces candidats, on conna\u00eet d&rsquo;ores et d\u00e9j\u00e0 <strong>le visage de trois d&rsquo;entre eux<\/strong>. Tout d&rsquo;abord, <strong><a href=\"https:\/\/www.public.fr\/theo-24-ans-kine-et-premier-candidat-a-la-star-academy\" target=\"_blank\" rel=\"noopener\">Th\u00e9o<\/a><\/strong>, 24 ans, a appris que sa candidature avait \u00e9t\u00e9 accept\u00e9e dans la matinale de Manu L\u00e9vy sur NRJ. <a href=\"https:\/\/www.public.fr\/star-academy-avant-meme-sa-rentree-sarah-fait-deja-polemique\" target=\"_blank\" rel=\"noopener\">Sarah<\/a>, quant \u00e0 elle, assistait \u00e0 la conf\u00e9rence de presse de la \u00ab\u00a0Star Academy\u00a0\u00bb quand Nikos l&rsquo;a appel\u00e9 \u00e0 monter sur sc\u00e8ne et lui a appris l&rsquo;heureuse nouvelle. Enfin, il y a <strong><a href=\"https:\/\/www.public.fr\/star-academy-leo-nouveau-candidat-devoile-son-lien-avec-elisabeth-ii\" target=\"_blank\" rel=\"noopener\">L\u00e9o<\/a><\/strong>. Originaire de Sainte-Catherine dans le Pas-de-Calais, le jeune homme est <strong>\u00e2g\u00e9 de 24 ans.<\/strong><\/p>\n<p>Interrog\u00e9 par Kombini, ce dernier a fait part de sa joie \u00e0 l&rsquo;id\u00e9e d&rsquo;entrer au ch\u00e2teau et en a profit\u00e9 pour se pr\u00e9senter. Dans cette br\u00e8ve vid\u00e9o, on apprend notamment que <strong>celui que ses amis surnomment <\/strong><strong>Lowey<\/strong> a commenc\u00e9 la musique <strong>\u00e0 l&rsquo;\u00e2ge de 6 ans<\/strong> car <strong>sa m\u00e8re est professeure de piano<\/strong>. Toutefois, il assure que ce n&rsquo;est qu&rsquo;<strong>\u00e0 l&rsquo;\u00e2ge de 16 ans qu&rsquo;il a vraiment commenc\u00e9 \u00e0 chanter<\/strong> lorsque ses parents lui ont achet\u00e9 sa premi\u00e8re guitare.<\/p>\n<p>\u00ab\u00a0Star Academy\u00a0\u00bb\u00a0: L\u00e9o, son premier single cartonne d\u00e9j\u00e0 sur les r\u00e9seaux sociaux<\/p>\n<p>L\u00e9o n&rsquo;a pas encore int\u00e9gr\u00e9 l&rsquo;aventure. Pourtant, <strong>il a d\u00e9j\u00e0 sorti un premier single<\/strong> que les parrains de sa promo, <a href=\"https:\/\/www.google.com\/url?sa=t&amp;source=web&amp;rct=j&amp;opi=89978449&amp;url=https:\/\/vsd.fr\/68539-le-chanteur-ed-sheeran-se-blesse-en-plein-concert-la-video-fait-le-buzz\/&amp;ved=2ahUKEwiMj_u_v5eQAxVHKvsDHQhBG1wQFnoECCUQAQ&amp;usg=AOvVaw1-YM5gA-JyxlVuObgnHy_w\" target=\"_blank\" rel=\"noopener\">Ed Sherran<\/a> et Charlotte Cardin, ont sans doute d\u00fb \u00e9couter. Cette chanson s&rsquo;intitule <strong>Derni\u00e8re soir\u00e9e. <\/strong>Un son aux accents de pop fran\u00e7aise qui semble d\u00e9j\u00e0 avoir trouv\u00e9 son public. En effet, c&rsquo;est <strong>un d\u00e9marrage canon<\/strong> pour L\u00e9o qui ne s&rsquo;attendait sans doute pas \u00e0 un tel engouement. En effet, son morceau cumule d\u00e9j\u00e0 plus de <strong>88\u00a0000 \u00e9coutes sur Spotify<\/strong> et <strong>15\u00a0000 vues sur YouTube<\/strong>.<\/p>\n<p>La chanson <strong>compl\u00e8tement ent\u00eatante<\/strong> raconte la fin d&rsquo;une soir\u00e9e et les non-dits d&rsquo;un couple. Voici les paroles du refrain : \u201cViens on se barre ce soir, ma belle, j&rsquo;en ai plus rien \u00e0 faire de cette soir\u00e9e de merde \/ On a d\u00e9j\u00e0 fini toutes les bi\u00e8res, on va se dire des trucs dont on sera pas fiers \/ Et si on part ce soir, est-ce qu&rsquo;il en restera encore, de ces trucs de merde que tu me balances quand t&rsquo;as tort\u00a0? Et on crie, on pleure, on rit, on stresse \/ On se demande quoi dire pour que l&rsquo;autre se blesse.\u201d Un air qui, nous, <strong>nous fait penser au premier carton de Therapie Taxi <\/strong>intitul\u00e9 Sal***.<\/p>\n<p>Ce d\u00e9marrage incroyable sur les r\u00e9seaux sociaux en rappelle un autre : <strong>celui de <a href=\"https:\/\/www.google.com\/url?sa=t&amp;source=web&amp;rct=j&amp;opi=89978449&amp;url=https:\/\/vsd.fr\/82900-mais-ne-le-dis-pas-marine-star-academy-recadre-en-direct-a-la-radio-par-sa-maman-sur-ses-habitudes-alimentaires\/&amp;ved=2ahUKEwiNnOv7v5eQAxVxUaQEHdtYJekQFnoECBYQAQ&amp;usg=AOvVaw0fG1Ug_QW4lcVGTvw-Qxd1\" target=\"_blank\" rel=\"noopener\">Marine<\/a><\/strong>. Souvenez-vous&#8230; Avant m\u00eame que <a href=\"https:\/\/www.google.com\/url?sa=t&amp;source=web&amp;rct=j&amp;opi=89978449&amp;url=https:\/\/vsd.fr\/83535-marine-star-academy-grosse-galere-sentimentale\/&amp;ved=2ahUKEwiNnOv7v5eQAxVxUaQEHdtYJekQFnoECBcQAQ&amp;usg=AOvVaw2l6rHTS62U7bFVA1FUZI2w\" target=\"_blank\" rel=\"noopener\">la jeune Nordiste<\/a> ne quitte le ch\u00e2teau son single Ma Faute battait tous les records. Toutefois entre elle et L\u00e9o il y a <strong>une diff\u00e9rence de taille.<\/strong>.. L\u00e9o, lui, n&rsquo;a pas encore int\u00e9gr\u00e9 l&rsquo;aventure. \u00c7a promet !<\/p>\n<\/p>\n<p>      Mentionn\u00e9s dans cet article<\/p>\n<p>      Sur le m\u00eame sujet<\/p>\n","protected":false},"excerpt":{"rendered":"R\u00e9sum\u00e9 Th\u00e9o, Sarah, L\u00e9o&#8230; C&rsquo;est le nom des trois premiers \u00e9l\u00e8ves de la \u00ab\u00a0Star Academy\u00a0\u00bb, saison 13 et&hellip;\n","protected":false},"author":2,"featured_media":451613,"comment_status":"","ping_status":"","sticky":false,"template":"","format":"standard","meta":{"footnotes":""},"categories":[8],"tags":[426,1695,5551,17348,903,58,59,1011,27,10827,5095,199],"class_list":{"0":"post-451612","1":"post","2":"type-post","3":"status-publish","4":"format-standard","5":"has-post-thumbnail","7":"category-divertissement","8":"tag-candidat","9":"tag-chanson","10":"tag-chanson-francaise","11":"tag-chant","12":"tag-concours","13":"tag-divertissement","14":"tag-entertainment","15":"tag-fr","16":"tag-france","17":"tag-nikos-aliagas","18":"tag-star-academy","19":"tag-tf1"},"share_on_mastodon":{"url":"https:\/\/pubeurope.com\/@fr\/115347877032979024","error":""},"_links":{"self":[{"href":"https:\/\/www.europesays.com\/fr\/wp-json\/wp\/v2\/posts\/451612","targetHints":{"allow":["GET"]}}],"collection":[{"href":"https:\/\/www.europesays.com\/fr\/wp-json\/wp\/v2\/posts"}],"about":[{"href":"https:\/\/www.europesays.com\/fr\/wp-json\/wp\/v2\/types\/post"}],"author":[{"embeddable":true,"href":"https:\/\/www.europesays.com\/fr\/wp-json\/wp\/v2\/users\/2"}],"replies":[{"embeddable":true,"href":"https:\/\/www.europesays.com\/fr\/wp-json\/wp\/v2\/comments?post=451612"}],"version-history":[{"count":0,"href":"https:\/\/www.europesays.com\/fr\/wp-json\/wp\/v2\/posts\/451612\/revisions"}],"wp:featuredmedia":[{"embeddable":true,"href":"https:\/\/www.europesays.com\/fr\/wp-json\/wp\/v2\/media\/451613"}],"wp:attachment":[{"href":"https:\/\/www.europesays.com\/fr\/wp-json\/wp\/v2\/media?parent=451612"}],"wp:term":[{"taxonomy":"category","embeddable":true,"href":"https:\/\/www.europesays.com\/fr\/wp-json\/wp\/v2\/categories?post=451612"},{"taxonomy":"post_tag","embeddable":true,"href":"https:\/\/www.europesays.com\/fr\/wp-json\/wp\/v2\/tags?post=451612"}],"curies":[{"name":"wp","href":"https:\/\/api.w.org\/{rel}","templated":true}]}}