{"id":451625,"date":"2025-10-10T04:07:12","date_gmt":"2025-10-10T04:07:12","guid":{"rendered":"https:\/\/www.europesays.com\/fr\/451625\/"},"modified":"2025-10-10T04:07:12","modified_gmt":"2025-10-10T04:07:12","slug":"pourquoi-la-selection-des-auteurs-locaux-est-elle-si-drastique","status":"publish","type":"post","link":"https:\/\/www.europesays.com\/fr\/451625\/","title":{"rendered":"pourquoi la s\u00e9lection des auteurs locaux est-elle si drastique ?"},"content":{"rendered":"<p>L\u2019auteur Philippe Fouillouse est tr\u00e8s remont\u00e9 contre les organisateurs de la F\u00eate du Livre de Saint-\u00c9tienne, et a d\u00e9cid\u00e9 de cr\u00e9er un groupe de soutien des auteurs locaux de la Loire et Haute-Loire. \u00ab\u00a0Les organisateurs de la F\u00eate du livre de Saint-\u00c9tienne ne respectent pas le r\u00e8glement qui dit qu\u2019un auteur ne peut pas venir deux ann\u00e9es de suite\u00a0: huit auteurs qui y \u00e9taient l\u2019ann\u00e9e pass\u00e9e seront l\u00e0 cette ann\u00e9e\u00a0!\u00a0\u00bb, explique-t-il.<\/p>\n<p>\u00ab\u00a0Le privil\u00e8ge qui leur est accord\u00e9 est au d\u00e9triment des jeunes \u00e9crivains locaux qui ont pos\u00e9 leur candidature. \u00bb Il \u00e9voque des \u00ab\u00a0copinages\u00a0\u00bb et \u00ab\u00a0un manque de respect pour les lecteurs\u00a0\u00bb avant de d\u00e9plorer que cela \u00ab\u00a0tue le talent dans l\u2019\u0153uf\u00a0\u00bb.<\/p>\n<p>  \u00ab\u00a0La qualit\u00e9 de l\u2019ouvrage fait la diff\u00e9rence\u00a0\u00bb<\/p>\n<p>Du c\u00f4t\u00e9 de l\u2019organisation de la F\u00eate du livre, <a href=\"https:\/\/www.leprogres.fr\/culture-loisirs\/2025\/09\/09\/39e-fete-du-livre-une-edition-pour-lire-et-relier\" target=\"_blank\" rel=\"noopener\">qui se d\u00e9roule de vendredi \u00e0 dimanche<\/a> , la version est bien diff\u00e9rente. \u00ab\u00a0Nous recevons une centaine de demandes pour une quinzaine de places d\u00e9di\u00e9es aux locaux et neuf pour des auteurs r\u00e9gionaux\u00a0\u00bb, pr\u00e9cise Marc Chassaub\u00e9n\u00e9, adjoint \u00e0 la Ville de Saint-\u00c9tienne, en charge de la culture.<\/p>\n<p>\u00ab\u00a0Les huit auteurs cit\u00e9s par M. Fouillouse font d\u2019ailleurs partie de cette deuxi\u00e8me cat\u00e9gorie. Une charte invite les libraires \u00e0 s\u00e9lectionner de nouveaux auteurs, mais ce n\u2019est pas un r\u00e8glement et rien ne les oblige \u00e0 ne pas prendre un auteur deux fois de suite. Il est d\u2019ailleurs tr\u00e8s r\u00e9gulier que des fid\u00e8les reviennent d\u2019ann\u00e9e en ann\u00e9e, comme Michel Bussi, et c\u2019est une tr\u00e8s bonne chose pour l\u2019image et la qualit\u00e9 de l\u2019\u00e9v\u00e9nement\u00a0\u00bb.<\/p>\n<p>Pour compliquer encore la t\u00e2che, sur la quinzaine d\u2019auteurs locaux, sept places sont r\u00e9serv\u00e9es aux maisons d\u2019\u00e9dition locales. La s\u00e9lection est donc drastique\u00a0: \u00ab\u00a0La s\u00e9lection est faite par les libraires st\u00e9phanois et la commissaire de la F\u00eate du livre\u00a0\u00bb ajoute l\u2019\u00e9lu. \u00ab\u00a0Il n\u2019y a pas de places r\u00e9serv\u00e9es, c\u2019est la qualit\u00e9 de l\u2019ouvrage qui va faire la diff\u00e9rence. Philippe Fouillouse \u00e9tait pr\u00e9sent en 2021. Cette ann\u00e9e, sa candidature n\u2019a pas \u00e9t\u00e9 retenue comme de nombreux autres auteurs locaux.\u00a0\u00bb<\/p>\n<p>  \u00ab\u00a0Nous pr\u00e9f\u00e9rons accueillir peu d\u2019auteurs mais dans de bonnes conditions\u00a0\u00bb<\/p>\n<p>Anna Jouchoux, commissaire de la F\u00eate du Livre de Saint-\u00c9tienne, tire dans le m\u00eame sens\u00a0: \u00ab\u00a0Nous recevons une centaine de livres locaux de toutes qualit\u00e9s confondues. Il y a malheureusement beaucoup de d\u00e9\u00e7us. Une quinzaine d\u2019auteurs locaux \u00e7a peut sembler peu mais c\u2019est assez unique pour un \u00e9v\u00e9nement comme le n\u00f4tre. Nous pr\u00e9f\u00e9rons accueillir peu d\u2019auteurs mais dans de bonnes conditions. Nous avons la volont\u00e9 de donner une r\u00e9mun\u00e9ration \u00e9gale pour tous les auteurs, locaux ou non, pour les d\u00e9dicaces. Le forfait est de 100\u00a0euros pour le week-end. Nous avons d\u2019ailleurs re\u00e7u un label national valorisant la qualit\u00e9 de l\u2019accueil. C\u2019est tr\u00e8s positif pour l\u2019image de la F\u00eate du livre.\u00a0\u00bb<\/p>\n","protected":false},"excerpt":{"rendered":"L\u2019auteur Philippe Fouillouse est tr\u00e8s remont\u00e9 contre les organisateurs de la F\u00eate du Livre de Saint-\u00c9tienne, et a&hellip;\n","protected":false},"author":2,"featured_media":451626,"comment_status":"","ping_status":"","sticky":false,"template":"","format":"standard","meta":{"footnotes":""},"categories":[9653],"tags":[1111,11,2430,1687,7539,1777,674,57546,1685,1011,27,2410,3367,12,25,4001,7538],"class_list":{"0":"post-451625","1":"post","2":"type-post","3":"status-publish","4":"format-standard","5":"has-post-thumbnail","7":"category-saint-etienne","8":"tag-actu","9":"tag-actualites","10":"tag-auvergne-rhone-alpes","11":"tag-culture-loisirs","12":"tag-edition-loire-sud","13":"tag-eu","14":"tag-europe","15":"tag-fete-du-livre-de-saint-etienne","16":"tag-foire-et-salon","17":"tag-fr","18":"tag-france","19":"tag-livres-bd","20":"tag-loire","21":"tag-news","22":"tag-republique-francaise","23":"tag-saint-etienne","24":"tag-saint-etienne-ville"},"share_on_mastodon":{"url":"https:\/\/pubeurope.com\/@fr\/115347904625210321","error":""},"_links":{"self":[{"href":"https:\/\/www.europesays.com\/fr\/wp-json\/wp\/v2\/posts\/451625","targetHints":{"allow":["GET"]}}],"collection":[{"href":"https:\/\/www.europesays.com\/fr\/wp-json\/wp\/v2\/posts"}],"about":[{"href":"https:\/\/www.europesays.com\/fr\/wp-json\/wp\/v2\/types\/post"}],"author":[{"embeddable":true,"href":"https:\/\/www.europesays.com\/fr\/wp-json\/wp\/v2\/users\/2"}],"replies":[{"embeddable":true,"href":"https:\/\/www.europesays.com\/fr\/wp-json\/wp\/v2\/comments?post=451625"}],"version-history":[{"count":0,"href":"https:\/\/www.europesays.com\/fr\/wp-json\/wp\/v2\/posts\/451625\/revisions"}],"wp:featuredmedia":[{"embeddable":true,"href":"https:\/\/www.europesays.com\/fr\/wp-json\/wp\/v2\/media\/451626"}],"wp:attachment":[{"href":"https:\/\/www.europesays.com\/fr\/wp-json\/wp\/v2\/media?parent=451625"}],"wp:term":[{"taxonomy":"category","embeddable":true,"href":"https:\/\/www.europesays.com\/fr\/wp-json\/wp\/v2\/categories?post=451625"},{"taxonomy":"post_tag","embeddable":true,"href":"https:\/\/www.europesays.com\/fr\/wp-json\/wp\/v2\/tags?post=451625"}],"curies":[{"name":"wp","href":"https:\/\/api.w.org\/{rel}","templated":true}]}}