{"id":451666,"date":"2025-10-10T04:33:12","date_gmt":"2025-10-10T04:33:12","guid":{"rendered":"https:\/\/www.europesays.com\/fr\/451666\/"},"modified":"2025-10-10T04:33:12","modified_gmt":"2025-10-10T04:33:12","slug":"marseille-mort-dun-homme-egorge-par-son-codetenu-a-la-prison-des-baumettes-la-famille-attaque-letat","status":"publish","type":"post","link":"https:\/\/www.europesays.com\/fr\/451666\/","title":{"rendered":"Marseille. Mort d&rsquo;un homme \u00e9gorg\u00e9 par son cod\u00e9tenu \u00e0 la prison des Baumettes : la famille attaque l\u2019\u00c9tat"},"content":{"rendered":"<p>            Par<br \/>\n        <strong><br \/>\n            <a href=\"https:\/\/actu.fr\/auteur\/redaction-marseille\" title=\"Consulter tous les articles de R\u00e9daction Marseille\" rel=\"nofollow noopener\" target=\"_blank\">R\u00e9daction Marseille<\/a><br \/>\n        <\/strong><\/p>\n<p>        Publi\u00e9 le<\/p>\n<p>            10 oct. 2025 \u00e0 6h12        <\/p>\n<p>L\u2019affaire avait fait grand bruit. En octobre, <a href=\"https:\/\/actu.fr\/provence-alpes-cote-d-azur\/marseille_13055\/prison-des-baumettes-a-marseille-le-prisonnier-est-mort-suite-a-l-agression-de-son-codetenu_61714261.html\" rel=\"nofollow noopener\" target=\"_blank\">Robin Cotta, 22\u00a0ans, \u00e9tait retrouv\u00e9 mort<\/a> \u00e0 <a href=\"https:\/\/actu.fr\/tag\/centre-penitentiaire-prison-des-baumettes\" rel=\"nofollow noopener\" target=\"_blank\">la prison des Baumettes<\/a> de <a href=\"https:\/\/actu.fr\/marseille\/\" rel=\"nofollow noopener\" target=\"_blank\">Marseille<\/a>. La victime, <strong>attaqu\u00e9e avec un objet tranchant<\/strong> par son cod\u00e9tenu de 25\u00a0ans, venait d\u2019\u00eatre plac\u00e9e en d\u00e9tention provisoire dans une affaire d\u2019opio\u00efdes.<\/p>\n<p class=\" wall-content\">Cette histoire avait <strong>mis en lumi\u00e8re la d\u00e9t\u00e9rioration des conditions de d\u00e9tention<\/strong> des prisonniers. Le centre p\u00e9nitencier le plus important de la cit\u00e9 phoc\u00e9enne \u00e9tant surpeupl\u00e9.<\/p>\n<p>Plusieurs griefs contre la prison<\/p>\n<p class=\" wall-content\">Un an plus tard, la famille de la victime a donc d\u00e9cid\u00e9 de passer \u00e0 l\u2019action. \u00ab\u2009Je mets en cause la responsabilit\u00e9 de l\u2019\u00c9tat. Parce que selon moi, <strong>il y a toute une succession de fautes<\/strong> qui ont \u00e9t\u00e9 commises et qui ont concouru\u2009\u00bb au d\u00e9c\u00e8s en d\u00e9tention, a d\u00e9clar\u00e9 \u00e0 l\u2019AFP Me Etienne No\u00ebl, repr\u00e9sentant le p\u00e8re de la victime, qui va intenter un recours devant le tribunal administratif de Marseille.<\/p>\n<p class=\" wall-content\">L\u2019avocat \u00e9voque <strong>des \u00ab\u2009fautes de surveillance\u2009\u00bb<\/strong> et une \u00ab\u2009non-prise en compte du risque que repr\u00e9sentait le placement\u2009\u00bb en cellule de la victime avec l\u2019agresseur.<\/p>\n<p class=\" wall-content\"><strong>Une instruction criminelle<\/strong> est parall\u00e8lement encore en cours devant le juge d\u2019instruction de Marseille, a-t-il pr\u00e9cis\u00e9.<\/p>\n<p class=\" wall-content\">En septembre, la surpopulation carc\u00e9rale a atteint 134,7\u2009% en France. R\u00e9guli\u00e8rement condamn\u00e9 par la Cour europ\u00e9enne des droits de l\u2019homme pour sa surpopulation carc\u00e9rale chronique, le pays figure en troisi\u00e8me position derri\u00e8re la Slov\u00e9nie et Chypre.<\/p>\n<p class=\" wall-content\"><strong>Avec AFP<\/strong><\/p>\n<p class=\" wall-content\">Personnalisez votre actualit\u00e9 en ajoutant vos villes et m\u00e9dias en favori avec <a href=\"https:\/\/moncompte.actu.fr\" title=\"D\u00e9couvez Mon Actu\" rel=\"nofollow noopener\" data-trk=\"{&quot;cta&quot;:{&quot;action&quot;:&quot;https:\\\/\\\/moncompte.actu.fr&quot;,&quot;category&quot;:&quot;mon compte&quot;,&quot;from&quot;:&quot;article footer&quot;,&quot;name&quot;:&quot;Mon actu&quot;,&quot;type&quot;:&quot;cta&quot;}}\" target=\"_blank\">Mon Actu<\/a>.<\/p>\n","protected":false},"excerpt":{"rendered":"Par R\u00e9daction Marseille Publi\u00e9 le 10 oct. 2025 \u00e0 6h12 L\u2019affaire avait fait grand bruit. En octobre, Robin&hellip;\n","protected":false},"author":2,"featured_media":451667,"comment_status":"","ping_status":"","sticky":false,"template":"","format":"standard","meta":{"footnotes":""},"categories":[2814],"tags":[1111,11,57734,1777,674,1011,27,303,884,12,882,25,104],"class_list":{"0":"post-451666","1":"post","2":"type-post","3":"status-publish","4":"format-standard","5":"has-post-thumbnail","7":"category-marseille","8":"tag-actu","9":"tag-actualites","10":"tag-centre-penitentiaire-prison-des-baumettes","11":"tag-eu","12":"tag-europe","13":"tag-fr","14":"tag-france","15":"tag-justice","16":"tag-marseille","17":"tag-news","18":"tag-provence-alpes-cote-dazur","19":"tag-republique-francaise","20":"tag-societe"},"share_on_mastodon":{"url":"https:\/\/pubeurope.com\/@fr\/115348007101384996","error":""},"_links":{"self":[{"href":"https:\/\/www.europesays.com\/fr\/wp-json\/wp\/v2\/posts\/451666","targetHints":{"allow":["GET"]}}],"collection":[{"href":"https:\/\/www.europesays.com\/fr\/wp-json\/wp\/v2\/posts"}],"about":[{"href":"https:\/\/www.europesays.com\/fr\/wp-json\/wp\/v2\/types\/post"}],"author":[{"embeddable":true,"href":"https:\/\/www.europesays.com\/fr\/wp-json\/wp\/v2\/users\/2"}],"replies":[{"embeddable":true,"href":"https:\/\/www.europesays.com\/fr\/wp-json\/wp\/v2\/comments?post=451666"}],"version-history":[{"count":0,"href":"https:\/\/www.europesays.com\/fr\/wp-json\/wp\/v2\/posts\/451666\/revisions"}],"wp:featuredmedia":[{"embeddable":true,"href":"https:\/\/www.europesays.com\/fr\/wp-json\/wp\/v2\/media\/451667"}],"wp:attachment":[{"href":"https:\/\/www.europesays.com\/fr\/wp-json\/wp\/v2\/media?parent=451666"}],"wp:term":[{"taxonomy":"category","embeddable":true,"href":"https:\/\/www.europesays.com\/fr\/wp-json\/wp\/v2\/categories?post=451666"},{"taxonomy":"post_tag","embeddable":true,"href":"https:\/\/www.europesays.com\/fr\/wp-json\/wp\/v2\/tags?post=451666"}],"curies":[{"name":"wp","href":"https:\/\/api.w.org\/{rel}","templated":true}]}}