{"id":451704,"date":"2025-10-10T04:58:17","date_gmt":"2025-10-10T04:58:17","guid":{"rendered":"https:\/\/www.europesays.com\/fr\/451704\/"},"modified":"2025-10-10T04:58:17","modified_gmt":"2025-10-10T04:58:17","slug":"verstappen-soppose-au-projet-ridicule-de-gilet-rafraichissant-obligatoire-en-2026","status":"publish","type":"post","link":"https:\/\/www.europesays.com\/fr\/451704\/","title":{"rendered":"Verstappen s\u2019oppose au projet \u00ab\u00a0ridicule\u00a0\u00bb de gilet rafra\u00eechissant obligatoire en 2026"},"content":{"rendered":"<p>\u00c0 Singapour, la FIA a, pour la premi\u00e8re fois, plac\u00e9 un Grand Prix sous un r\u00e9gime de risque \u00e9lev\u00e9 li\u00e9 \u00e0 la chaleur. La f\u00e9d\u00e9ration peut \u00e9mettre cet avertissement jusqu&rsquo;\u00e0 24 heures avant le d\u00e9but officiel de la comp\u00e9tition \u2013 soit avant les EL1 \u2013 si la temp\u00e9rature pr\u00e9vue atteint 31\u202f\u00b0C ou plus. Une fois l&rsquo;alerte activ\u00e9e, toutes les \u00e9quipes doivent installer le dispositif de refroidissement pr\u00e9vu. Cette mesure fait suite au Grand Prix du Qatar 2023, o\u00f9 plusieurs pilotes avaient \u00e9t\u00e9 victimes de malaise en raison de la chaleur extr\u00eame.<\/p>\n<blockquote>\n<p>Ce gilet n&rsquo;aide pas du tout.<\/p>\n<\/blockquote>\n<p>Parmi ces dispositifs de refroidissement figurent les vestes rafra\u00eechissantes. Les pilotes peuvent encore choisir de les porter ou non, leur utilisation n&rsquo;\u00e9tant donc pas obligatoire actuellement. La FIA a travaill\u00e9 sur le r\u00e8glement afin de s&rsquo;assurer que ceux qui les utilisent ne subissent pas de handicap de poids : les pilotes qui ne portent pas le gilet doivent en effet ajouter un demi-kilo de lest dans la voiture pour garantir l&rsquo;\u00e9galit\u00e9 des conditions. La plupart des concurrents ont d&rsquo;ailleurs choisi de la laisser au placard \u00e0 Singapour.\u00a0<\/p>\n<p>N\u00e9anmoins, les avis dans le paddock sont pour l&rsquo;instant partag\u00e9s. George Russell a d\u00e9j\u00e0 utilis\u00e9 le gilet \u00e0 Bahre\u00efn et a d\u00e9clar\u00e9 en avoir b\u00e9n\u00e9fici\u00e9 pour terminer deuxi\u00e8me. Tous les pilotes ne sont pas aussi positifs, notamment en ce qui concerne le confort. Max Verstappen, par exemple, n&rsquo;est pas convaincu.<\/p>\n<p>\u00ab\u00a0Non, je ne vais pas le porter [pour le Grand Prix Singapour]\u00a0\u00bb, a-t-il expliqu\u00e9 le samedi avant la course. \u00ab\u00a0Je ne souffre pas vraiment de la chaleur, et il fera de toute fa\u00e7on chaud. Transpirer un peu ne me d\u00e9range pas, et au bout de quinze \u00e0 vingt minutes, le gilet devient lui aussi tr\u00e8s chaud. Donc \u00e7a n&rsquo;aide pas du tout.\u00a0\u00bb<\/p>\n<p>   <img decoding=\"async\" draggable=\"false\" src=\"https:\/\/www.europesays.com\/fr\/wp-content\/uploads\/2025\/10\/lando-norris-mclaren-george-ru.jpg\" alt=\"Lando Norris et George Russell, \u00e9puis\u00e9s apr\u00e8s le Grand Prix de Singapour.\" width=\"1200\" height=\"800\" loading=\"lazy\"\/> <\/p>\n<p class=\"title\">Lando Norris et George Russell, \u00e9puis\u00e9s apr\u00e8s le Grand Prix de Singapour.<\/p>\n<p class=\"photographer\">Photo de: Steven Tee \/ LAT Images via Getty Images<\/p>\n<p>En effet, le liquide de refroidissement circulant dans les tubes entourant le gilet serait efficace pendant environ une heure. Toutefois, pass\u00e9 ce d\u00e9lai, le liquide cesserait de refroidir et commencerait \u00e0 se r\u00e9chauffer, finissant par devenir br\u00fblant et produisant l&rsquo;effet inverse de celui recherch\u00e9. D&rsquo;autant plus que la plupart des Grands Prix durent bien plus d&rsquo;une heure.<\/p>\n<p>Obligatoire en 2026\u202f?<\/p>\n<p>L&rsquo;objection principale de Verstappen n&rsquo;est pas tant que li\u00e9 au gilet en lui-m\u00eame, mais plut\u00f4t au fait que les pilotes pourraient \u00eatre contraints de le porter \u00e0 l&rsquo;avenir. \u00ab\u00a0Je pense que ce devrait \u00eatre une option, que chacun puisse choisir de le porter ou non\u00a0\u00bb, a-t-il confi\u00e9 \u00e0 la cha\u00eene n\u00e9erlandaise Viaplay.<\/p>\n<p>\u00ab\u00a0Cette saison oui [ils ne sont pas obligatoires], mais ce sera le cas l&rsquo;an prochain. Et je ne suis absolument pas d&rsquo;accord avec \u00e7a. C&rsquo;est un peu ridicule, honn\u00eatement. Au final, c&rsquo;est une question de s\u00e9curit\u00e9 personnelle et de ressenti. Je ne pense pas qu&rsquo;ils devraient rendre \u00e7a obligatoire.\u00a0\u00bb<\/p>\n<p>Interrog\u00e9e par <strong>Motorsport.com<\/strong>, la FIA a pr\u00e9cis\u00e9 que l&rsquo;obligation n&rsquo;\u00e9tait pas encore d\u00e9finitive. Le gilet rafra\u00eechissant a \u00e9t\u00e9 l&rsquo;un des sujets abord\u00e9s lors du briefing des pilotes vendredi soir \u00e0 Singapour, o\u00f9 les avis \u00e9taient effectivement partag\u00e9s. Sa g\u00e9n\u00e9ralisation pour 2026 est actuellement \u00e0 l&rsquo;\u00e9tude, mais la FIA a soulign\u00e9 qu&rsquo;elle reste ouverte au dialogue avec les pilotes. C&rsquo;est pr\u00e9cis\u00e9ment la discussion que Verstappen souhaite avoir avec la f\u00e9d\u00e9ration, le quadruple champion du monde pr\u00e9f\u00e9rant fortement que le port du gilet reste un choix libre dans les ann\u00e9es \u00e0 venir.<\/p>\n<p>Lire aussi :<\/p>\n<p>            Votre avis nous int\u00e9resse !<\/p>\n<p class=\"mt-auto\">Qu&rsquo;aimeriez-vous voir sur Motorsport.com ?<\/p>\n<p>            <a href=\"#\" class=\"ms-link text-link font-bold\">R\u00e9pondez \u00e0 notre enqu\u00eate de 5 minutes.<\/a><\/p>\n<p class=\"mt-1 font-info text-body\">&#8211; L&rsquo;\u00e9quipe Motorsport.com<\/p>\n","protected":false},"excerpt":{"rendered":"\u00c0 Singapour, la FIA a, pour la premi\u00e8re fois, plac\u00e9 un Grand Prix sous un r\u00e9gime de risque&hellip;\n","protected":false},"author":2,"featured_media":451705,"comment_status":"","ping_status":"","sticky":false,"template":"","format":"standard","meta":{"footnotes":""},"categories":[1412],"tags":[55627,1451,1452,1453,1454,1455,1011,27,55626,2236,2255,60,57738],"class_list":{"0":"post-451704","1":"post","2":"type-post","3":"status-publish","4":"format-standard","5":"has-post-thumbnail","7":"category-f1","8":"tag-circuit-urbain-de-marina-bay","9":"tag-f1","10":"tag-formula-1","11":"tag-formula1","12":"tag-formule-1","13":"tag-formule1","14":"tag-fr","15":"tag-france","16":"tag-gp-de-singapour","17":"tag-max-verstappen","18":"tag-red-bull","19":"tag-sports","20":"tag-verstappen-su2019oppose-au-projet-ridicule-de-gilet-rafrau00eechissant-obligatoire-en-2026"},"share_on_mastodon":{"url":"https:\/\/pubeurope.com\/@fr\/115348105935352385","error":""},"_links":{"self":[{"href":"https:\/\/www.europesays.com\/fr\/wp-json\/wp\/v2\/posts\/451704","targetHints":{"allow":["GET"]}}],"collection":[{"href":"https:\/\/www.europesays.com\/fr\/wp-json\/wp\/v2\/posts"}],"about":[{"href":"https:\/\/www.europesays.com\/fr\/wp-json\/wp\/v2\/types\/post"}],"author":[{"embeddable":true,"href":"https:\/\/www.europesays.com\/fr\/wp-json\/wp\/v2\/users\/2"}],"replies":[{"embeddable":true,"href":"https:\/\/www.europesays.com\/fr\/wp-json\/wp\/v2\/comments?post=451704"}],"version-history":[{"count":0,"href":"https:\/\/www.europesays.com\/fr\/wp-json\/wp\/v2\/posts\/451704\/revisions"}],"wp:featuredmedia":[{"embeddable":true,"href":"https:\/\/www.europesays.com\/fr\/wp-json\/wp\/v2\/media\/451705"}],"wp:attachment":[{"href":"https:\/\/www.europesays.com\/fr\/wp-json\/wp\/v2\/media?parent=451704"}],"wp:term":[{"taxonomy":"category","embeddable":true,"href":"https:\/\/www.europesays.com\/fr\/wp-json\/wp\/v2\/categories?post=451704"},{"taxonomy":"post_tag","embeddable":true,"href":"https:\/\/www.europesays.com\/fr\/wp-json\/wp\/v2\/tags?post=451704"}],"curies":[{"name":"wp","href":"https:\/\/api.w.org\/{rel}","templated":true}]}}