{"id":451710,"date":"2025-10-10T05:01:11","date_gmt":"2025-10-10T05:01:11","guid":{"rendered":"https:\/\/www.europesays.com\/fr\/451710\/"},"modified":"2025-10-10T05:01:11","modified_gmt":"2025-10-10T05:01:11","slug":"bruce-toussaint-recale-a-la-presentation-dune-celebre-emission","status":"publish","type":"post","link":"https:\/\/www.europesays.com\/fr\/451710\/","title":{"rendered":"Bruce Toussaint recal\u00e9 \u00e0 la pr\u00e9sentation d\u2019une c\u00e9l\u00e8bre \u00e9mission"},"content":{"rendered":"<p>    Bruce Toussaint dans \u00abQuotidien\u00bb.<br \/>\n                Capture \u00e9cran<\/p>\n<p>\n    Tandis qu\u2019il fait la promotion de son dernier livre, Dites-lui que je pense \u00e0 elle sur l\u2019assassinat de sa cousine de 14 ans, le journaliste de \u00abBonjour\u00a0! La matinale de TF1\u00bb s\u2019est laiss\u00e9 aller sur le plateau de \u00abQuotidien\u00bb \u00e0 une confidence sur un regret dans sa carri\u00e8re.<\/p>\n<p class=\"fig-paragraph\">\u00abLa derni\u00e8re fois qu\u2019on s\u2019est vu,\u00a0<a href=\"http:\/\/tvmag.lefigaro.fr\/programme-tv\/actu-tele\/bouton-de-fievre-test-de-tetines-seance-de-gym-l-interview-lunaire-de-yann-barthes-dans-la-matinale-bonjour-20250829\" target=\"_blank\" data-fig-type=\"Article\" rel=\"noopener nofollow\" data-gtm-custom-categorie=\"navigation\" data-gtm-custom-action=\"crossclick\" data-gtm-custom-label=\"Contextuel\" data-gtm-event=\"customEventSPE\" data-fig-domain=\"TVMAG\">je faisais de la gym sur un plateau t\u00e9l\u00e9<\/a> \u00bb, s\u2019amuse ce jeudi 9 octobre Yann Barth\u00e8s pour accueillir\u00a0<a href=\"http:\/\/tvmag.lefigaro.fr\/programme-tv\/actu-tele\/un-drame-familial-dans-son-nouveau-livre-bruce-toussaint-revient-sur-le-meurtre-de-sa-cousine-a-14-ans-20250908\" target=\"_blank\" data-fig-type=\"Article\" rel=\"noopener nofollow\" data-gtm-custom-categorie=\"navigation\" data-gtm-custom-action=\"crossclick\" data-gtm-custom-label=\"Contextuel\" data-gtm-event=\"customEventSPE\" data-fig-domain=\"TVMAG\"><strong>Bruce Toussaint<\/strong><\/a> . Si l\u2019ambiance sur le plateau de \u00abQuotidien\u00bb est d\u00e9contract\u00e9e, le sujet \u00e9voqu\u00e9 ce soir est, au contraire, d\u2019une grande gravit\u00e9.<\/p>\n<p class=\"fig-paragraph\">Dans son nouveau livre,\u00a0<a href=\"https:\/\/madame.lefigaro.fr\/celebrites\/culture\/bruce-toussaint-un-homme-de-29-ans-a-pris-la-vie-d-une-adolescente-de-14-ans-parce-qu-elle-ne-s-etait-pas-soumise-a-son-desir-20251006\" target=\"_blank\" data-fig-type=\"Article\" rel=\"sponsored noopener nofollow\" data-gtm-custom-categorie=\"navigation\" data-gtm-custom-action=\"crossclick\" data-gtm-custom-label=\"Contextuel\" data-gtm-event=\"customEventSPE\" data-fig-domain=\"MADAME\">Dites-lui que je pense \u00e0 elle<\/a>, Bruce Toussaint a enqu\u00eat\u00e9 sur l\u2019assassinat de sa cousine Nathalie. Elle avait 14 ans, son meurtrier 29 ans \u00e0 une \u00e9poque o\u00f9 on n\u2019employait pas le mot \u00abf\u00e9minicide\u00bb. Et pourtant, l\u2019adolescente a \u00e9t\u00e9 tu\u00e9e d\u2019une dizaine de coups de couteau par cet homme \u00abqui n\u2019a pas support\u00e9 que leur histoire d\u2019amour n\u2019existe pas\u00bb.<\/p>\n<p>                                    <a class=\"fig-a11y-skip a11y-hidden\" href=\"#fig-a11y-skip-main-inarticle\"><br \/>\n        Passer la publicit\u00e9<br \/>\n    <\/a><\/p>\n<p class=\"fig-paragraph\">Quand le drame survient, celui qui pr\u00e9sente \u00abBonjour\u00a0! La matinale de TF1\u00bb est encore un enfant que ses parents d\u00e9cident de prot\u00e9ger de la v\u00e9rit\u00e9. Mais l\u2019adulte, journaliste de m\u00e9tier, a d\u00e9cid\u00e9, lui, d\u2019enqu\u00eater. L\u2019assassin \u00abestime qu\u2019il avait le droit de tuer cette adolescente car il ne comprend pas qu\u2019elle se refuse \u00e0 lui\u00bb. \u00abC\u2019est invraisemblable aujourd\u2019hui avec nos yeux de l\u2019\u00e9poque\u00bb, estime Bruce Toussaint.<\/p>\n<p>Une passion pour les faits divers<\/p>\n<p class=\"fig-paragraph\">Si le sujet le touche de pr\u00e8s, c\u2019est aussi pour son go\u00fbt \u00e0 \u00abraconter des histoires qui ont fait changer notre regard sur certaines choses\u00bb qu\u2019il s\u2019est lanc\u00e9 dans l\u2019\u00e9criture de cet ouvrage. \u00abJ\u2019aurais ador\u00e9 pr\u00e9senter \u201cFaites entrer l\u2019accus\u00e9\u201d\u00bb, assure Bruce Toussaint qui \u00e9voque sa passion pour les faits divers\u00a0: \u00abQuand ils racontent une \u00e9volution de la soci\u00e9t\u00e9, c\u2019est g\u00e9nial\u00bb. \u00abJ\u2019ai particip\u00e9 \u00e0 une sorte de casting\u00bb, r\u00e9v\u00e8le-t-il avant d\u2019ajouter, peut-\u00eatre un peu amer: \u00abJe n\u2019ai pas \u00e9t\u00e9 pris. Il faut que je fasse encore mes preuves\u00bb. Le journaliste taquine ensuite Yann Barth\u00e8s\u00a0: \u00abVous devriez y penser aussi.\u00bb<\/p>\n<p class=\"fig-paragraph\">\u00abFaites entre l\u2019accus\u00e9\u00bb a d\u2019abord \u00e9t\u00e9 incarn\u00e9 avec th\u00e9\u00e2tralit\u00e9 par\u00a0<a href=\"http:\/\/tvmag.lefigaro.fr\/programme-tv\/actu-tele\/christophe-hondelatte-ne-sera-plus-a-l-antenne-d-europe-1-mais-continuera-d-enregistrer-des-podcasts-20250822\" target=\"_blank\" data-fig-type=\"Article\" rel=\"noopener nofollow\" data-gtm-custom-categorie=\"navigation\" data-gtm-custom-action=\"crossclick\" data-gtm-custom-label=\"Contextuel\" data-gtm-event=\"customEventSPE\" data-fig-domain=\"TVMAG\">Christophe Hondelatte<\/a>, de sa cr\u00e9ation en 2000 jusqu\u2019en 2011, sur France 2. Puis par Fr\u00e9d\u00e9ric Lantieri jusqu\u2019en f\u00e9vrier 2020. Par la suite, l\u2019\u00e9mission a \u00e9t\u00e9 transf\u00e9r\u00e9e sur RMC Story avec aux commandes le duo Rachid M\u2019Barki et Dominique Rizet, d\u00e9j\u00e0 chroniqueur r\u00e9gulier de l\u2019\u00e9mission. Enfin en 2023, Christophe Delay h\u00e9rite du magazine de faits divers. C\u2019est \u00e0 ce moment-l\u00e0 que Bruce Toussaint avait postul\u00e9. Le casting \u00e9voqu\u00e9 ce soir face \u00e0 Yann Barth\u00e8s ayant eu lieu \u00abil y a 2 ou 3 ans\u00bb.<\/p>\n","protected":false},"excerpt":{"rendered":"Bruce Toussaint dans \u00abQuotidien\u00bb. Capture \u00e9cran Tandis qu\u2019il fait la promotion de son dernier livre, Dites-lui que je&hellip;\n","protected":false},"author":2,"featured_media":451711,"comment_status":"","ping_status":"","sticky":false,"template":"","format":"standard","meta":{"footnotes":""},"categories":[1359],"tags":[6779,58,59,1011,27,973,1405],"class_list":{"0":"post-451710","1":"post","2":"type-post","3":"status-publish","4":"format-standard","5":"has-post-thumbnail","7":"category-people","8":"tag-bruce-toussaint","9":"tag-divertissement","10":"tag-entertainment","11":"tag-fr","12":"tag-france","13":"tag-people","14":"tag-yann-barthes"},"share_on_mastodon":{"url":"https:\/\/pubeurope.com\/@fr\/115348116946860155","error":""},"_links":{"self":[{"href":"https:\/\/www.europesays.com\/fr\/wp-json\/wp\/v2\/posts\/451710","targetHints":{"allow":["GET"]}}],"collection":[{"href":"https:\/\/www.europesays.com\/fr\/wp-json\/wp\/v2\/posts"}],"about":[{"href":"https:\/\/www.europesays.com\/fr\/wp-json\/wp\/v2\/types\/post"}],"author":[{"embeddable":true,"href":"https:\/\/www.europesays.com\/fr\/wp-json\/wp\/v2\/users\/2"}],"replies":[{"embeddable":true,"href":"https:\/\/www.europesays.com\/fr\/wp-json\/wp\/v2\/comments?post=451710"}],"version-history":[{"count":0,"href":"https:\/\/www.europesays.com\/fr\/wp-json\/wp\/v2\/posts\/451710\/revisions"}],"wp:featuredmedia":[{"embeddable":true,"href":"https:\/\/www.europesays.com\/fr\/wp-json\/wp\/v2\/media\/451711"}],"wp:attachment":[{"href":"https:\/\/www.europesays.com\/fr\/wp-json\/wp\/v2\/media?parent=451710"}],"wp:term":[{"taxonomy":"category","embeddable":true,"href":"https:\/\/www.europesays.com\/fr\/wp-json\/wp\/v2\/categories?post=451710"},{"taxonomy":"post_tag","embeddable":true,"href":"https:\/\/www.europesays.com\/fr\/wp-json\/wp\/v2\/tags?post=451710"}],"curies":[{"name":"wp","href":"https:\/\/api.w.org\/{rel}","templated":true}]}}