{"id":451712,"date":"2025-10-10T05:02:33","date_gmt":"2025-10-10T05:02:33","guid":{"rendered":"https:\/\/www.europesays.com\/fr\/451712\/"},"modified":"2025-10-10T05:02:33","modified_gmt":"2025-10-10T05:02:33","slug":"au-musee-de-lorangerie-lepopee-de-berthe-weill-galeriste-de-lavant-garde","status":"publish","type":"post","link":"https:\/\/www.europesays.com\/fr\/451712\/","title":{"rendered":"Au mus\u00e9e de l&rsquo;Orangerie, l&rsquo;\u00e9pop\u00e9e de Berthe Weill, galeriste de l&rsquo;avant-garde"},"content":{"rendered":"<p class=\"editor-content__paragraph\">En 1931, pour annoncer<strong> la parution prochaine de ses M\u00e9moires<\/strong>, l\u2019hebdomadaire les Nouvelles litt\u00e9raires, artistiques et scientifiques \u00e9crit malicieusement\u00a0: \u00ab\u00a0Mlle B. Weill a la dent dure\u2026 et de la m\u00e9moire. Si bien que de Saint-Tropez \u00e0 Sanary, en passant par la terrasse du D\u00f4me [\u00e0 Montparnasse], les M\u00e9moires de<strong> la \u2018petite et grande\u2019 Mlle B. Weill<\/strong> font <strong>l\u2019objet de toutes les conversations<\/strong> \u2013 et que plusieurs sont un peu inquiets.\u00a0\u00bb<\/p>\n<p class=\"editor-content__paragraph editor-content__paragraph--is-hidden\">Il aurait \u00e9t\u00e9 \u00e9trange qu\u2019il en f\u00fbt autrement tant Berthe Weill a \u00e9t\u00e9<strong> l\u2019une des protagonistes majeures de la cr\u00e9ation de son temps<\/strong>, qu\u2019elle d\u00e9fendit r\u00e9solument au moment o\u00f9 des noms comme <a href=\"https:\/\/www.beauxarts.com\/encyclo\/henri-matisse-en-2-minutes\/\" target=\"_blank\" rel=\"noopener\">Matisse<\/a>, <a href=\"https:\/\/www.beauxarts.com\/grand-format\/amedeo-modigliani-en-2-minutes\/\" target=\"_blank\" rel=\"noopener\">Modigliani<\/a>, <a href=\"https:\/\/www.beauxarts.com\/grand-format\/pablo-picasso-en-3-minutes\/\" target=\"_blank\" rel=\"noopener\">Picasso<\/a> et tant d\u2019autres ne disaient rien \u00e0 personne. Bien renseign\u00e9, le journaliste sait que la galeriste ne taira rien des dessous du march\u00e9 de l\u2019art et de <strong>ses propres difficult\u00e9s \u00e0 imposer ses artistes<\/strong>. En introduction, elle d\u00e9clare\u00a0: \u00ab\u00a0J\u2019ai mis l\u00e0-dedans, en vrac, tout ce que j\u2019ai vu, tout ce qui m\u2019est arriv\u00e9\u2026 Je n\u2019ai pas pris soin de faire de belles phrases\u2026 J\u2019ai mis aussi tr\u00e8s souvent le prix des tableaux.\u00a0\u00bb Sous-entendu, ceux qu\u2019elle vendit \u00e0 bon compte et qui <strong>valent aujourd\u2019hui des fortunes<\/strong>.<\/p>\n<p>            <strong>Continuez votre lecture<\/strong><\/p>\n<p>\n                et acc\u00e9dez \u00e0 Beaux Arts Magazine<br \/>et \u00e0 tous les contenus web<br \/><strong>en illimit\u00e9 \u00e0 partir de 5,75\u20ac \/ mois<\/strong>\n            <\/p>\n<p class=\"cta-abonnement__log-in\">\n        D\u00e9j\u00e0 abonn\u00e9 ?        <a data-id=\"aHR0cHM6Ly93d3cuYmVhdXhhcnRzLmNvbS9tb24tY29tcHRlLw==\">Connectez-vous<\/a>\n    <\/p>\n<p>            <img data-vllblanksrc=\"https:\/\/www.beauxarts.com\/expos\/lepopee-de-berthe-weill-galeriste-de-lavant-garde-retracee-au-musee-de-lorangerie\/1\" data-vllsrc=\"https:\/\/www.europesays.com\/fr\/wp-content\/uploads\/2025\/09\/couv-bam-496-232x300.png\" alt=\"\"\/><img data-vllblanksrc=\"https:\/\/www.beauxarts.com\/expos\/lepopee-de-berthe-weill-galeriste-de-lavant-garde-retracee-au-musee-de-lorangerie\/1\" data-vllsrc=\"https:\/\/www.europesays.com\/fr\/wp-content\/uploads\/2025\/10\/bam495_ciouv_page_001-232x300.jpg\" alt=\"\"\/>        <\/p>\n","protected":false},"excerpt":{"rendered":"En 1931, pour annoncer la parution prochaine de ses M\u00e9moires, l\u2019hebdomadaire les Nouvelles litt\u00e9raires, artistiques et scientifiques \u00e9crit&hellip;\n","protected":false},"author":2,"featured_media":451713,"comment_status":"","ping_status":"","sticky":false,"template":"","format":"standard","meta":{"footnotes":""},"categories":[1358],"tags":[12870,1348,1384,1385,57739,1386,58,59,1011,27,3403],"class_list":{"0":"post-451712","1":"post","2":"type-post","3":"status-publish","4":"format-standard","5":"has-post-thumbnail","7":"category-arts-et-design","8":"tag-art-moderne","9":"tag-arts","10":"tag-arts-and-design","11":"tag-arts-et-design","12":"tag-berthe-weill","13":"tag-design","14":"tag-divertissement","15":"tag-entertainment","16":"tag-fr","17":"tag-france","18":"tag-musee-de-lorangerie-paris"},"share_on_mastodon":{"url":"https:\/\/pubeurope.com\/@fr\/115348120800525900","error":""},"_links":{"self":[{"href":"https:\/\/www.europesays.com\/fr\/wp-json\/wp\/v2\/posts\/451712","targetHints":{"allow":["GET"]}}],"collection":[{"href":"https:\/\/www.europesays.com\/fr\/wp-json\/wp\/v2\/posts"}],"about":[{"href":"https:\/\/www.europesays.com\/fr\/wp-json\/wp\/v2\/types\/post"}],"author":[{"embeddable":true,"href":"https:\/\/www.europesays.com\/fr\/wp-json\/wp\/v2\/users\/2"}],"replies":[{"embeddable":true,"href":"https:\/\/www.europesays.com\/fr\/wp-json\/wp\/v2\/comments?post=451712"}],"version-history":[{"count":0,"href":"https:\/\/www.europesays.com\/fr\/wp-json\/wp\/v2\/posts\/451712\/revisions"}],"wp:featuredmedia":[{"embeddable":true,"href":"https:\/\/www.europesays.com\/fr\/wp-json\/wp\/v2\/media\/451713"}],"wp:attachment":[{"href":"https:\/\/www.europesays.com\/fr\/wp-json\/wp\/v2\/media?parent=451712"}],"wp:term":[{"taxonomy":"category","embeddable":true,"href":"https:\/\/www.europesays.com\/fr\/wp-json\/wp\/v2\/categories?post=451712"},{"taxonomy":"post_tag","embeddable":true,"href":"https:\/\/www.europesays.com\/fr\/wp-json\/wp\/v2\/tags?post=451712"}],"curies":[{"name":"wp","href":"https:\/\/api.w.org\/{rel}","templated":true}]}}