{"id":451714,"date":"2025-10-10T05:03:10","date_gmt":"2025-10-10T05:03:10","guid":{"rendered":"https:\/\/www.europesays.com\/fr\/451714\/"},"modified":"2025-10-10T05:03:10","modified_gmt":"2025-10-10T05:03:10","slug":"dire-non-ca-sapprend","status":"publish","type":"post","link":"https:\/\/www.europesays.com\/fr\/451714\/","title":{"rendered":"\u00ab Dire non, \u00e7a s\u2019apprend \u00bb"},"content":{"rendered":"<p>\n    <strong>ENTRETIEN <\/strong>&#8211; L\u2019auteur et m\u00e9decin publie un bel album intitul\u00e9 Les pansements invisibles, dans lequel il image la question du consentement.<\/p>\n<p class=\"fig-paragraph\">Baptiste Beaulieu, m\u00e9decin et \u00e9crivain \u00e0 succ\u00e8s, publie Les pansements invisibles, (Les Ar\u00e8nes), illustr\u00e9 par Qin Leng, un joli album qui rappelle l\u2019importance du\u00a0<a href=\"https:\/\/www.lefigaro.fr\/livres\/vanessa-springora-je-n-ai-pas-ecrit-le-consentement-pour-regler-des-comptes-20201208\" target=\"_blank\" data-fig-type=\"Article\" rel=\"noopener\" data-gtm-custom-categorie=\"navigation\" data-gtm-custom-action=\"crossclick\" data-gtm-custom-label=\"Contextuel\" data-gtm-event=\"customEventSPE\" data-fig-domain=\"LEFIGARO\">consentement<\/a>\u00a0\u00e0 travers l\u2019histoire d\u2019une petite fille. Il sera pr\u00e9sent ce dimanche 12 octobre au Salon \u00abLire en Poche\u00bb, de Gradignan.<\/p>\n<p class=\"fig-paragraph\"><strong>LE FIGARO. &#8211; Que d\u00e9signent les <\/strong><strong>\u00ab pansements invisibles\u00a0\u00bb<\/strong> <strong>, titre de votre dernier album\u00a0?\u00a0<\/strong><\/p>\n<p><strong>Baptiste BEAULIEU. &#8211; <\/strong>Les pansements invisibles, ce sont ces blessures muettes que l\u2019on porte parfois sans que personne ne les voie. Cet album raconte l\u2019histoire d\u2019une petite fille qui d\u00e9couvre que son corps lui appartient. Qu\u2019il n\u2019est ni un objet, ni un terrain neutre, ni une chose que l\u2019on peut commenter, toucher ou photographier sans son accord. Elle prend aussi conscience que l\u2019on peut souffrir \u2014 parfois \u00e9norm\u00e9ment \u2014 sans que l\u2019entourage ne s\u2019en aper\u00e7oive. Chaque fois qu\u2019elle se sent envahie, rabaiss\u00e9e ou ni\u00e9e, un pansement imaginaire appara\u00eet sur sa peau. Des pansements symboliques, invisibles aux yeux des autres, mais profond\u00e9ment r\u00e9els pour elle. L\u2019album s\u2019adresse \u00e0 la fois aux enfants, qui y trouvent un miroir de leurs ressentis, et aux parents, qui y d\u00e9couvrent des cl\u00e9s pour les \u00e9couter et les accompagner.<\/p>\n<p>                                    <a class=\"fig-a11y-skip a11y-hidden\" href=\"#fig-a11y-skip-main-inarticle\"><br \/>\n        Passer la publicit\u00e9<br \/>\n    <\/a><\/p>\n<p class=\"fig-paragraph\"><strong>Comment est n\u00e9e l\u2019id\u00e9e de cet album jeunesse\u00a0?<\/strong><\/p>\n<p class=\"fig-paragraph\">Elle est n\u00e9e de ma pratique m\u00e9dicale quotidienne et de mes rencontres. Trop souvent, j\u2019ai constat\u00e9 combien les enfants se taisent, par peur ou par loyaut\u00e9, face \u00e0 ce qui les blesse. J\u2019ai voulu \u00e9crire un texte qui soit un espace de r\u00e9paration, un endroit s\u00fbr o\u00f9 poser des mots simples sur ce qui, pour eux, est parfois indicible. J\u2019ai aussi voulu proposer aux adultes un outil pour aborder la question du consentement et de l\u2019auto-d\u00e9termination sans tabou, avec d\u00e9licatesse et bienveillance. Cet album est un espace d\u2019\u00e9coute et de dialogue. Il aide les enfants \u00e0 mettre des mots sur leurs blessures invisibles, il offre aux adultes des outils pour les entendre. Il cr\u00e9e des passerelles entre l\u2019intime et le collectif, entre l\u2019indicible et le partage. Il peut \u00eatre lu \u00e0 la maison, \u00e0 l\u2019\u00e9cole, en m\u00e9diath\u00e8que, en consultation m\u00e9dicale. Il s\u2019adresse \u00e0 tous, car ces pansements, nous les portons longtemps, parfois m\u00eame sans nous en souvenir. Rien n\u2019est plus \u00abextime\u00bb que \u00abl\u2019intime\u00bb. Je ne connais pas de gens qui ne se d\u00e9battent pas secr\u00e8tement contre des blessures invisibles, qui ne m\u00e8ne pas solitairement un combat entre lui et lui-m\u00eame.<\/p>\n<p>Le courage na\u00eet rarement de soi seul\u00a0: il se construit gr\u00e2ce au regard des autres, gr\u00e2ce \u00e0 l\u2019\u00e9coute.<\/p>\n<p class=\"fig-paragraph\"><strong>Dans le livre, une fillette fait l\u2019exp\u00e9rience du consentement \u00e0 travers ses rencontres, et diverses situations. Pourquoi avoir choisi d\u2019\u00e9crire sur ce th\u00e8me \u00e9pineux\u00a0?<\/strong><\/p>\n<p class=\"fig-paragraph\">Parce que le consentement est une notion universelle. Trop souvent, on le r\u00e9duit \u00e0 la sph\u00e8re intime ou sexuelle, alors qu\u2019il concerne chaque interaction de la vie quotidienne. Un enfant doit pouvoir se demander\u00a0: \u00ab Suis-je d\u2019accord ou pas d\u2019accord\u00a0? Ai-je envie ou non de pr\u00eater mon jouet\u00a0? Suis-je \u00e0 l\u2019aise ou non de partager mon espace de jeu\u00a0?\u00a0\u00bb On croit parfois que ces d\u00e9tails sont insignifiants, mais c\u2019est l\u00e0 que tout commence. Forcer un enfant \u00e0 pr\u00eater son jouet \u00ab parce qu\u2019il le faut\u00a0\u00bb revient \u00e0 nier son ressenti. Et si l\u2019on transpose \u00e0 notre monde d\u2019adultes, accepterions-nous de partager SANS DISCUSSION notre t\u00e9l\u00e9phone avec un inconnu\u00a0? La r\u00e9ponse est \u00e9vidente. En somme, le consentement s\u2019apprend t\u00f4t\u00a0: dans le respect des petites choses se construit le respect des grandes.<\/p>\n<p class=\"fig-paragraph\"><strong>Dire <\/strong><strong>\u00abnon\u00bb<\/strong> <strong>, cela s\u2019\u00e9duque-t-il\u00a0?<\/strong><\/p>\n<p>                                    <a class=\"fig-a11y-skip a11y-hidden\" href=\"#fig-a11y-skip-main-inarticle_mtf\"><br \/>\n        Passer la publicit\u00e9<br \/>\n    <\/a><\/p>\n<p class=\"fig-paragraph\">Oui, absolument. Dire non est un apprentissage. Cela suppose d\u2019abord de sentir que l\u2019on a le droit de dire non. Cela suppose ensuite d\u2019\u00eatre entendu.<br \/>Qu\u2019est-ce que cela signifie\u00a0? Cela signifie que, parfois, nous devons avoir le droit de dire \u00ab NON\u00a0\u00bb sans avoir \u00e0 JUSTIFIER ce NON. Cela signifie savoir que OUI, parfois, le simple mot NON est, en soi, une phrase compl\u00e8te.\u00a0<br \/>Dans l\u2019album, la fillette d\u00e9couvre que des adultes bienveillants \u2014 une docteure, une ma\u00eetresse \u2014 peuvent faire toute la diff\u00e9rence. Parce qu\u2019ils lui donnent l\u2019espace d\u2019exister et accord\u00e9 \u00e0 sa parole d\u2019enfant pour une l\u00e9gitimit\u00e9. Le courage na\u00eet rarement de soi seul\u00a0: il se construit gr\u00e2ce au regard des autres, gr\u00e2ce \u00e0 l\u2019\u00e9coute.<\/p>\n<p>Lire, c\u2019est apprendre \u00e0 se mettre \u00e0 la place d\u2019autrui. Et un adulte qui a appris cela enfant est mieux arm\u00e9 pour construire un monde respectueux et solidaire<\/p>\n<p class=\"fig-paragraph\"><strong>Croyez-vous au pouvoir de la parole\u00a0?<\/strong><\/p>\n<p class=\"fig-paragraph\">Oui. La parole peut sauver, et la litt\u00e9rature peut en \u00eatre le tremplin. Lire une histoire, c\u2019est d\u00e9couvrir qu\u2019on n\u2019est pas seul, qu\u2019on a le droit de ressentir ce que l\u2019on ressent, que d\u2019autres ont travers\u00e9 les m\u00eames temp\u00eates. La litt\u00e9rature donne des mots l\u00e0 o\u00f9 souvent il n\u2019y en a pas. Elle offre un espace symbolique qui permet ensuite d\u2019oser parler dans le r\u00e9el. C\u2019est le propre du roman\u00a0: lire c\u2019est, l\u2019espace de 200\/300 pages, vivre d\u2019autres vies que la sienne, et, par l\u00e0 m\u00eame, faire l\u2019exp\u00e9rience d\u2019une alt\u00e9rit\u00e9 qui nous serait sinon impossible \u00e0 atteindre.<\/p>\n<p class=\"fig-paragraph\"><strong>Vous \u00e9crivez\u00a0: <\/strong><strong>\u00ab Je crois vraiment qu\u2019on peut changer le monde avec des histoires pour enfants.\u00a0\u00bb<\/strong> <strong>Lire aide-t-il \u00e0 mieux grandir, \u00e0 devenir un meilleur adulte\u00a0?<\/strong><\/p>\n<p class=\"fig-paragraph\">Je le crois profond\u00e9ment. Les histoires forgent notre imaginaire moral, elles nous apprennent \u00e0 identifier l\u2019injustice, \u00e0 d\u00e9velopper l\u2019empathie, \u00e0 comprendre la nuance. Lire, c\u2019est apprendre \u00e0 se mettre \u00e0 la place d\u2019autrui. Et un adulte qui a appris cela enfant est mieux arm\u00e9 pour construire un monde respectueux et solidaire. On peut changer la vie d\u2019un enfant en lui donnant un livre. On peut changer le monde en donnant beaucoup de livres \u00e0 beaucoup d\u2019enfants.<\/p>\n<p><strong>De plus en plus d\u2019auteurs jeunesse abordent des sujets lourds, qui vont de l\u2019inceste aux attentats en passant par le r\u00e9chauffement climatique. Faut-il conscientiser les enfants d\u00e8s le plus jeune \u00e2ge ou au contraire, les prot\u00e9ger de la violence du monde\u00a0?<\/strong><\/p>\n<p>                                    <a class=\"fig-a11y-skip a11y-hidden\" href=\"#fig-a11y-skip-main-inarticle_btf\"><br \/>\n        Passer la publicit\u00e9<br \/>\n    <\/a><\/p>\n<p class=\"fig-paragraph\">Je ne crois pas qu\u2019il s\u2019agisse d\u2019un choix exclusif. Les enfants savent bien plus de choses qu\u2019on ne l\u2019imagine. Le danger, ce n\u2019est pas de leur parler\u00a0: c\u2019est de leur laisser affronter seuls des \u00e9motions qu\u2019ils ne savent pas nommer.<br \/>La litt\u00e9rature jeunesse a ce pouvoir\u00a0: elle n\u2019expose pas les enfants brutalement \u00e0 la violence du monde, mais elle leur donne des outils pour la comprendre, la mettre \u00e0 distance et l\u2019apprivoiser. Il ne s\u2019agit pas de les accabler, mais de les armer. Les enfants sont des \u00e9ponges \u00e9motionnelles\u00a0: nous voulons les pr\u00e9server de nos trag\u00e9dies d\u2019adultes, mais parce qu\u2019ils nous aiment, ils ne sont pas totalement dupes\u00a0: ils savent que se trament l\u00e0-haut, chez les grands, de grandes histoires tragiques. Expliquer c\u2019est aussi les emp\u00eacher d\u2019\u00eatre envahi par un imaginaire d\u00e9bordant et anxiog\u00e8ne. Personnellement je n\u2019ai pas de meilleure et plus belle promesse \u00e0 faire aux adultes qui lisent mes livres \u00e0 leurs enfants que celle-ci\u00a0: j\u2019\u00e9cris les livres que je veux lire \u00e0 mon enfant pour qu\u2019il devienne un adulte convenable et apte \u00e0 coexister pacifiquement ET avec lui-m\u00eame ET en soci\u00e9t\u00e9.<\/p>\n<p>    \u00abLes pansements invisibles\u00bb, de Baptiste Beaulieu, illustr\u00e9 par Qin Leng<br \/>\n                Les Ar\u00e8nes<\/p>\n","protected":false},"excerpt":{"rendered":"ENTRETIEN &#8211; L\u2019auteur et m\u00e9decin publie un bel album intitul\u00e9 Les pansements invisibles, dans lequel il image la&hellip;\n","protected":false},"author":2,"featured_media":451715,"comment_status":"","ping_status":"","sticky":false,"template":"","format":"standard","meta":{"footnotes":""},"categories":[1357],"tags":[1379,58,59,1011,27,1351,1380],"class_list":{"0":"post-451714","1":"post","2":"type-post","3":"status-publish","4":"format-standard","5":"has-post-thumbnail","7":"category-livres","8":"tag-books","9":"tag-divertissement","10":"tag-entertainment","11":"tag-fr","12":"tag-france","13":"tag-litterature","14":"tag-livres"},"share_on_mastodon":{"url":"https:\/\/pubeurope.com\/@fr\/115348124752070502","error":""},"_links":{"self":[{"href":"https:\/\/www.europesays.com\/fr\/wp-json\/wp\/v2\/posts\/451714","targetHints":{"allow":["GET"]}}],"collection":[{"href":"https:\/\/www.europesays.com\/fr\/wp-json\/wp\/v2\/posts"}],"about":[{"href":"https:\/\/www.europesays.com\/fr\/wp-json\/wp\/v2\/types\/post"}],"author":[{"embeddable":true,"href":"https:\/\/www.europesays.com\/fr\/wp-json\/wp\/v2\/users\/2"}],"replies":[{"embeddable":true,"href":"https:\/\/www.europesays.com\/fr\/wp-json\/wp\/v2\/comments?post=451714"}],"version-history":[{"count":0,"href":"https:\/\/www.europesays.com\/fr\/wp-json\/wp\/v2\/posts\/451714\/revisions"}],"wp:featuredmedia":[{"embeddable":true,"href":"https:\/\/www.europesays.com\/fr\/wp-json\/wp\/v2\/media\/451715"}],"wp:attachment":[{"href":"https:\/\/www.europesays.com\/fr\/wp-json\/wp\/v2\/media?parent=451714"}],"wp:term":[{"taxonomy":"category","embeddable":true,"href":"https:\/\/www.europesays.com\/fr\/wp-json\/wp\/v2\/categories?post=451714"},{"taxonomy":"post_tag","embeddable":true,"href":"https:\/\/www.europesays.com\/fr\/wp-json\/wp\/v2\/tags?post=451714"}],"curies":[{"name":"wp","href":"https:\/\/api.w.org\/{rel}","templated":true}]}}