{"id":451718,"date":"2025-10-10T05:05:13","date_gmt":"2025-10-10T05:05:13","guid":{"rendered":"https:\/\/www.europesays.com\/fr\/451718\/"},"modified":"2025-10-10T05:05:13","modified_gmt":"2025-10-10T05:05:13","slug":"une-nouvelle-radio-simplante-a-quimper-et-recherche-des-benevoles","status":"publish","type":"post","link":"https:\/\/www.europesays.com\/fr\/451718\/","title":{"rendered":"Une nouvelle radio s&rsquo;implante \u00e0 Quimper et recherche des b\u00e9n\u00e9voles"},"content":{"rendered":"<p>            Par<br \/>\n        <strong><br \/>\n            <a href=\"https:\/\/actu.fr\/auteur\/martine-desaintjan\" title=\"Consulter tous les articles de Martine De Saint Jan\" target=\"_blank\" rel=\"noopener\">Martine De Saint Jan<\/a><br \/>\n        <\/strong><\/p>\n<p>        Publi\u00e9 le<\/p>\n<p>            9 oct. 2025 \u00e0 16h48<br \/>\n        ; mis \u00e0 jour le 9 oct. 2025 \u00e0 16h52    <\/p>\n<p>La <b>radio associative \u00e9tudiante Radio U<\/b>, bas\u00e9e \u00e0 Brest, s\u2019implante \u00e0 Quimper (Finist\u00e8re) et \u00e0 Morlaix.<\/p>\n<p class=\" wall-content\">Avant de pouvoir \u00e9mettre, elle attend le feu vert de l\u2019Arcom, autorit\u00e9 de r\u00e9gulation de la communication audiovisuelle et num\u00e9rique. \u00ab Il devrait nous \u00eatre donn\u00e9 avant la fin de l\u2019ann\u00e9e, pr\u00e9cise Morgane Durrenbach, coordinatrice administrative et financi\u00e8re.\u00a0Nous diffuserons en Dab +, une technologie num\u00e9rique. \u00bb<\/p>\n<p class=\" wall-content\">D\u2019ici l\u00e0, l\u2019\u00e9quipe s\u2019active pour pr\u00e9parer son arriv\u00e9e \u00e0 Quimper. La radio va installer son studio et ses bureaux dans un ancien logement de fonction \u00e0 l\u2019IUT (en arri\u00e8re-plan sur la photo).<\/p>\n<p class=\" wall-content\">Radio U a recrut\u00e9 <b>deux jeunes journalistes<\/b> pour assurer le lancement. Imrane Baroudi, en CDI, sera le coordinateur. C\u00e9lestin Barraud, en service civique, pr\u00e9sentera notamment l\u2019\u00e9mission quotidienne \u00e0 l\u2019heure du d\u00e9jeuner (\u00abUn tour d\u2019horizon de l\u2019actualit\u00e9 culturelle, associative et \u00e9tudiante \u00bb).<\/p>\n<p>Recrutement de b\u00e9n\u00e9voles<\/p>\n<blockquote class=\"ac-article-quote wall-content\">\n<p>\u00ab J\u2019ai commenc\u00e9 \u00e0 rencontrer les acteurs culturels et de la vie \u00e9tudiante. Il faut rendre visible la pr\u00e9sence de Radio U. Et je dois trouver des b\u00e9n\u00e9voles avec lesquels nous construirons la grille de programmes. Je vais passer pr\u00e9senter la radio dans les amphis \u00bb<\/p>\n<p>Imrane Baroudi.<\/p><\/blockquote>\n<p>Vid\u00e9os : en ce moment sur Actu<\/p>\n<p class=\" wall-content\">Le mod\u00e8le de la radio, qui s\u2019adresse plut\u00f4t aux jeunes, est en effet bas\u00e9 sur le b\u00e9n\u00e9volat et l\u2019<b>\u00e9ducation \u00e0 la pratique radiophonique<\/b>. \u00ab Nous proposons aux Quimp\u00e9rois d\u2019animer leur \u00e9mission ou de r\u00e9aliser leur chronique, avec notre aide. \u00c0 Brest, Radio U fonctionne avec 70\u00a0b\u00e9n\u00e9voles, de 18 \u00e0 70\u00a0ans \u00bb, pr\u00e9cise Morgane Durrenbach. Une dizaine de personnes se seraient d\u00e9j\u00e0 signal\u00e9es \u00e0 Quimper.<\/p>\n<p>Votre r\u00e9gion, votre actu !<\/p>\n<p>Recevez chaque jour les infos qui comptent pour vous.<\/p>\n<p>\t<a href=\"https:\/\/actu.fr\/newsletter\" class=\"ac-btn ac-btn--corner ac-btn--medium ac-btn--blue800\" target=\"_blank\" rel=\"noopener\">S&rsquo;incrire<\/a><\/p>\n<p class=\" wall-content\">Les \u00e9tudiants trouveront un plateau et un stand Radio U \u00e0 la nocturne culturelle organis\u00e9e au p\u00f4le univeristaire Pierre-Jakez-H\u00e9lias jeudi 16 octobre 2025. \u00ab Nous y enregistrerons une \u00e9mission, sur le th\u00e8me \u00catre \u00e9tudiant \u00e0 Quimper. Qui sera sans doute la premi\u00e8re diffus\u00e9e sur notre antenne lorsque nous aurons l\u2019autorisation d\u2019\u00e9mettre \u00bb, annonce Imrane Baroudi.<\/p>\n<p>www.radio-u.org\/<\/p>\n<p class=\" wall-content\">Personnalisez votre actualit\u00e9 en ajoutant vos villes et m\u00e9dias en favori avec <a href=\"https:\/\/moncompte.actu.fr\" title=\"D\u00e9couvez Mon Actu\" rel=\"nofollow noopener\" data-trk=\"{&quot;cta&quot;:{&quot;action&quot;:&quot;https:\\\/\\\/moncompte.actu.fr&quot;,&quot;category&quot;:&quot;mon compte&quot;,&quot;from&quot;:&quot;article footer&quot;,&quot;name&quot;:&quot;Mon actu&quot;,&quot;type&quot;:&quot;cta&quot;}}\" target=\"_blank\">Mon Actu<\/a>.<\/p>\n","protected":false},"excerpt":{"rendered":"Par Martine De Saint Jan Publi\u00e9 le 9 oct. 2025 \u00e0 16h48 ; mis \u00e0 jour le 9&hellip;\n","protected":false},"author":2,"featured_media":451719,"comment_status":"","ping_status":"","sticky":false,"template":"","format":"standard","meta":{"footnotes":""},"categories":[1355],"tags":[58,59,1064,1011,27,1652,1361,873,1825,57740],"class_list":{"0":"post-451718","1":"post","2":"type-post","3":"status-publish","4":"format-standard","5":"has-post-thumbnail","7":"category-musique","8":"tag-divertissement","9":"tag-entertainment","10":"tag-etudiantses","11":"tag-fr","12":"tag-france","13":"tag-loisirs-culture","14":"tag-music","15":"tag-musique","16":"tag-radio","17":"tag-universite-de-bretagne-occidentale-ubo"},"share_on_mastodon":{"url":"https:\/\/pubeurope.com\/@fr\/115348132594739362","error":""},"_links":{"self":[{"href":"https:\/\/www.europesays.com\/fr\/wp-json\/wp\/v2\/posts\/451718","targetHints":{"allow":["GET"]}}],"collection":[{"href":"https:\/\/www.europesays.com\/fr\/wp-json\/wp\/v2\/posts"}],"about":[{"href":"https:\/\/www.europesays.com\/fr\/wp-json\/wp\/v2\/types\/post"}],"author":[{"embeddable":true,"href":"https:\/\/www.europesays.com\/fr\/wp-json\/wp\/v2\/users\/2"}],"replies":[{"embeddable":true,"href":"https:\/\/www.europesays.com\/fr\/wp-json\/wp\/v2\/comments?post=451718"}],"version-history":[{"count":0,"href":"https:\/\/www.europesays.com\/fr\/wp-json\/wp\/v2\/posts\/451718\/revisions"}],"wp:featuredmedia":[{"embeddable":true,"href":"https:\/\/www.europesays.com\/fr\/wp-json\/wp\/v2\/media\/451719"}],"wp:attachment":[{"href":"https:\/\/www.europesays.com\/fr\/wp-json\/wp\/v2\/media?parent=451718"}],"wp:term":[{"taxonomy":"category","embeddable":true,"href":"https:\/\/www.europesays.com\/fr\/wp-json\/wp\/v2\/categories?post=451718"},{"taxonomy":"post_tag","embeddable":true,"href":"https:\/\/www.europesays.com\/fr\/wp-json\/wp\/v2\/tags?post=451718"}],"curies":[{"name":"wp","href":"https:\/\/api.w.org\/{rel}","templated":true}]}}