{"id":451720,"date":"2025-10-10T05:06:34","date_gmt":"2025-10-10T05:06:34","guid":{"rendered":"https:\/\/www.europesays.com\/fr\/451720\/"},"modified":"2025-10-10T05:06:34","modified_gmt":"2025-10-10T05:06:34","slug":"a-digne-les-bains-un-jeune-cineaste-local-propose-un-documentaire-pour-decouvrir-le-nepal","status":"publish","type":"post","link":"https:\/\/www.europesays.com\/fr\/451720\/","title":{"rendered":"\u00c0 Digne-les-Bains, un jeune cin\u00e9aste local propose un documentaire pour d\u00e9couvrir le N\u00e9pal"},"content":{"rendered":"<p>\u00c0 25 ans, Timoth\u00e9 Imbert n\u2019a d\u00e9j\u00e0 plus besoin de prouver sa d\u00e9termination. Depuis son premier documentaire tourn\u00e9 en Pologne aupr\u00e8s des \u00e9l\u00e8ves du <a href=\"https:\/\/www.laprovence.com\/article\/region\/2170054109331614\/digne-les-bains-un-voyage-initiatique-en-irlande-pour-deux-lyceennes-du-sacre-coeur\" target=\"_blank\" rel=\"noopener\">lyc\u00e9e Sacr\u00e9-C\u0153ur<\/a> \u00e0 Digne-les-Bains (Alpes-de-Haute-Provence), ce passionn\u00e9 d\u2019images trace sa route avec une conviction rare : filmer l\u2019humain, l\u2019instant pr\u00e9sent, et t\u00e9moigner de ce qui relie les \u00eatres. Son dernier voyage au N\u00e9pal en est l\u2019illustration la plus \u00e9clatante.<\/p>\n<p>Une rencontre hors du temps<\/p>\n<p>Ce p\u00e9riple l\u2019a men\u00e9 jusqu\u2019au monast\u00e8re de Shechen, \u00e0 Katmandou, o\u00f9 il a eu le privil\u00e8ge d\u2019interviewer Matthieu Ricard. \u00ab\u00a0Se retrouver dans sa biblioth\u00e8que, un lieu qu\u2019il a longtemps dirig\u00e9, c\u2019\u00e9tait extr\u00eamement fort\u00a0\u00bb, confie-t-il. Sans \u00eatre bouddhiste, Timoth\u00e9 dit avoir ressenti une \u00e9nergie particuli\u00e8re, comme suspendue, au c\u0153ur de ce moment. Quelques minutes de cet \u00e9change exceptionnel seront diffus\u00e9es lors de la conf\u00e9rence, accompagn\u00e9es d\u2019un diaporama de ses plus belles images.<\/p>\n<p>Mais son voyage ne s\u2019est pas limit\u00e9 \u00e0 cette rencontre. Timoth\u00e9 a parcouru la vall\u00e9e de Tsum, o\u00f9 il a d\u00e9couvert un peuple profond\u00e9ment attach\u00e9 au respect du vivant. Depuis un si\u00e8cle, les habitants ont sign\u00e9 un pacte de non-violence envers les animaux et de pr\u00e9servation de l\u2019environnement, faisant de ce territoire un lieu sacr\u00e9 officiellement reconnu par le gouvernement n\u00e9palais. \u00ab\u00a0J\u2019ai toujours eu un int\u00e9r\u00eat pour l\u2019humain, le social et l\u2019environnemental. Partir voyager au N\u00e9pal, cela englobait tout cela\u00a0\u00bb, souligne le r\u00e9alisateur.<\/p>\n<p>Un jeune cin\u00e9aste engag\u00e9<\/p>\n<p>Ancien \u00e9l\u00e8ve du lyc\u00e9e Alexandra David-N\u00e9el, o\u00f9 il enseigne aujourd\u2019hui comme intervenant technique en audiovisuel, Timoth\u00e9 a toujours su transformer ses exp\u00e9riences en tremplin.<\/p>\n<p>De son passage dans une \u00e9cole de cin\u00e9ma au Canada \u00e0 la cr\u00e9ation de son entreprise, il poursuit avec t\u00e9nacit\u00e9 son chemin. Son projet actuel est en phase de montage, et il invite ceux qui le souhaitent \u00e0 rejoindre l\u2019aventure en apportant leur soutien \u00e0 la finalisation et \u00e0 la diffusion du film.<\/p>\n<p>Ces deux soir\u00e9es promises \u00e0 l\u2019espace <a href=\"https:\/\/www.laprovence.com\/article\/culture-loisirs\/2914541884621614\/prix-litteraire-alexandra-david-neel-quand-digne-les-bains-couronne-laudace-graphique-de-lexploration\" target=\"_blank\" rel=\"noopener\">Alexandra David-N\u00e9el<\/a> s\u2019annoncent comme une v\u00e9ritable immersion dans l\u2019univers d\u2019un jeune cin\u00e9aste engag\u00e9, pour qui le cin\u00e9ma est avant tout une passerelle entre les cultures et une invitation \u00e0 l\u2019ouverture.<\/p>\n<p>Conf\u00e9rence \u00ab\u00a0N\u00e9pal, terre de rencontres\u00a0\u00bb, avec Timoth\u00e9 Imbert, vendredi 10 octobre et vendredi 21 novembre, 18h15, Espace Alexandra David-N\u00e9el, Digne-les-Bains. Plus d&rsquo;informations\u00a0: motimpictures.fr &#8211; <a href=\"https:\/\/www.laprovence.com\/cdn-cgi\/l\/email-protection\" class=\"__cf_email__\" data-cfemail=\"1974766d7074696b767d6c7a6d707677597e74787075377a7674\" target=\"_blank\" rel=\"noopener\">[email\u00a0protected]<\/a>.<\/p>\n","protected":false},"excerpt":{"rendered":"\u00c0 25 ans, Timoth\u00e9 Imbert n\u2019a d\u00e9j\u00e0 plus besoin de prouver sa d\u00e9termination. Depuis son premier documentaire tourn\u00e9&hellip;\n","protected":false},"author":2,"featured_media":451721,"comment_status":"","ping_status":"","sticky":false,"template":"","format":"standard","meta":{"footnotes":""},"categories":[1354],"tags":[17,7210,10429,58,1190,59,1346,1011,27,3913,4555,1360,471,6088,16],"class_list":{"0":"post-451720","1":"post","2":"type-post","3":"status-publish","4":"format-standard","5":"has-post-thumbnail","7":"category-films","8":"tag-17","9":"tag-cineaste","10":"tag-digne-les-bains","11":"tag-divertissement","12":"tag-documentaire","13":"tag-entertainment","14":"tag-films","15":"tag-fr","16":"tag-france","17":"tag-jeune","18":"tag-local","19":"tag-movies","20":"tag-pour","21":"tag-propose","22":"tag-region"},"share_on_mastodon":{"url":"https:\/\/pubeurope.com\/@fr\/115348136529380179","error":""},"_links":{"self":[{"href":"https:\/\/www.europesays.com\/fr\/wp-json\/wp\/v2\/posts\/451720","targetHints":{"allow":["GET"]}}],"collection":[{"href":"https:\/\/www.europesays.com\/fr\/wp-json\/wp\/v2\/posts"}],"about":[{"href":"https:\/\/www.europesays.com\/fr\/wp-json\/wp\/v2\/types\/post"}],"author":[{"embeddable":true,"href":"https:\/\/www.europesays.com\/fr\/wp-json\/wp\/v2\/users\/2"}],"replies":[{"embeddable":true,"href":"https:\/\/www.europesays.com\/fr\/wp-json\/wp\/v2\/comments?post=451720"}],"version-history":[{"count":0,"href":"https:\/\/www.europesays.com\/fr\/wp-json\/wp\/v2\/posts\/451720\/revisions"}],"wp:featuredmedia":[{"embeddable":true,"href":"https:\/\/www.europesays.com\/fr\/wp-json\/wp\/v2\/media\/451721"}],"wp:attachment":[{"href":"https:\/\/www.europesays.com\/fr\/wp-json\/wp\/v2\/media?parent=451720"}],"wp:term":[{"taxonomy":"category","embeddable":true,"href":"https:\/\/www.europesays.com\/fr\/wp-json\/wp\/v2\/categories?post=451720"},{"taxonomy":"post_tag","embeddable":true,"href":"https:\/\/www.europesays.com\/fr\/wp-json\/wp\/v2\/tags?post=451720"}],"curies":[{"name":"wp","href":"https:\/\/api.w.org\/{rel}","templated":true}]}}