{"id":451728,"date":"2025-10-10T05:10:26","date_gmt":"2025-10-10T05:10:26","guid":{"rendered":"https:\/\/www.europesays.com\/fr\/451728\/"},"modified":"2025-10-10T05:10:26","modified_gmt":"2025-10-10T05:10:26","slug":"sony-et-amd-annoncent-trois-technologies-de-lavenir-du-jeu-video","status":"publish","type":"post","link":"https:\/\/www.europesays.com\/fr\/451728\/","title":{"rendered":"Sony et AMD annoncent trois technologies de \u00ab l&rsquo;avenir du jeu vid\u00e9o \u00bb"},"content":{"rendered":"<p>AMD et Sony ont publi\u00e9 une discussion entre Mark Cerny, lead architect sur les consoles PlayStation et Jack Huynh, experts des sujets CPU et GPU chez AMD. Ils commencent \u00e0 \u00e9voquer l\u2019avenir de PlayStation. <\/p>\n<p><a target=\"_blank\" href=\"https:\/\/images.frandroid.com\/wp-content\/uploads\/2021\/02\/logo-playstation-frandroid-illustration-2.jpg\" class=\"article-content__figure\" rel=\"nofollow noopener\"><img fetchpriority=\"high\" decoding=\"async\" loading=\"eager\" width=\"1200\" height=\"675\" src=\"https:\/\/www.europesays.com\/fr\/wp-content\/uploads\/2025\/10\/logo-playstation-frandroid-illustration-2.jpg\" alt=\"\" class=\"wp-image-846583 wp-image wp-image\"  \/><\/a>Source : Frandroid<\/p>\n<p>La PlayStation 5 a \u00e9t\u00e9 lanc\u00e9 en 2020, il y a pr\u00e8s de 5 ans. Pour Sony, c\u2019est le signe qu\u2019il faut commencer \u00e0 se tourner vers l\u2019avenir et une console de nouvelle g\u00e9n\u00e9ration.<\/p>\n<p class=\"bottom-text\">                <a href=\"https:\/\/www.youtube.com\/watch?v=1LCMzw-_dMw\" target=\"_blank\" rel=\"nofollow noopener\">Lien YouTube<\/a>                                    <a href=\"https:\/\/www.youtube.com\/subscription_center?add_user=FrAndroidTube\" target=\"_blank\" rel=\"nofollow noopener\">S\u2019abonner \u00e0 Frandroid<\/a>                            <\/p>\n<p>                Ce contenu est bloqu\u00e9 car vous n\u2019avez pas accept\u00e9 les cookies et autres traceurs. Ce contenu est fourni par YouTube.<br \/>Pour pouvoir le visualiser, vous devez accepter l\u2019usage \u00e9tant op\u00e9r\u00e9 par YouTube avec vos donn\u00e9es qui pourront \u00eatre utilis\u00e9es pour les finalit\u00e9s suivantes : vous permettre de visualiser et de partager des contenus avec des m\u00e9dias sociaux, favoriser le d\u00e9veloppement et l\u2019am\u00e9lioration des produits d\u2019Humanoid et de ses partenaires, vous afficher des publicit\u00e9s personnalis\u00e9es par rapport \u00e0 votre profil et activit\u00e9, vous d\u00e9finir un profil publicitaire personnalis\u00e9, mesurer la performance des publicit\u00e9s et du contenu de ce site et mesurer l\u2019audience de ce site <a href=\"#\" class=\"js-privacy\" target=\"_blank\">(en savoir plus)<\/a>            <\/p>\n<p>                En cliquant sur \u00ab J\u2019accepte tout \u00bb, vous consentez aux finalit\u00e9s susmentionn\u00e9es pour l\u2019ensemble des cookies et autres traceurs d\u00e9pos\u00e9s par Humanoid et <a class=\"embed-consent-overlay-vendors-link\" href=\"#preferences-vendeurs\">ses partenaires<\/a>.            <\/p>\n<p>                Vous gardez la possibilit\u00e9 de retirer votre consentement \u00e0 tout moment. Pour plus d\u2019informations, nous vous invitons \u00e0 prendre connaissance de notre <a href=\"https:\/\/www.frandroid.com\/politique-cookies\" rel=\"nofollow noopener\" target=\"_blank\">Politique cookies<\/a>.            <\/p>\n<p>            J\u2019accepte tout        <\/p>\n<p class=\"embed-consent-overlay-manage-choices\">            <a href=\"#preferences-publicitaires\">G\u00e9rer mes choix<\/a>        <\/p>\n<p>Dans une nouvelle vid\u00e9o publi\u00e9e ce jeudi 9 octobre sur sa chaine, PlayStation fait le point sur son partenariat technique avec AMD.<\/p>\n<p>L\u2019essentiel de la vid\u00e9o se concentre sur le travail de Project Amethyst, <a href=\"https:\/\/www.frandroid.com\/marques\/sony\/2446110_ps6-sony-revele-les-technologies-qui-permettront-aux-jeux-detre-encore-plus-beaux-et-performants\" rel=\"nofollow noopener\" target=\"_blank\">un effort commun entre PlayStation et AMD<\/a> pour d\u00e9velopper les technologiques q<a href=\"https:\/\/www.frandroid.com\/actualites-generales\/2717739_il-sagit-vraiment-dessayer-de-faire-avancer-lindustrie-comment-les-evolutions-de-la-ps6-vont-aussi-profiter-au-monde-du-pc\" rel=\"nofollow noopener\" target=\"_blank\">ui seront embarqu\u00e9es sur la PS6.<\/a><\/p>\n<p>Trois nouvelles technologies pour la PS6<\/p>\n<p>AMD et Sony ont pr\u00e9sent\u00e9 trois nouvelles technologiques majeurs qui \u00e9quiperont la future PlayStation 6 : <strong>Neural Arrays<\/strong>, <strong>Radiance Cores<\/strong> et <strong>Universal Compression<\/strong>.<\/p>\n<p><a target=\"_blank\" href=\"https:\/\/images.frandroid.com\/wp-content\/uploads\/2025\/10\/image-18-4.jpg\" class=\"article-content__figure\" rel=\"nofollow noopener\"><img loading=\"lazy\" decoding=\"async\" width=\"1200\" height=\"675\" src=\"https:\/\/www.europesays.com\/fr\/wp-content\/uploads\/2025\/10\/image-18-4-1200x675.jpg\" alt=\"\" class=\"wp-image-2826299 wp-image\"  \/><\/a><\/p>\n<p>Les <strong>Neural Arrays<\/strong> d\u00e9signe pour Sony et AMD la capacit\u00e9 \u00e0 unifier des blocs d\u2019unit\u00e9s de calculs pour les orienter vers des calculs li\u00e9s \u00e0 l\u2019IA. <\/p>\n<p><a target=\"_blank\" href=\"https:\/\/images.frandroid.com\/wp-content\/uploads\/2025\/10\/image-18-5.jpg\" class=\"article-content__figure\" rel=\"nofollow noopener\"><img loading=\"lazy\" decoding=\"async\" width=\"1200\" height=\"675\" src=\"https:\/\/www.europesays.com\/fr\/wp-content\/uploads\/2025\/10\/image-18-5-1200x675.jpg\" alt=\"\" class=\"wp-image-2826309 wp-image\"  \/><\/a><\/p>\n<p>En termes plus simples, c\u2019est la nouvelle solution hardware qui permettra du rendu graphique neuronal, similaire \u00e0 ce que Nvidia propose avec des GeForce RTX 50. Cela devrait permettre de grandement am\u00e9liorer la qualit\u00e9 du rendu propos\u00e9 par le FSR et le PSSR.<\/p>\n<p>Le plus int\u00e9ressant, ce sont sans doute les <strong>Radiance Cores<\/strong>. Il s\u2019agit des nouvelles unit\u00e9s de calculs capables de g\u00e9rer beaucoup plus efficacement le ray tracing ou le path tracing. Si Sony tient ses promesses, l\u00e0 aussi, il s\u2019agirait de rattraper ce que propose Nvidia depuis les GeForce RTX 40. Dans une console de jeu, ce serait jamais vu.<\/p>\n<p><a target=\"_blank\" href=\"https:\/\/images.frandroid.com\/wp-content\/uploads\/2025\/10\/image-18-6.jpg\" class=\"article-content__figure\" rel=\"nofollow noopener\"><img loading=\"lazy\" decoding=\"async\" width=\"1200\" height=\"675\" src=\"https:\/\/www.europesays.com\/fr\/wp-content\/uploads\/2025\/10\/image-18-6-1200x675.jpg\" alt=\"\" class=\"wp-image-2826317 wp-image\"  \/><\/a><\/p>\n<p>Derni\u00e8re brique technologique : l\u2019Universal Compression. Si les deux premi\u00e8res se concentraient sur le rendu am\u00e9lior\u00e9 par IA et le ray tracing, il s\u2019agit de jouer cette fois l\u2019optimisation des performances.<\/p>\n<p><a target=\"_blank\" href=\"https:\/\/images.frandroid.com\/wp-content\/uploads\/2025\/10\/image-18-7.jpg\" class=\"article-content__figure\" rel=\"nofollow noopener\"><img loading=\"lazy\" decoding=\"async\" width=\"1200\" height=\"675\" src=\"https:\/\/www.europesays.com\/fr\/wp-content\/uploads\/2025\/10\/image-18-7-1200x675.jpg\" alt=\"\" class=\"wp-image-2826321 wp-image\"  \/><\/a><\/p>\n<p>L\u2019Universal Compression \u00e9tend un concept d\u00e9j\u00e0 pr\u00e9sent sur la PS5 : le DCC, ou Delta Color Compression. Ce dernier se contrait sur la compression et la d\u00e9compression des textures pour optimiser la bande passante m\u00e9moire, gr\u00e2ce \u00e0 la puissance du GPU, mais aussi avec la fameuse vitesse du SSD.<\/p>\n<p>Avec l\u2019Universal Compression, on passe au niveau sup\u00e9rieur et on compresse et d\u00e9compresse l\u2019ensemble des donn\u00e9es envoy\u00e9es au GPU, pas seulement les textures. <\/p>\n<p>Des r\u00e9sultats prometteurs<\/p>\n<p>Dans la vid\u00e9o, Mark Cerny, le lead architect des consoles PlayStation 5 se dit \u00e9videmment impatient de pouvoir en d\u00e9voiler plus et de concr\u00e9tiser ces premi\u00e8res annonces.<\/p>\n<p>Il explique que les premiers r\u00e9sultats autour du d\u00e9veloppement de ces trois technologies sont tr\u00e8s prometteurs.<\/p>\n<p>Surtout, il \u00e9voque bel et bien leur int\u00e9gration \u00ab dans une future console \u00bb.<\/p>\n<p>Il faudra se montrer patient en revanche, Mark Cerny termine sa phrase en indiquant \u00ab dans quelques ann\u00e9es \u00bb. Des pistes pointent vers <a href=\"https:\/\/www.frandroid.com\/marques\/sony\/1549758_playstation-6-sony-evoque-deja-une-date-de-sortie-pour-sa-prochaine-console\" rel=\"nofollow noopener\" target=\"_blank\">un lancement de la console programm\u00e9e en 2027<\/a> ou plus tard.<\/p>\n","protected":false},"excerpt":{"rendered":"AMD et Sony ont publi\u00e9 une discussion entre Mark Cerny, lead architect sur les consoles PlayStation et Jack&hellip;\n","protected":false},"author":2,"featured_media":451729,"comment_status":"","ping_status":"","sticky":false,"template":"","format":"standard","meta":{"footnotes":""},"categories":[7],"tags":[270,1011,27,43,40,41,39,57741,42,44],"class_list":{"0":"post-451728","1":"post","2":"type-post","3":"status-publish","4":"format-standard","5":"has-post-thumbnail","7":"category-sciences-et-technologies","8":"tag-breaking","9":"tag-fr","10":"tag-france","11":"tag-science","12":"tag-science-and-technology","13":"tag-sciences","14":"tag-sciences-et-technologies","15":"tag-sony-playstation-6","16":"tag-technologies","17":"tag-technology"},"share_on_mastodon":{"url":"https:\/\/pubeurope.com\/@fr\/115348152569784953","error":""},"_links":{"self":[{"href":"https:\/\/www.europesays.com\/fr\/wp-json\/wp\/v2\/posts\/451728","targetHints":{"allow":["GET"]}}],"collection":[{"href":"https:\/\/www.europesays.com\/fr\/wp-json\/wp\/v2\/posts"}],"about":[{"href":"https:\/\/www.europesays.com\/fr\/wp-json\/wp\/v2\/types\/post"}],"author":[{"embeddable":true,"href":"https:\/\/www.europesays.com\/fr\/wp-json\/wp\/v2\/users\/2"}],"replies":[{"embeddable":true,"href":"https:\/\/www.europesays.com\/fr\/wp-json\/wp\/v2\/comments?post=451728"}],"version-history":[{"count":0,"href":"https:\/\/www.europesays.com\/fr\/wp-json\/wp\/v2\/posts\/451728\/revisions"}],"wp:featuredmedia":[{"embeddable":true,"href":"https:\/\/www.europesays.com\/fr\/wp-json\/wp\/v2\/media\/451729"}],"wp:attachment":[{"href":"https:\/\/www.europesays.com\/fr\/wp-json\/wp\/v2\/media?parent=451728"}],"wp:term":[{"taxonomy":"category","embeddable":true,"href":"https:\/\/www.europesays.com\/fr\/wp-json\/wp\/v2\/categories?post=451728"},{"taxonomy":"post_tag","embeddable":true,"href":"https:\/\/www.europesays.com\/fr\/wp-json\/wp\/v2\/tags?post=451728"}],"curies":[{"name":"wp","href":"https:\/\/api.w.org\/{rel}","templated":true}]}}