{"id":451732,"date":"2025-10-10T05:12:12","date_gmt":"2025-10-10T05:12:12","guid":{"rendered":"https:\/\/www.europesays.com\/fr\/451732\/"},"modified":"2025-10-10T05:12:12","modified_gmt":"2025-10-10T05:12:12","slug":"kim-jong-un-affiche-sa-determination-atomique-face-a-donald-trump","status":"publish","type":"post","link":"https:\/\/www.europesays.com\/fr\/451732\/","title":{"rendered":"Kim Jong-un affiche sa d\u00e9termination atomique face \u00e0 Donald Trump"},"content":{"rendered":"<p>\n    <strong>D\u00c9CRYPTAGE<\/strong> &#8211; Le leader supr\u00eame nord-cor\u00e9en orchestre une parade militaire \u00e0 Pyongyang avec l\u2019appui de ses alli\u00e9s russe et chinois, \u00e0 l\u2019heure o\u00f9 le pr\u00e9sident am\u00e9ricain le courtise.<\/p>\n<p class=\"fig-paragraph\">Les \u00ab pays fr\u00e8res\u00a0\u00bb sont de retour \u00e0 Pyongyang, comme aux grandes heures de la guerre froide. Li Qiang le premier ministre chinois, ainsi que\u00a0<a href=\"http:\/\/www.lefigaro.fr\/international\/comment-dmitri-medvedev-l-ex-president-russe-devenu-aboyeur-du-parti-de-la-guerre-a-fini-par-faire-sortir-donald-trump-de-ses-gonds-20250802\" data-fig-type=\"Article\" data-gtm-custom-categorie=\"navigation\" data-gtm-custom-action=\"crossclick\" data-gtm-custom-label=\"Contextuel\" data-gtm-event=\"customEventSPE\" data-fig-domain=\"LEFIGARO\" rel=\"nofollow noopener\" target=\"_blank\">Dimitri Medvedev<\/a>, le vice-pr\u00e9sident du conseil de s\u00e9curit\u00e9 russe sont les invit\u00e9s de marques du leader supr\u00eame\u00a0Kim Jong-un, pour c\u00e9l\u00e9brer en fanfare\u00a0<a href=\"http:\/\/www.lefigaro.fr\/flash-actu\/une-visite-du-premier-ministre-chinois-est-prevue-en-coree-du-nord-du-9-au-11-octobre-20251007\" data-fig-type=\"NewsFlash\" data-gtm-custom-categorie=\"navigation\" data-gtm-custom-action=\"crossclick\" data-gtm-custom-label=\"Contextuel\" data-gtm-event=\"customEventSPE\" data-fig-domain=\"LEFIGARO\" rel=\"nofollow noopener\" target=\"_blank\">le 80e anniversaire de la fondation du Parti des Travailleurs<\/a>, ce vendredi 10 octobre. D\u2019autres \u00e9minences de l\u2019ancien bloc communiste ont fait le d\u00e9placement jusqu\u2019en Cor\u00e9e du Nord, longtemps recluse derri\u00e8re ses fronti\u00e8res barricad\u00e9es, comme To Lam, le secr\u00e9taire g\u00e9n\u00e9ral du Parti et homme fort du Vietnam, une premi\u00e8re depuis plus de 18 ans, ou encore le pr\u00e9sident du Laos.<\/p>\n<p class=\"fig-paragraph\">Tous doivent assister \u00e0 la spectaculaire parade au pas de l\u2019oie de l\u2019Arm\u00e9e Populaire de Cor\u00e9e attendue sur la place Kim Il-sung, mettant en sc\u00e8ne l\u2019arsenal nucl\u00e9aire du r\u00e9gime, en signe de d\u00e9fi au pr\u00e9sident Donald Trump. Des \u00ab dizaines de milliers de personnes\u00a0\u00bb devraient d\u00e9filer sur les avenues staliniennes de la capitale\u2026<\/p>\n<p class=\"fig-premium-paywall__infos\">\n        Cet article est r\u00e9serv\u00e9 aux abonn\u00e9s.        Il vous reste 82% \u00e0 d\u00e9couvrir.\n    <\/p>\n<p>                <img  data- alt=\"Le Figaro\" class=\"fig-img--complete fig-img\"\/><\/p>\n<p class=\"fig-premium-paywall__title\">J-100, Le Figaro f\u00eate ses 200 ans<\/p>\n<p class=\"fig-premium-paywall__subtitle\">Offre anniversaire : 2\u20ac\/mois pendant 200 semaines<\/p>\n<p class=\"fig-premium-paywall__connect\">\n                D\u00e9j\u00e0 abonn\u00e9\u00a0?                <a class=\"fig-premium-paywall__connect-link\" href=\"https:\/\/connect.lefigaro.fr\/login?client=horizon_web&amp;type=main&amp;redirect_uri=https%3A%2F%2Fwww.lefigaro.fr%2Finternational%2Fkim-jong-un-affiche-sa-determination-atomique-face-a-donald-trump-20251009\" data-js-gtm=\"{&quot;customCategorie&quot;: &quot;conversion&quot;, &quot;customAction&quot;: &quot;before_Landing_Connexion_paywall_auto&quot;, &quot;customLabel&quot;: &quot;bGVmaWdhcm8uZnJfXzFmMGE1MDRhLTU0NGYtNmRlMC04MjEwLTUxNGI5NzdlM2U3ZF9fQXJ0aWNsZQ==_Kim Jong-un affiche sa d\u00e9termination atomique face \u00e0 Donald Trump_329&quot;, &quot;customIDSPE&quot;: &quot;bGVmaWdhcm8uZnJfXzFmMGE1MDRhLTU0NGYtNmRlMC04MjEwLTUxNGI5NzdlM2U3ZF9fQXJ0aWNsZQ==&quot;, &quot;event&quot;: &quot;customEventSPE&quot;}\" rel=\"nofollow noopener\" target=\"_blank\"><br \/>\n                    Connectez-vous<br \/>\n                <\/a>\n            <\/p>\n","protected":false},"excerpt":{"rendered":"D\u00c9CRYPTAGE &#8211; Le leader supr\u00eame nord-cor\u00e9en orchestre une parade militaire \u00e0 Pyongyang avec l\u2019appui de ses alli\u00e9s russe&hellip;\n","protected":false},"author":2,"featured_media":451733,"comment_status":"","ping_status":"","sticky":false,"template":"","format":"standard","meta":{"footnotes":""},"categories":[5],"tags":[11,13987,75,1011,27,14,15404,12,135,28,7084],"class_list":{"0":"post-451732","1":"post","2":"type-post","3":"status-publish","4":"format-standard","5":"has-post-thumbnail","7":"category-international","8":"tag-actualites","9":"tag-coree-du-nord","10":"tag-donald-trump","11":"tag-fr","12":"tag-france","13":"tag-international","14":"tag-kim-jong-un","15":"tag-news","16":"tag-vladimir-poutine","17":"tag-world","18":"tag-xi-jinping"},"share_on_mastodon":{"url":"https:\/\/pubeurope.com\/@fr\/115348160162387030","error":""},"_links":{"self":[{"href":"https:\/\/www.europesays.com\/fr\/wp-json\/wp\/v2\/posts\/451732","targetHints":{"allow":["GET"]}}],"collection":[{"href":"https:\/\/www.europesays.com\/fr\/wp-json\/wp\/v2\/posts"}],"about":[{"href":"https:\/\/www.europesays.com\/fr\/wp-json\/wp\/v2\/types\/post"}],"author":[{"embeddable":true,"href":"https:\/\/www.europesays.com\/fr\/wp-json\/wp\/v2\/users\/2"}],"replies":[{"embeddable":true,"href":"https:\/\/www.europesays.com\/fr\/wp-json\/wp\/v2\/comments?post=451732"}],"version-history":[{"count":0,"href":"https:\/\/www.europesays.com\/fr\/wp-json\/wp\/v2\/posts\/451732\/revisions"}],"wp:featuredmedia":[{"embeddable":true,"href":"https:\/\/www.europesays.com\/fr\/wp-json\/wp\/v2\/media\/451733"}],"wp:attachment":[{"href":"https:\/\/www.europesays.com\/fr\/wp-json\/wp\/v2\/media?parent=451732"}],"wp:term":[{"taxonomy":"category","embeddable":true,"href":"https:\/\/www.europesays.com\/fr\/wp-json\/wp\/v2\/categories?post=451732"},{"taxonomy":"post_tag","embeddable":true,"href":"https:\/\/www.europesays.com\/fr\/wp-json\/wp\/v2\/tags?post=451732"}],"curies":[{"name":"wp","href":"https:\/\/api.w.org\/{rel}","templated":true}]}}