{"id":451736,"date":"2025-10-10T05:15:13","date_gmt":"2025-10-10T05:15:13","guid":{"rendered":"https:\/\/www.europesays.com\/fr\/451736\/"},"modified":"2025-10-10T05:15:13","modified_gmt":"2025-10-10T05:15:13","slug":"saint-etienne-pizza-cosy-a-nouveau-elu-meilleure-franchise","status":"publish","type":"post","link":"https:\/\/www.europesays.com\/fr\/451736\/","title":{"rendered":"Saint-\u00c9tienne. Pizza Cosy \u00e0 nouveau \u00e9lu Meilleure franchise"},"content":{"rendered":"<p>Pour la deuxi\u00e8me ann\u00e9e cons\u00e9cutive, Pizza Cosy d\u00e9croche le prix de Meilleure franchise 2026 dans la cat\u00e9gorie pizzeria\/tacos\/street food. Un titre de plus pour cette enseigne cr\u00e9\u00e9e en 2010 \u00e0 Saint-\u00c9tienne et qui s\u2019est d\u00e9velopp\u00e9e \u00e0 vitesse grand V\u00a0: elle compte d\u00e9sormais pr\u00e8s de 80 pizzerias. \u00ab\u00a0Cette nouvelle victoire r\u00e9compense des ann\u00e9es de passion et de travail acharn\u00e9\u00a0\u00bb d\u00e9clare Florent Mercier, cofondateur, dans un communiqu\u00e9.<\/p>\n<p>\u00ab\u00a0C\u2019est un honneur qui r\u00e9compense la pers\u00e9v\u00e9rance de tout notre r\u00e9seau\u00a0\u00bb ajoute J\u00e9r\u00e9my Cerceau, directeur g\u00e9n\u00e9ral. Pizza Cosy \u00e9labore ses pr\u00e9parations <a href=\"https:\/\/www.leprogres.fr\/economie\/2025\/02\/14\/pizza-cosy-une-nouvelle-plateforme-de-3-500-m-pour-grandir-encore\" target=\"_blank\" rel=\"nofollow noopener\">dans une cuisine centrale pr\u00e8s de Saint-\u00c9tienne<\/a> , avant d\u2019\u00eatre livr\u00e9es dans chaque restaurant. Et l\u2019enseigne ne compte pas s\u2019arr\u00eater en si bon chemin\u00a0: elle vise 100\u00a0pizzerias d\u2019ici 2027.<\/p>\n","protected":false},"excerpt":{"rendered":"Pour la deuxi\u00e8me ann\u00e9e cons\u00e9cutive, Pizza Cosy d\u00e9croche le prix de Meilleure franchise 2026 dans la cat\u00e9gorie pizzeria\/tacos\/street&hellip;\n","protected":false},"author":2,"featured_media":451737,"comment_status":"","ping_status":"","sticky":false,"template":"","format":"standard","meta":{"footnotes":""},"categories":[9653],"tags":[1111,11,2430,33,7539,1777,674,1011,27,3367,12,25,4001,7538,216],"class_list":{"0":"post-451736","1":"post","2":"type-post","3":"status-publish","4":"format-standard","5":"has-post-thumbnail","7":"category-saint-etienne","8":"tag-actu","9":"tag-actualites","10":"tag-auvergne-rhone-alpes","11":"tag-economie","12":"tag-edition-loire-sud","13":"tag-eu","14":"tag-europe","15":"tag-fr","16":"tag-france","17":"tag-loire","18":"tag-news","19":"tag-republique-francaise","20":"tag-saint-etienne","21":"tag-saint-etienne-ville","22":"tag-vie-des-entreprises"},"share_on_mastodon":{"url":"https:\/\/pubeurope.com\/@fr\/115348171910478944","error":""},"_links":{"self":[{"href":"https:\/\/www.europesays.com\/fr\/wp-json\/wp\/v2\/posts\/451736","targetHints":{"allow":["GET"]}}],"collection":[{"href":"https:\/\/www.europesays.com\/fr\/wp-json\/wp\/v2\/posts"}],"about":[{"href":"https:\/\/www.europesays.com\/fr\/wp-json\/wp\/v2\/types\/post"}],"author":[{"embeddable":true,"href":"https:\/\/www.europesays.com\/fr\/wp-json\/wp\/v2\/users\/2"}],"replies":[{"embeddable":true,"href":"https:\/\/www.europesays.com\/fr\/wp-json\/wp\/v2\/comments?post=451736"}],"version-history":[{"count":0,"href":"https:\/\/www.europesays.com\/fr\/wp-json\/wp\/v2\/posts\/451736\/revisions"}],"wp:featuredmedia":[{"embeddable":true,"href":"https:\/\/www.europesays.com\/fr\/wp-json\/wp\/v2\/media\/451737"}],"wp:attachment":[{"href":"https:\/\/www.europesays.com\/fr\/wp-json\/wp\/v2\/media?parent=451736"}],"wp:term":[{"taxonomy":"category","embeddable":true,"href":"https:\/\/www.europesays.com\/fr\/wp-json\/wp\/v2\/categories?post=451736"},{"taxonomy":"post_tag","embeddable":true,"href":"https:\/\/www.europesays.com\/fr\/wp-json\/wp\/v2\/tags?post=451736"}],"curies":[{"name":"wp","href":"https:\/\/api.w.org\/{rel}","templated":true}]}}