{"id":451742,"date":"2025-10-10T05:19:21","date_gmt":"2025-10-10T05:19:21","guid":{"rendered":"https:\/\/www.europesays.com\/fr\/451742\/"},"modified":"2025-10-10T05:19:21","modified_gmt":"2025-10-10T05:19:21","slug":"tuee-dune-balle-dans-le-dos-puis-enterree-dans-un-bois-le-feminicide-glacant-de-france-gerard-juge-a-nancy","status":"publish","type":"post","link":"https:\/\/www.europesays.com\/fr\/451742\/","title":{"rendered":"Tu\u00e9e d\u2019une balle dans le dos puis enterr\u00e9e dans un bois\u00a0: le f\u00e9minicide gla\u00e7ant de France G\u00e9rard jug\u00e9 \u00e0 Nancy"},"content":{"rendered":"<p class=\"paragraph text_align_left lp-f-body-02\">Elle, sur le banc des parties civiles. Son papa, dans le box des accus\u00e9s, qui doit r\u00e9pondre de l\u2019assassinat de sa maman. \u00ab C\u2019est un moment crucial que va vivre Fany, ce ne sera \u00e9videmment pas facile pour elle \u00bb reconna\u00eet Me Doroth\u00e9e Kauten, l\u2019avocate de cette jeune femme de 19 ans qui, de fait, ne vit plus avec ses parents depuis le 16 novembre 2020, date \u00e0 laquelle son p\u00e8re Urbain Lef\u00e8vre est accus\u00e9 d\u2019avoir tu\u00e9 sa m\u00e8re <a href=\"https:\/\/www.leparisien.fr\/faits-divers\/meurthe-et-moselle-un-belge-avoue-le-meurtre-par-balle-de-son-ex-compagne-disparue-depuis-lundi-19-11-2020-8409366.php\" target=\"_self\" rel=\"nofollow noopener\">France G\u00e9rard<\/a>.<\/p>\n<p class=\"paragraph text_align_left lp-f-body-02\">Ce septuag\u00e9naire doit compara\u00eetre \u00e0 partir de ce vendredi 10 octobre, et pendant une semaine, devant la cour d\u2019assises de <a href=\"https:\/\/www.leparisien.fr\/meurthe-et-moselle-54\/\" target=\"_self\" rel=\"nofollow noopener\">Meurthe-et-Moselle<\/a>, \u00e0 Nancy.<\/p>\n","protected":false},"excerpt":{"rendered":"Elle, sur le banc des parties civiles. Son papa, dans le box des accus\u00e9s, qui doit r\u00e9pondre de&hellip;\n","protected":false},"author":2,"featured_media":451743,"comment_status":"","ping_status":"","sticky":false,"template":"","format":"standard","meta":{"footnotes":""},"categories":[9635],"tags":[1111,11,459,1777,674,118,1011,27,775,1702,12,25],"class_list":{"0":"post-451742","1":"post","2":"type-post","3":"status-publish","4":"format-standard","5":"has-post-thumbnail","7":"category-nancy","8":"tag-actu","9":"tag-actualites","10":"tag-departements-horsidfo","11":"tag-eu","12":"tag-europe","13":"tag-faits-divers","14":"tag-fr","15":"tag-france","16":"tag-grand-est","17":"tag-nancy","18":"tag-news","19":"tag-republique-francaise"},"share_on_mastodon":{"url":"https:\/\/pubeurope.com\/@fr\/115348187589183237","error":""},"_links":{"self":[{"href":"https:\/\/www.europesays.com\/fr\/wp-json\/wp\/v2\/posts\/451742","targetHints":{"allow":["GET"]}}],"collection":[{"href":"https:\/\/www.europesays.com\/fr\/wp-json\/wp\/v2\/posts"}],"about":[{"href":"https:\/\/www.europesays.com\/fr\/wp-json\/wp\/v2\/types\/post"}],"author":[{"embeddable":true,"href":"https:\/\/www.europesays.com\/fr\/wp-json\/wp\/v2\/users\/2"}],"replies":[{"embeddable":true,"href":"https:\/\/www.europesays.com\/fr\/wp-json\/wp\/v2\/comments?post=451742"}],"version-history":[{"count":0,"href":"https:\/\/www.europesays.com\/fr\/wp-json\/wp\/v2\/posts\/451742\/revisions"}],"wp:featuredmedia":[{"embeddable":true,"href":"https:\/\/www.europesays.com\/fr\/wp-json\/wp\/v2\/media\/451743"}],"wp:attachment":[{"href":"https:\/\/www.europesays.com\/fr\/wp-json\/wp\/v2\/media?parent=451742"}],"wp:term":[{"taxonomy":"category","embeddable":true,"href":"https:\/\/www.europesays.com\/fr\/wp-json\/wp\/v2\/categories?post=451742"},{"taxonomy":"post_tag","embeddable":true,"href":"https:\/\/www.europesays.com\/fr\/wp-json\/wp\/v2\/tags?post=451742"}],"curies":[{"name":"wp","href":"https:\/\/api.w.org\/{rel}","templated":true}]}}