{"id":451755,"date":"2025-10-10T05:28:17","date_gmt":"2025-10-10T05:28:17","guid":{"rendered":"https:\/\/www.europesays.com\/fr\/451755\/"},"modified":"2025-10-10T05:28:17","modified_gmt":"2025-10-10T05:28:17","slug":"on-attend-plus-de-45-minutes-pour-manger-dans-ce-resto-u-de-rennes-les-etudiants-desesperent-dobtenir-un-repas","status":"publish","type":"post","link":"https:\/\/www.europesays.com\/fr\/451755\/","title":{"rendered":"\u00ab On attend plus de 45 minutes pour manger \u00bb : dans ce Resto U de Rennes, les \u00e9tudiants d\u00e9sesp\u00e8rent d\u2019obtenir un repas"},"content":{"rendered":"<p>\u00ab \u00c7a fait 30 minutes que j\u2019attends \u00bb, se d\u00e9sesp\u00e8re Claire, \u00e9tudiante en droit. Il est 12h30. La jeune femme est pourtant en passe de r\u00e9ussir son challenge : manger son repas <a href=\"https:\/\/www.letelegramme.fr\/ille-et-vilaine\/rennes-35000\/fini-les-pizzas-a-rennes-ce-resto-u-change-de-recette-a-la-rentree-6650206.php\" target=\"_blank\" rel=\"nofollow noopener\">au resto U Foug\u00e8res<\/a>, rue Jean Gu\u00e9henno, sans rater le prochain cours, pr\u00e9vu \u00e0 13h. \u00ab J\u2019aurai seulement 15 minutes pour manger, mais au moins je n\u2019aurai pas \u00e0 payer 6 euros un sandwich \u00e0 la boulangerie. \u00bb<\/p>\n<p>Cette saturation s\u2019est amplifi\u00e9e, selon tous les \u00e9tudiants interrog\u00e9s, depuis que le resto U Hoche, \u00e0 6 minutes \u00e0 pied, est ferm\u00e9 en raison d\u2019une panne de son syst\u00e8me de froid intervenue \u00e0 la rentr\u00e9e. Faut-il y voir un lien de cause \u00e0 effet ? \u00ab La fr\u00e9quentation du resto U Foug\u00e8res est importante avec 25 000 repas \u00e9tudiants servis en septembre, mais il est impossible de chiffrer le report du resto U Hoche vers le Resto U Foug\u00e8res puisque ce dernier \u00e9tait ferm\u00e9 pour travaux de r\u00e9novation \u00e0 la rentr\u00e9e derni\u00e8re \u00bb, r\u00e9pond le Crous Bretagne.<\/p>\n<p>\u00c9picerie ambulante<\/p>\n<p>\u00c0 l\u2019autre extr\u00e9mit\u00e9 de la queue, certains \u00e9tudiants ont en tout cas du mal \u00e0 masquer leur d\u00e9pit : \u00ab Il y a des jours on attend plus de 45 minutes \u00bb, peste La\u00ebla, \u00e9tudiante \u00e0 l\u2019IGR, en d\u00e9signant l\u2019extr\u00e9mit\u00e9 est du b\u00e2timent de la fac de droit, \u00e0 pr\u00e8s de 100 m\u00e8tres de l\u2019entr\u00e9e du RU. Julien, lui, \u00e9tudie \u00e0 la fac de science \u00e9co, en face du resto U Hoche. Depuis la rentr\u00e9e, il est oblig\u00e9 de venir rue Jean Gu\u00e9henno. \u00ab Le Crous a install\u00e9 un food truck \u00e0 Hoche, mais il y a trop de monde et parfois il n\u2019y a plus rien \u00bb, avance-t-il.<\/p>\n<p>L\u2019installation de cette \u00e9picerie ambulante sur le campus de la fac de sciences \u00e9co ne suffit pas \u00e0 pallier la demande. \u00ab On sert environ 200 sandwichs par jour depuis 3 semaines \u00bb, confirme une employ\u00e9e. Pour Camille, \u00e9tudiante boursi\u00e8re qui b\u00e9n\u00e9ficie des repas \u00e0 1 \u20ac, cette fermeture du RU Hoche sonne comme une double peine. \u00ab Non seulement on perd du temps pour manger, mais en plus ce sont les \u00e9tudiants les moins ais\u00e9s qui en sont victimes. Il y a certains midis o\u00f9 je ne mange qu\u2019une pomme car je n\u2019ai pas le temps de faire la queue. \u00bb<\/p>\n<p>Pas de date de r\u00e9ouverture du RU Hoche<\/p>\n<p>Quand le resto U de la rue Lesage rouvrira-t-il ? Le Crous n\u2019avance aucune date. \u00ab La commande est pass\u00e9e aupr\u00e8s du prestataire qui interviendra pour assurer la r\u00e9paration sur le syst\u00e8me de froid. Nous sommes \u00e0 ce jour dans l\u2019attente de la date d\u2019intervention de l\u2019entreprise. Nous ne sommes pas en mesure de communiquer de date de r\u00e9ouverture pour l\u2019instant. \u00bb En attendant, le Crous indique que la salle du RU Hoche reste accessible pour permettre aux \u00e9tudiants de r\u00e9chauffer leur repas.<\/p>\n","protected":false},"excerpt":{"rendered":"\u00ab \u00c7a fait 30 minutes que j\u2019attends \u00bb, se d\u00e9sesp\u00e8re Claire, \u00e9tudiante en droit. Il est 12h30. La&hellip;\n","protected":false},"author":2,"featured_media":451756,"comment_status":"","ping_status":"","sticky":false,"template":"","format":"standard","meta":{"footnotes":""},"categories":[2821],"tags":[1111,11,829,1777,674,1011,27,848,12,584,25],"class_list":{"0":"post-451755","1":"post","2":"type-post","3":"status-publish","4":"format-standard","5":"has-post-thumbnail","7":"category-rennes","8":"tag-actu","9":"tag-actualites","10":"tag-bretagne","11":"tag-eu","12":"tag-europe","13":"tag-fr","14":"tag-france","15":"tag-ille-et-vilaine","16":"tag-news","17":"tag-rennes","18":"tag-republique-francaise"},"share_on_mastodon":{"url":"https:\/\/pubeurope.com\/@fr\/115348223005579563","error":""},"_links":{"self":[{"href":"https:\/\/www.europesays.com\/fr\/wp-json\/wp\/v2\/posts\/451755","targetHints":{"allow":["GET"]}}],"collection":[{"href":"https:\/\/www.europesays.com\/fr\/wp-json\/wp\/v2\/posts"}],"about":[{"href":"https:\/\/www.europesays.com\/fr\/wp-json\/wp\/v2\/types\/post"}],"author":[{"embeddable":true,"href":"https:\/\/www.europesays.com\/fr\/wp-json\/wp\/v2\/users\/2"}],"replies":[{"embeddable":true,"href":"https:\/\/www.europesays.com\/fr\/wp-json\/wp\/v2\/comments?post=451755"}],"version-history":[{"count":0,"href":"https:\/\/www.europesays.com\/fr\/wp-json\/wp\/v2\/posts\/451755\/revisions"}],"wp:featuredmedia":[{"embeddable":true,"href":"https:\/\/www.europesays.com\/fr\/wp-json\/wp\/v2\/media\/451756"}],"wp:attachment":[{"href":"https:\/\/www.europesays.com\/fr\/wp-json\/wp\/v2\/media?parent=451755"}],"wp:term":[{"taxonomy":"category","embeddable":true,"href":"https:\/\/www.europesays.com\/fr\/wp-json\/wp\/v2\/categories?post=451755"},{"taxonomy":"post_tag","embeddable":true,"href":"https:\/\/www.europesays.com\/fr\/wp-json\/wp\/v2\/tags?post=451755"}],"curies":[{"name":"wp","href":"https:\/\/api.w.org\/{rel}","templated":true}]}}