{"id":451759,"date":"2025-10-10T05:30:11","date_gmt":"2025-10-10T05:30:11","guid":{"rendered":"https:\/\/www.europesays.com\/fr\/451759\/"},"modified":"2025-10-10T05:30:11","modified_gmt":"2025-10-10T05:30:11","slug":"la-fete-des-vendanges-et-du-gout-demarre-ce-vendredi-a-strasbourg-voici-le-programme","status":"publish","type":"post","link":"https:\/\/www.europesays.com\/fr\/451759\/","title":{"rendered":"La f\u00eate des vendanges et du go\u00fbt d\u00e9marre ce vendredi \u00e0 Strasbourg : voici\u00a0le\u00a0programme"},"content":{"rendered":"<p>            Par<br \/>\n        <strong><br \/>\n            <a href=\"https:\/\/actu.fr\/auteur\/thomas-blanc\" title=\"Consulter tous les articles de Thomas Blanc\" rel=\"nofollow noopener\" target=\"_blank\">Thomas Blanc<\/a><br \/>\n        <\/strong><\/p>\n<p>        Publi\u00e9 le<\/p>\n<p>            10 oct. 2025 \u00e0 7h02        <\/p>\n<p>Voici l\u2019une des derni\u00e8res f\u00eates avant de basculer dans la magie de <a href=\"https:\/\/actu.fr\/tag\/noel\" rel=\"nofollow noopener\" target=\"_blank\">No\u00ebl<\/a> \u00e0 <a href=\"https:\/\/actu.fr\/strasbourg\/\" rel=\"nofollow noopener\" target=\"_blank\">Strasbourg<\/a>. D\u00e8s ce vendredi 10 octobre, \u00e0 partir de 16h, se tiendra la <strong>f\u00eate des vendanges et du go\u00fbt<\/strong> au c\u0153ur de la capitale alsacienne.<\/p>\n<p>De nombreuses animations \u00e0 la f\u00eate des vendanges<\/p>\n<p class=\" wall-content\">Aux manettes de cet \u00e9v\u00e8nement qui s\u2019\u00e9talera du vendredi\u00a010 au dimanche 12\u00a0octobre en d\u00e9but de soir\u00e9e\u2009: <a href=\"https:\/\/www.facebook.com\/VitrinesStrasbourg\" rel=\"nofollow noopener\" target=\"_blank\">l\u2019association de commer\u00e7ants des Vitrines de Strasbourg<\/a>, la Ville, <strong>les vignerons ind\u00e9pendants de la Couronne d\u2019Or<\/strong>, le vignoble de Strasbourg et la f\u00e9d\u00e9ration des patrons boulangers du Bas-Rhin.<\/p>\n<p class=\" wall-content\">Tous feront d\u00e9guster <strong>des produits de saison<\/strong>, proposeront des d\u00e9monstrations de fabrication de fromage ainsi que d\u2019autres animations.<\/p>\n<p>    <a href=\"https:\/\/www.facebook.com\/plugins\/post.php?href=https%3A%2F%2Fwww.facebook.com%2FVitrinesStrasbourg%2Fposts%2Fpfbid02XQqkUmVmrg1To2s31UZWexgtMbUp6mqtriZr61YU9FuWdmgXwBAFJRP6pLsKAxHPl&amp;show_text=true&amp;width=350\" title=\"Ouvrie le lien\" rel=\"nofollow noopener\" target=\"_blank\">Cliquez ici pour visualiser le contenu<\/a><\/p>\n<p class=\" wall-content\">Dans le cadre d\u2019Octobre Rose, <a href=\"https:\/\/actu.fr\/grand-est\/strasbourg_67482\/strasbourg-un-evenement-caritatif-perturbera-la-circulation-ce-dimanche-voici-ou_63241058.html\" rel=\"nofollow noopener\" target=\"_blank\">la course solidaire la Strasbourgeoise<\/a> tiendra <strong>\u00e9galement un stand sur le village des Vendanges<\/strong>.<\/p>\n<p>Entr\u00e9e Gratuit<br \/>Place Gutenberg \u00e0 Strasbourg<br \/>du vendredi 10 au dimanche 12 octobre 2025 de 16h \u00e0 19h<\/p>\n<p class=\" wall-content\">Personnalisez votre actualit\u00e9 en ajoutant vos villes et m\u00e9dias en favori avec <a href=\"https:\/\/moncompte.actu.fr\" title=\"D\u00e9couvez Mon Actu\" rel=\"nofollow noopener\" data-trk=\"{&quot;cta&quot;:{&quot;action&quot;:&quot;https:\\\/\\\/moncompte.actu.fr&quot;,&quot;category&quot;:&quot;mon compte&quot;,&quot;from&quot;:&quot;article footer&quot;,&quot;name&quot;:&quot;Mon actu&quot;,&quot;type&quot;:&quot;cta&quot;}}\" target=\"_blank\">Mon Actu<\/a>.<\/p>\n","protected":false},"excerpt":{"rendered":"Par Thomas Blanc Publi\u00e9 le 10 oct. 2025 \u00e0 7h02 Voici l\u2019une des derni\u00e8res f\u00eates avant de basculer&hellip;\n","protected":false},"author":2,"featured_media":451760,"comment_status":"","ping_status":"","sticky":false,"template":"","format":"standard","meta":{"footnotes":""},"categories":[2820],"tags":[1111,11,1063,1777,674,1011,27,775,1652,12,25,640],"class_list":{"0":"post-451759","1":"post","2":"type-post","3":"status-publish","4":"format-standard","5":"has-post-thumbnail","7":"category-strasbourg","8":"tag-actu","9":"tag-actualites","10":"tag-animations","11":"tag-eu","12":"tag-europe","13":"tag-fr","14":"tag-france","15":"tag-grand-est","16":"tag-loisirs-culture","17":"tag-news","18":"tag-republique-francaise","19":"tag-strasbourg"},"share_on_mastodon":{"url":"https:\/\/pubeurope.com\/@fr\/115348230968309251","error":""},"_links":{"self":[{"href":"https:\/\/www.europesays.com\/fr\/wp-json\/wp\/v2\/posts\/451759","targetHints":{"allow":["GET"]}}],"collection":[{"href":"https:\/\/www.europesays.com\/fr\/wp-json\/wp\/v2\/posts"}],"about":[{"href":"https:\/\/www.europesays.com\/fr\/wp-json\/wp\/v2\/types\/post"}],"author":[{"embeddable":true,"href":"https:\/\/www.europesays.com\/fr\/wp-json\/wp\/v2\/users\/2"}],"replies":[{"embeddable":true,"href":"https:\/\/www.europesays.com\/fr\/wp-json\/wp\/v2\/comments?post=451759"}],"version-history":[{"count":0,"href":"https:\/\/www.europesays.com\/fr\/wp-json\/wp\/v2\/posts\/451759\/revisions"}],"wp:featuredmedia":[{"embeddable":true,"href":"https:\/\/www.europesays.com\/fr\/wp-json\/wp\/v2\/media\/451760"}],"wp:attachment":[{"href":"https:\/\/www.europesays.com\/fr\/wp-json\/wp\/v2\/media?parent=451759"}],"wp:term":[{"taxonomy":"category","embeddable":true,"href":"https:\/\/www.europesays.com\/fr\/wp-json\/wp\/v2\/categories?post=451759"},{"taxonomy":"post_tag","embeddable":true,"href":"https:\/\/www.europesays.com\/fr\/wp-json\/wp\/v2\/tags?post=451759"}],"curies":[{"name":"wp","href":"https:\/\/api.w.org\/{rel}","templated":true}]}}