{"id":451761,"date":"2025-10-10T05:31:19","date_gmt":"2025-10-10T05:31:19","guid":{"rendered":"https:\/\/www.europesays.com\/fr\/451761\/"},"modified":"2025-10-10T05:31:19","modified_gmt":"2025-10-10T05:31:19","slug":"un-complement-denquete-ordonne-par-le-parquet","status":"publish","type":"post","link":"https:\/\/www.europesays.com\/fr\/451761\/","title":{"rendered":"un compl\u00e9ment d\u2019enqu\u00eate ordonn\u00e9 par le parquet"},"content":{"rendered":"<p>\u00ab\u00a0\u00c7a fait deux ans qu\u2019on se bat, qu\u2019on organise des marches, des manifestations pacifiques. On est seuls contre tous\u00a0\u00bb, clame Angelo Weiss, l\u2019oncle de la victime et porte-parole de la famille.<\/p>\n<p>Son neveu avait saut\u00e9 dans la rivi\u00e8re, \u00e0 proximit\u00e9 du stade de la Thur, pour \u00e9chapper \u00e0 un contr\u00f4le des policiers de la BAC apr\u00e8s avoir \u00e9t\u00e9 identifi\u00e9 \u00e0 bord d\u2019une voiture d\u00e9clar\u00e9e vol\u00e9e. Le jeune homme n\u2019\u00e9tait jamais remont\u00e9 \u00e0 la surface. <a href=\"https:\/\/www.dna.fr\/faits-divers-justice\/2023\/04\/20\/le-corps-repeche-dans-l-ill-est-bien-celui-d-enzo-17-ans-disparu-le-2-avril\" target=\"_blank\" rel=\"noopener\">Son corps avait ensuite \u00e9t\u00e9 retrouv\u00e9<\/a> par les plongeurs de la gendarmerie \u00e0 quelques centaines de m\u00e8tres des lieux du drame, le 18\u00a0avril 2023.<\/p>\n<p>  Une rencontre avec la maire de Strasbourg qui leur redonne de l\u2019espoir<\/p>\n<p>La famille d\u2019Enzo Weiss a d\u00e9pos\u00e9 plainte pour omission de porter secours. En janvier\u00a02024, la proc\u00e9dure a \u00e9t\u00e9 class\u00e9e sans suite. \u00ab\u00a0Depuis, on est toujours en qu\u00eate de r\u00e9ponses, notamment sur la pr\u00e9sence de cam\u00e9ras aux alentours du lieu des faits. On nous a toujours dit qu\u2019elles \u00e9taient en maintenance\u00a0\u00bb, assure l\u2019oncle. Ce dernier a donc interpell\u00e9 la maire de Strasbourg, crois\u00e9e \u00e0 la f\u00eate de la musique. \u00ab\u00a0Je lui ai dit ce qu\u2019on traversait.\u00a0\u00bb<\/p>\n<p>Le 26\u00a0ao\u00fbt, <a href=\"https:\/\/www.dna.fr\/p\/jeanne-barseghian\" target=\"_blank\" rel=\"noopener\">Jeanne Barseghian<\/a> leur adressait un courrier qui stipulait\u00a0: \u00ab\u00a0Concernant votre demande relative aux cam\u00e9ras de vid\u00e9oprotection, je vous confirme qu\u2019elles fonctionnaient normalement et que les images des trois cam\u00e9ras situ\u00e9es dans le quartier, dont une \u00e0 proximit\u00e9 du stade de la Thur, ont bien \u00e9t\u00e9 archiv\u00e9es et transmises aux services de police, seuls habilit\u00e9s sur r\u00e9quisition judiciaire, \u00e0 obtenir ces images.\u00a0\u00bb<\/p>\n<p>Pour les avocats de la famille, Me William Bourdon et Me Vincent Brengarth, cette correspondance permet de savoir que les vid\u00e9os ont \u00e9t\u00e9 remises aux enqu\u00eateurs. \u00ab\u00a0Ni la r\u00e9quisition, ni le proc\u00e8s-verbal d\u2019exploitation de ces images ne figurent dans le dossier p\u00e9nal. Il n\u2019est pas plus fait \u00e9tat de leur communication. Le contenu de ces vid\u00e9os est pourtant de nature \u00e0 jouer un r\u00f4le essentiel dans la manifestation de la v\u00e9rit\u00e9 et leur exploitation est n\u00e9cessaire pour la famille\u00a0\u00bb, ont-ils expliqu\u00e9 dans un courrier adress\u00e9 \u00e0 la procureure de la R\u00e9publique de Strasbourg, Clarisse Taron, \u00e0 la rentr\u00e9e.<\/p>\n<p>  \u00ab\u00a0Une d\u00e9cision tr\u00e8s satisfaisante\u00a0\u00bb<\/p>\n<p>Selon eux, l\u2019absence de mention de l\u2019exploitation de ces images dans la proc\u00e9dure \u00ab\u00a0jette une zone d\u2019ombre sur les circonstances du d\u00e9c\u00e8s du jeune homme\u00a0\u00bb et fait subsister un doute insupportable pour la famille. \u00ab\u00a0On peut penser n\u2019importe quoi, on se pose mille questions. Que s\u2019est-il pass\u00e9 ce soir-l\u00e0\u00a0? Y a-t-il eu une altercation avec un des membres des forces de l\u2019ordre\u00a0? On veut des r\u00e9ponses, mais surtout la v\u00e9rit\u00e9\u00a0\u00bb, reprend Angelo Weiss.<\/p>\n<p>Les deux avocats parisiens ont \u00e9galement demand\u00e9 que la r\u00e9quisition et les proc\u00e8s-verbaux d\u2019exploitation de ces images soient communiqu\u00e9s \u00e0 leurs clients.<\/p>\n<p>Suite \u00e0 ces nouveaux \u00e9l\u00e9ments, la procureure a r\u00e9cemment ordonn\u00e9 l\u2019ouverture d\u2019un compl\u00e9ment d\u2019enqu\u00eate. \u00ab\u00a0C\u2019est une d\u00e9cision tr\u00e8s satisfaisante. Nous esp\u00e9rons qu\u2019elle permettra rapidement en savoir plus sur le contenu de ces vid\u00e9os\u00a0\u00bb, ont conclu les avocats.<\/p>\n","protected":false},"excerpt":{"rendered":"\u00ab\u00a0\u00c7a fait deux ans qu\u2019on se bat, qu\u2019on organise des marches, des manifestations pacifiques. On est seuls contre&hellip;\n","protected":false},"author":2,"featured_media":451762,"comment_status":"","ping_status":"","sticky":false,"template":"","format":"standard","meta":{"footnotes":""},"categories":[2820],"tags":[1111,11,2389,2649,271,272,2880,1777,674,274,107,1011,27,775,12,25,640,2879],"class_list":{"0":"post-451761","1":"post","2":"type-post","3":"status-publish","4":"format-standard","5":"has-post-thumbnail","7":"category-strasbourg","8":"tag-actu","9":"tag-actualites","10":"tag-alsace","11":"tag-bas-rhin","12":"tag-crime","13":"tag-delit-et-contravention","14":"tag-edition-strasbourg","15":"tag-eu","16":"tag-europe","17":"tag-faits-divers-justice","18":"tag-fil-info","19":"tag-fr","20":"tag-france","21":"tag-grand-est","22":"tag-news","23":"tag-republique-francaise","24":"tag-strasbourg","25":"tag-strasbourg-ville"},"share_on_mastodon":{"url":"https:\/\/pubeurope.com\/@fr\/115348234822363651","error":""},"_links":{"self":[{"href":"https:\/\/www.europesays.com\/fr\/wp-json\/wp\/v2\/posts\/451761","targetHints":{"allow":["GET"]}}],"collection":[{"href":"https:\/\/www.europesays.com\/fr\/wp-json\/wp\/v2\/posts"}],"about":[{"href":"https:\/\/www.europesays.com\/fr\/wp-json\/wp\/v2\/types\/post"}],"author":[{"embeddable":true,"href":"https:\/\/www.europesays.com\/fr\/wp-json\/wp\/v2\/users\/2"}],"replies":[{"embeddable":true,"href":"https:\/\/www.europesays.com\/fr\/wp-json\/wp\/v2\/comments?post=451761"}],"version-history":[{"count":0,"href":"https:\/\/www.europesays.com\/fr\/wp-json\/wp\/v2\/posts\/451761\/revisions"}],"wp:featuredmedia":[{"embeddable":true,"href":"https:\/\/www.europesays.com\/fr\/wp-json\/wp\/v2\/media\/451762"}],"wp:attachment":[{"href":"https:\/\/www.europesays.com\/fr\/wp-json\/wp\/v2\/media?parent=451761"}],"wp:term":[{"taxonomy":"category","embeddable":true,"href":"https:\/\/www.europesays.com\/fr\/wp-json\/wp\/v2\/categories?post=451761"},{"taxonomy":"post_tag","embeddable":true,"href":"https:\/\/www.europesays.com\/fr\/wp-json\/wp\/v2\/tags?post=451761"}],"curies":[{"name":"wp","href":"https:\/\/api.w.org\/{rel}","templated":true}]}}