{"id":451767,"date":"2025-10-10T05:34:13","date_gmt":"2025-10-10T05:34:13","guid":{"rendered":"https:\/\/www.europesays.com\/fr\/451767\/"},"modified":"2025-10-10T05:34:13","modified_gmt":"2025-10-10T05:34:13","slug":"la-partie-est-du-jardin-extraordinaire-avec-son-grand-bassin-se-devoile-ce-week-end-au-public","status":"publish","type":"post","link":"https:\/\/www.europesays.com\/fr\/451767\/","title":{"rendered":"La partie Est du Jardin Extraordinaire, avec son grand bassin, se d\u00e9voile ce week-end au public"},"content":{"rendered":"<p>Apr\u00e8s deux ans de travaux et un budget de 1,8\u00a0million d\u2019euros, la partie Est du Jardin Extraordinaire ouvre au public \u00e0 <a href=\"https:\/\/www.20minutes.fr\/nantes\/\" target=\"_blank\" class=\"c-link c-link--is-underlined\" rel=\"noopener\">Nantes<\/a> rue Joseph Cholet. D\u00e8s samedi, les Nantais pourront d\u00e9couvrir 1,6 hectare suppl\u00e9mentaire de ce jardin au c\u0153ur de la nature et de l\u2019univers de <a href=\"https:\/\/www.20minutes.fr\/societe\/4093028-20240527-musee-jules-verne-nantes-ecrivain-taxe-sexiste-colonialiste-collectif-nantais\" target=\"_blank\" class=\"c-link c-link--is-underlined\" rel=\"noopener\">Jules Verne<\/a>.<\/p>\n<p>La carri\u00e8re Misery, qui avait ouvert en\u00a02019 un espace vert avec <a href=\"https:\/\/www.20minutes.fr\/nantes\/2627591-20191014-nantes-comment-fonctionne-cascade-geante-jardin-extraordinaire\" target=\"_blank\" class=\"c-link c-link--is-underlined\" rel=\"noopener\">une spectaculaire cascade<\/a>, accueille une nouvelle aile encore plus v\u00e9g\u00e9talis\u00e9e. Parmi les nouveaux am\u00e9nagements\u00a0: une petite for\u00eat, une plage verte et un bassin de 700\u00a0m2, qui sera ouvert \u00e0 la baignade au printemps\u00a02026.<\/p>\n<p><img decoding=\"async\" alt=\"La carri\u00e8re Misery, qui avait ouvert en 2019 un espace vert avec une cascade, accueille une nouvelle aile encore plus v\u00e9g\u00e9talis\u00e9e.\" class=\"c-img\" loading=\"lazy\" fetchpriority=\"auto\" width=\"718\"  src=\"https:\/\/img.20mn.fr\/ZaLvhmFSQDSUUMfqw44gJCk\/718x0\" \/>La carri\u00e8re Misery, qui avait ouvert en 2019 un espace vert avec une cascade, accueille une nouvelle aile encore plus v\u00e9g\u00e9talis\u00e9e.\u2002-\u00a0Nantes M\u00e9tropoleUn site sportif<\/p>\n<p>Mais le Jardin Extraordinaire s\u2019annonce aussi comme un site gratuit d\u2019exp\u00e9rimentations aux sports de grimpe. Connu pour ses voies d\u2019escalade, le lieu en comptabilise maintenant 90, accessibles librement ou en club pour tous les niveaux. Les Nantais pourront aussi s\u2019essayer \u00e0 la slackline, \u00e0 la highline (pratiques proches du funambulisme) \u00ab\u00a0et bient\u00f4t \u00e0 la <a href=\"https:\/\/www.20minutes.fr\/faits_divers\/4170998-20250903-savoie-sexagenaire-glisse-finit-suspendu-vide-tete-bas-via-ferrata\" target=\"_blank\" class=\"c-link c-link--is-underlined\" rel=\"noopener\">via ferrata<\/a> urbaine\u00a0\u00bb, annonce la mairie.<\/p>\n<p>Pour ce week-end, l\u2019inauguration s\u2019annonce \u00ab\u00a0festive\u00a0\u00bb. Entre les 430 arbres du site, les visiteurs pourront profiter de plusieurs animations artistiques et s\u2019essayer aux diff\u00e9rentes activit\u00e9s sportives.<\/p>\n","protected":false},"excerpt":{"rendered":"Apr\u00e8s deux ans de travaux et un budget de 1,8\u00a0million d\u2019euros, la partie Est du Jardin Extraordinaire ouvre&hellip;\n","protected":false},"author":2,"featured_media":451768,"comment_status":"","ping_status":"","sticky":false,"template":"","format":"standard","meta":{"footnotes":""},"categories":[2818],"tags":[1111,11,1777,674,1011,27,3354,3047,766,12,2636,1306,25,1352,4064],"class_list":{"0":"post-451767","1":"post","2":"type-post","3":"status-publish","4":"format-standard","5":"has-post-thumbnail","7":"category-nantes","8":"tag-actu","9":"tag-actualites","10":"tag-eu","11":"tag-europe","12":"tag-fr","13":"tag-france","14":"tag-jardin","15":"tag-loire-atlantique","16":"tag-nantes","17":"tag-news","18":"tag-pays-de-la-loire","19":"tag-regions","20":"tag-republique-francaise","21":"tag-urbanisme","22":"tag-week-end"},"share_on_mastodon":{"url":"https:\/\/pubeurope.com\/@fr\/115348247330274180","error":""},"_links":{"self":[{"href":"https:\/\/www.europesays.com\/fr\/wp-json\/wp\/v2\/posts\/451767","targetHints":{"allow":["GET"]}}],"collection":[{"href":"https:\/\/www.europesays.com\/fr\/wp-json\/wp\/v2\/posts"}],"about":[{"href":"https:\/\/www.europesays.com\/fr\/wp-json\/wp\/v2\/types\/post"}],"author":[{"embeddable":true,"href":"https:\/\/www.europesays.com\/fr\/wp-json\/wp\/v2\/users\/2"}],"replies":[{"embeddable":true,"href":"https:\/\/www.europesays.com\/fr\/wp-json\/wp\/v2\/comments?post=451767"}],"version-history":[{"count":0,"href":"https:\/\/www.europesays.com\/fr\/wp-json\/wp\/v2\/posts\/451767\/revisions"}],"wp:featuredmedia":[{"embeddable":true,"href":"https:\/\/www.europesays.com\/fr\/wp-json\/wp\/v2\/media\/451768"}],"wp:attachment":[{"href":"https:\/\/www.europesays.com\/fr\/wp-json\/wp\/v2\/media?parent=451767"}],"wp:term":[{"taxonomy":"category","embeddable":true,"href":"https:\/\/www.europesays.com\/fr\/wp-json\/wp\/v2\/categories?post=451767"},{"taxonomy":"post_tag","embeddable":true,"href":"https:\/\/www.europesays.com\/fr\/wp-json\/wp\/v2\/tags?post=451767"}],"curies":[{"name":"wp","href":"https:\/\/api.w.org\/{rel}","templated":true}]}}