{"id":451774,"date":"2025-10-10T05:38:11","date_gmt":"2025-10-10T05:38:11","guid":{"rendered":"https:\/\/www.europesays.com\/fr\/451774\/"},"modified":"2025-10-10T05:38:11","modified_gmt":"2025-10-10T05:38:11","slug":"voici-le-projet-qui-doit-prendre-sa-place","status":"publish","type":"post","link":"https:\/\/www.europesays.com\/fr\/451774\/","title":{"rendered":"voici le projet qui doit prendre sa place"},"content":{"rendered":"<p>            Par<br \/>\n        <strong><br \/>\n            <a href=\"https:\/\/actu.fr\/auteur\/lucie-2\" title=\"Consulter tous les articles de Lucie Fraisse\" rel=\"nofollow noopener\" target=\"_blank\">Lucie Fraisse<\/a><br \/>\n        <\/strong><\/p>\n<p>        Publi\u00e9 le<\/p>\n<p>            10 oct. 2025 \u00e0 7h02        <\/p>\n<p>Pendant de longues ann\u00e9es, ce b\u00e2timent situ\u00e9 le long du p\u00e9riph\u00e9rique ext\u00e9rieur, peu apr\u00e8s la sortie La C\u00e9pi\u00e8re, \u00e0 <strong>Toulouse<\/strong>, a abrit\u00e9 les<a href=\"https:\/\/actu.fr\/occitanie\/montcuq-en-quercy-blanc_46201\/lot-a-montcuq-cette-structure-aide-les-jeunes-a-se-lancer-dans-la-vie-grace-a-un-pret-de-scooter_62119168.html\" rel=\"nofollow noopener\" target=\"_blank\"> activit\u00e9s des Apprentis d\u2019Auteuil<\/a>. Mais depuis plusieurs mois, les lieux sont vides. Ils viennent d\u2019\u00eatre rachet\u00e9s et un permis de construire a \u00e9t\u00e9 d\u00e9pos\u00e9 pour un tout nouveau projet. <strong>Voici ce qui est pr\u00e9vu<\/strong>.<\/p>\n<p>Une entreprise aujourd\u2019hui bas\u00e9e \u00e0 Carbone<\/p>\n<p class=\" wall-content\">CDS a rachet\u00e9 ces locaux de 3000 m\u00b2 install\u00e9s sur un terrain de 7000 m\u00b2. Cette entreprise d\u2019\u00e9tanch\u00e9it\u00e9-v\u00eature, qui a notamment travaill\u00e9 <a href=\"https:\/\/actu.fr\/occitanie\/aussonne_31032\/grace-a-son-nouveau-parc-des-expositions-le-meett-toulouse-entre-dans-la-cour-des-grands_36284387.html\" rel=\"nofollow noopener\" target=\"_blank\">sur le chantier du MEETT<\/a> ou la <a href=\"https:\/\/actu.fr\/occitanie\/toulouse_31555\/toulouse-la-plateforme-de-logistique-urbaine-du-dernier-kilometre-officiellement-inauguree_47102987.html\" rel=\"nofollow noopener\" target=\"_blank\">plateforme de livraison de la Poste \u00e0 Fondeyre<\/a>, est aujourd\u2019hui bas\u00e9e \u00e0 Carbone. Et souhaite se rapprocher de ses clients toulousains.<\/p>\n<p class=\" wall-content\">\u00ab\u00a0\u00catre \u00e0 Carbonne, ce sont des contraintes pour nous, explique <strong>S\u00e9bastien Gandon,<\/strong> directeur g\u00e9n\u00e9ral de CDS depuis 16 ans. Notamment en termes de recrutements parce qu\u2019on a du mal \u00e0 faire venir les gens jusqu\u2019\u00e0 nous. Mais aussi en termes de co\u00fbts des transports : la plupart de nos clients sont \u00e0 Toulouse et aux alentours.\u00a0\u00bb<\/p>\n<p>Visible du p\u00e9riph\u2019\u2026 et de la ligne A du m\u00e9tro<\/p>\n<p class=\" wall-content\">Pendant deux ans et demi, l\u2019entreprise qui emploie 50 personnes a donc recherch\u00e9 un site pour s\u2019implanter \u00e0 <strong>Toulouse<\/strong>. Et a finalement jet\u00e9 son d\u00e9volu sur les anciens locaux des Apprentis d\u2019Auteuil, qui ont l\u2019avantage majeur d\u2019\u00eatre proche du p\u00e9riph\u00e9rique et donc facilement accessibles.<\/p>\n<p class=\" wall-content\">On aper\u00e7oit d\u2019ailleurs le b\u00e2timent depuis la route et m\u00eame depuis le viaduc du m\u00e9tro de la ligne A qui passe juste \u00e0 c\u00f4t\u00e9.<\/p>\n<p>Le b\u00e2timent va \u00eatre d\u00e9soss\u00e9<br \/>\n    <img   decoding=\"async\" loading=\"lazy\" src=\"https:\/\/www.europesays.com\/fr\/wp-content\/uploads\/2025\/10\/whatsapp-image-2025-10-08-a-155050-beaf9103-960x640.jpg\" alt=\"Pr\u00e8s de 30% du site va \u00eatre conserv\u00e9 en pleine terre.\" width=\"960\" height=\"640\"\/><br \/>\n    Pr\u00e8s de 30% du site va \u00eatre conserv\u00e9 en pleine terre. (\u00a9L.F. \/ Actu Toulouse)<\/p>\n<p class=\" wall-content\">Une belle visibilit\u00e9 donc pour CDS qui va en outre compl\u00e8tement r\u00e9nover le b\u00e2timent qui va \u00eatre d\u00e9soss\u00e9 avant d\u2019\u00eatre remis \u00e0 neuf.\u00a0<\/p>\n<p>Votre r\u00e9gion, votre actu !<\/p>\n<p>Recevez chaque jour les infos qui comptent pour vous.<\/p>\n<p>\t<a href=\"https:\/\/actu.fr\/newsletter\" class=\"ac-btn ac-btn--corner ac-btn--medium ac-btn--blue800\" rel=\"nofollow noopener\" target=\"_blank\">S&rsquo;incrire<\/a><\/p>\n<p class=\" wall-content\">\u00ab\u00a0On va donner une seconde vie \u00e0 ce b\u00e2timent, confirme S\u00e9bastien Gandon. Il y aura des espaces pour le stockage industriel et des bureaux pour CDS. Au rez-de-chauss\u00e9e, il y aura aussi <strong>plusieurs cellules de 150m\u00b2 \u00e0 louer pour des artisans ou des showrooms<\/strong>.\u00a0\u00bb<\/p>\n<p>Un an de chantier et 2,5 millions d\u2019euros<\/p>\n<p class=\" wall-content\">28% du site sera conserv\u00e9 en pleine terre. Le permis de construire est en cours d\u2019instruction. S\u2019il est valid\u00e9, les travaux pourraient commencer en d\u00e9cembre et s\u2019achever apr\u00e8s un an de chantier. <strong>Le co\u00fbt global du projet est de 2,5 millions d\u2019euros<\/strong>.\u00a0<\/p>\n<p class=\" wall-content\">Personnalisez votre actualit\u00e9 en ajoutant vos villes et m\u00e9dias en favori avec <a href=\"https:\/\/moncompte.actu.fr\" title=\"D\u00e9couvez Mon Actu\" rel=\"nofollow noopener\" data-trk=\"{&quot;cta&quot;:{&quot;action&quot;:&quot;https:\\\/\\\/moncompte.actu.fr&quot;,&quot;category&quot;:&quot;mon compte&quot;,&quot;from&quot;:&quot;article footer&quot;,&quot;name&quot;:&quot;Mon actu&quot;,&quot;type&quot;:&quot;cta&quot;}}\" target=\"_blank\">Mon Actu<\/a>.<\/p>\n","protected":false},"excerpt":{"rendered":"Par Lucie Fraisse Publi\u00e9 le 10 oct. 2025 \u00e0 7h02 Pendant de longues ann\u00e9es, ce b\u00e2timent situ\u00e9 le&hellip;\n","protected":false},"author":2,"featured_media":451775,"comment_status":"","ping_status":"","sticky":false,"template":"","format":"standard","meta":{"footnotes":""},"categories":[2816],"tags":[1111,11,1777,674,1011,27,12,2680,4800,25,104,2312,2086],"class_list":{"0":"post-451774","1":"post","2":"type-post","3":"status-publish","4":"format-standard","5":"has-post-thumbnail","7":"category-toulouse","8":"tag-actu","9":"tag-actualites","10":"tag-eu","11":"tag-europe","12":"tag-fr","13":"tag-france","14":"tag-news","15":"tag-occitanie","16":"tag-peripherique-de-toulouse","17":"tag-republique-francaise","18":"tag-societe","19":"tag-toulouse","20":"tag-travaux"},"share_on_mastodon":{"url":"https:\/\/pubeurope.com\/@fr\/115348262290789307","error":""},"_links":{"self":[{"href":"https:\/\/www.europesays.com\/fr\/wp-json\/wp\/v2\/posts\/451774","targetHints":{"allow":["GET"]}}],"collection":[{"href":"https:\/\/www.europesays.com\/fr\/wp-json\/wp\/v2\/posts"}],"about":[{"href":"https:\/\/www.europesays.com\/fr\/wp-json\/wp\/v2\/types\/post"}],"author":[{"embeddable":true,"href":"https:\/\/www.europesays.com\/fr\/wp-json\/wp\/v2\/users\/2"}],"replies":[{"embeddable":true,"href":"https:\/\/www.europesays.com\/fr\/wp-json\/wp\/v2\/comments?post=451774"}],"version-history":[{"count":0,"href":"https:\/\/www.europesays.com\/fr\/wp-json\/wp\/v2\/posts\/451774\/revisions"}],"wp:featuredmedia":[{"embeddable":true,"href":"https:\/\/www.europesays.com\/fr\/wp-json\/wp\/v2\/media\/451775"}],"wp:attachment":[{"href":"https:\/\/www.europesays.com\/fr\/wp-json\/wp\/v2\/media?parent=451774"}],"wp:term":[{"taxonomy":"category","embeddable":true,"href":"https:\/\/www.europesays.com\/fr\/wp-json\/wp\/v2\/categories?post=451774"},{"taxonomy":"post_tag","embeddable":true,"href":"https:\/\/www.europesays.com\/fr\/wp-json\/wp\/v2\/tags?post=451774"}],"curies":[{"name":"wp","href":"https:\/\/api.w.org\/{rel}","templated":true}]}}