{"id":451780,"date":"2025-10-10T05:42:11","date_gmt":"2025-10-10T05:42:11","guid":{"rendered":"https:\/\/www.europesays.com\/fr\/451780\/"},"modified":"2025-10-10T05:42:11","modified_gmt":"2025-10-10T05:42:11","slug":"ferme-face-aux-airbnb-la-ville-de-marseille-veut-plus-de-logements-abordables","status":"publish","type":"post","link":"https:\/\/www.europesays.com\/fr\/451780\/","title":{"rendered":"Ferme face aux Airbnb, la Ville de Marseille veut plus de logements abordables"},"content":{"rendered":"<p>Lors de ses Rendez-vous annuels du logement qui se tenaient ce jeudi 9\u00a0octobre \u00e0 l\u2019espace Bargemon (2e), la Ville de Marseille a notamment expos\u00e9 sa <a href=\"https:\/\/www.laprovence.com\/article\/region\/4391931680928114\/airbnb-les-multiproprietaires-toujours-dans-le-viseur-de-la-ville-de-marseillle\" target=\"_blank\" rel=\"noopener\">politique de r\u00e9gulation des Airbnb<\/a> et les mesures en faveur de l\u2019acc\u00e8s des Marseillais \u00e0 un logement abordable. Si des avanc\u00e9es sont ind\u00e9niables sur le front de la <a href=\"https:\/\/www.laprovence.com\/article\/region\/2232140086932714\/habitat-degrade-a-marseille-la-requalification-devient-visible-dans-le-centre-ville\" target=\"_blank\" rel=\"noopener\">r\u00e9novation des poches d\u2019habitat d\u00e9grad\u00e9es en centre-ville<\/a>, la politique du logement conduite par l\u2019adjoint en charge de cette d\u00e9l\u00e9gation, <a href=\"https:\/\/www.laprovence.com\/article\/region\/27375771321060\/locations-etudiantes-a-marseille-87-logements-a-la-timone-prevus-pour-fevrier-2027\" target=\"_blank\" rel=\"noopener\">Patrick Amico<\/a>, fait aujourd\u2019hui face \u00e0 la n\u00e9cessit\u00e9 d\u2019acc\u00e9l\u00e9rer la production de logements abordables.<\/p>\n<p>\u00ab\u00a0Les logements ne devraient pas \u00eatre des produits lucratifs\u00a0\u00bb<\/p>\n<p>Alors que s\u2019exprimait en visio le maire de Barcelone, Jaume Collboni, ses propos faisaient de tr\u00e8s pr\u00e8s \u00e9cho \u00e0 la situation marseillaise. Dans la capitale catalane, \u00ab\u00a0ce sont 10\u00a0000\u00a0logements qui sont revenus sur le march\u00e9 locatif apr\u00e8s avoir \u00e9t\u00e9 utilis\u00e9s par leurs propri\u00e9taires pour faire de la location privative meubl\u00e9e\u00a0\u00bb, chiffre l\u2019\u00e9lu socialiste \u00e9lu en\u00a02023, qui a act\u00e9 la sortie \u00ab\u00a0totale\u00a0\u00bb d\u2019Airbnb de sa ville \u00ab\u00a0\u00e0 horizon 2028\u00a0\u00bb.<\/p>\n<p>\u00c0 Marseille, o\u00f9 \u00ab\u00a0<a href=\"https:\/\/www.laprovence.com\/article\/region\/11908806494852\/immobilier-a-marseille-loyers-trop-eleves-prix-du-neuf-qui-explosent-les-professionnels-tirent-la-sonnette-dalarme\" target=\"_blank\" rel=\"noopener\">les loyers ont augment\u00e9<\/a> de 25% depuis\u00a02010&Prime; d\u2019apr\u00e8s la Fondation pour le logement des d\u00e9favoris\u00e9s (ex-Fondation Abb\u00e9 Pierre), \u00ab\u00a0on compte &#8230;<\/p>\n","protected":false},"excerpt":{"rendered":"Lors de ses Rendez-vous annuels du logement qui se tenaient ce jeudi 9\u00a0octobre \u00e0 l\u2019espace Bargemon (2e), la&hellip;\n","protected":false},"author":2,"featured_media":451781,"comment_status":"","ping_status":"","sticky":false,"template":"","format":"standard","meta":{"footnotes":""},"categories":[2814],"tags":[17,1111,11,7345,1007,1777,674,2823,9095,1011,27,884,12,882,16,25,9870,4824],"class_list":{"0":"post-451780","1":"post","2":"type-post","3":"status-publish","4":"format-standard","5":"has-post-thumbnail","7":"category-marseille","8":"tag-17","9":"tag-actu","10":"tag-actualites","11":"tag-airbnb","12":"tag-aux","13":"tag-eu","14":"tag-europe","15":"tag-face","16":"tag-ferme","17":"tag-fr","18":"tag-france","19":"tag-marseille","20":"tag-news","21":"tag-provence-alpes-cote-dazur","22":"tag-region","23":"tag-republique-francaise","24":"tag-veut","25":"tag-ville"},"share_on_mastodon":{"url":"https:\/\/pubeurope.com\/@fr\/115348278058567335","error":""},"_links":{"self":[{"href":"https:\/\/www.europesays.com\/fr\/wp-json\/wp\/v2\/posts\/451780","targetHints":{"allow":["GET"]}}],"collection":[{"href":"https:\/\/www.europesays.com\/fr\/wp-json\/wp\/v2\/posts"}],"about":[{"href":"https:\/\/www.europesays.com\/fr\/wp-json\/wp\/v2\/types\/post"}],"author":[{"embeddable":true,"href":"https:\/\/www.europesays.com\/fr\/wp-json\/wp\/v2\/users\/2"}],"replies":[{"embeddable":true,"href":"https:\/\/www.europesays.com\/fr\/wp-json\/wp\/v2\/comments?post=451780"}],"version-history":[{"count":0,"href":"https:\/\/www.europesays.com\/fr\/wp-json\/wp\/v2\/posts\/451780\/revisions"}],"wp:featuredmedia":[{"embeddable":true,"href":"https:\/\/www.europesays.com\/fr\/wp-json\/wp\/v2\/media\/451781"}],"wp:attachment":[{"href":"https:\/\/www.europesays.com\/fr\/wp-json\/wp\/v2\/media?parent=451780"}],"wp:term":[{"taxonomy":"category","embeddable":true,"href":"https:\/\/www.europesays.com\/fr\/wp-json\/wp\/v2\/categories?post=451780"},{"taxonomy":"post_tag","embeddable":true,"href":"https:\/\/www.europesays.com\/fr\/wp-json\/wp\/v2\/tags?post=451780"}],"curies":[{"name":"wp","href":"https:\/\/api.w.org\/{rel}","templated":true}]}}