{"id":451784,"date":"2025-10-10T05:44:10","date_gmt":"2025-10-10T05:44:10","guid":{"rendered":"https:\/\/www.europesays.com\/fr\/451784\/"},"modified":"2025-10-10T05:44:10","modified_gmt":"2025-10-10T05:44:10","slug":"ces-conjointes-de-sapeurs-pompiers-se-mobilisent-pour-octobre-rose","status":"publish","type":"post","link":"https:\/\/www.europesays.com\/fr\/451784\/","title":{"rendered":"ces conjointes de sapeurs-pompiers se mobilisent pour Octobre rose"},"content":{"rendered":"<p itemprop=\"description\"><strong>Faire vibrer la piste de danse pour la bonne cause.<\/strong><\/p>\n<p>C\u2019est d\u00e9sormais une tradition pour l\u2019association des Conjointes des Sapeurs-Pompiers de Sainte-Foy-l\u00e8s-Lyon-Francheville. A l\u2019occasion d\u2019Octobre rose, elles organisent leur soir\u00e9e rose dans le but de se mobiliser en ce mois de sensibilisation au d\u00e9pistage du cancer du sein.<\/p>\n<p>Le rendez-vous est donn\u00e9 le samedi 25 octobre \u00e0 la salle Iris de Francheville pour une soir\u00e9e plac\u00e9e sous le signe du disco dont la marraine est cette ann\u00e9e <strong>Na\u00efma Baladi<\/strong>, m\u00e9decin colonel et m\u00e9decin cheffe du SDMIS (Sapeurs-pompiers de la m\u00e9tropole de Lyon et du Rh\u00f4ne).\u00a0<\/p>\n<p>Si danser sera presque une obligation (tout comme les paillettes et les chemises color\u00e9es), d\u2019autres animations sont pr\u00e9vues \u00e0 l\u2019exemple d\u2019une tombola o\u00f9 un extincteur et un casque de pompier customis\u00e9s par l\u2019artiste <strong>Hassan Mahzoum<\/strong> seront \u00e0 gagner. Les b\u00e9n\u00e9fices seront revers\u00e9s \u00e0 l\u2019association Jeune &amp; Rose qui sensibilise les jeunes femmes au cancer du sein.<\/p>\n<blockquote class=\"instagram-media\" style=\"background: #FFF; border: 0; border-radius: 3px; box-shadow: 0 0 1px 0 rgba(0,0,0,0.5),0 1px 10px 0 rgba(0,0,0,0.15); margin: 1px; max-width: 540px; min-width: 326px; padding: 0; width: calc(100% - 2px);\" data-instgrm-captioned=\"\" data-instgrm-permalink=\"https:\/\/www.instagram.com\/p\/DKpqgmrIvLO\/?utm_source=ig_embed&amp;utm_campaign=loading\" data-instgrm-version=\"14\"><p>&#13;<br \/>\n&#13;\n<\/p><\/blockquote>\n<p>\u00ab\u00a0Octobre rose c\u2019est notre \u00e9v\u00e8nement phare de l\u2019ann\u00e9e. C\u2019est avec cette soir\u00e9e que notre association a d\u00e9marr\u00e9\u00a0\u00bb, insiste <strong>Isabelle Lafont<\/strong>, l\u2019une des pr\u00e9sidentes des Conjointes des Sapeurs-Pompiers de Sainte-Foy-l\u00e8s-Lyon-Francheville. \u00ab\u00a0L\u2019association est unique en France dans sa mani\u00e8re de fonctionner, sur le fait de cr\u00e9er des \u00e9v\u00e8nements et de se retrouver pour manifester cette solidarit\u00e9 \u00e0 des causes ext\u00e9rieures. Nous ne sommes pas pr\u00e8s de nous arr\u00eater\u00a0\u00bb, ajoute Isabelle Lafont. Un loto est d\u00e9j\u00e0 pr\u00e9vu en avril prochain.<\/p>\n<p>En attendant la \u00ab\u00a0disco rose fever\u00a0\u00bb, l\u2019association a d\u00e9cid\u00e9 de mettre au d\u00e9fi les pompiers du d\u00e9partement du Rh\u00f4ne en leur lan\u00e7ant le d\u00e9fi \u00ab\u00a0fire pink challenge\u00a0\u00bb dont le principe est qu\u2019une \u00e9quipe de quatre soldats du feu fasse un maximum de mont\u00e9es de corde en une minute\u2026 et en rose !<\/p>\n<blockquote class=\"instagram-media\" style=\"background: #FFF; border: 0; border-radius: 3px; box-shadow: 0 0 1px 0 rgba(0,0,0,0.5),0 1px 10px 0 rgba(0,0,0,0.15); margin: 1px; max-width: 540px; min-width: 326px; padding: 0; width: calc(100% - 2px);\" data-instgrm-captioned=\"\" data-instgrm-permalink=\"https:\/\/www.instagram.com\/p\/DOl0SsVDKUC\/?utm_source=ig_embed&amp;utm_campaign=loading\" data-instgrm-version=\"14\"><p>&#13;<br \/>\n&#13;\n<\/p><\/blockquote>\n<p>\t\t  <script async src=\"\/\/www.instagram.com\/embed.js\"><\/script><\/p>\n","protected":false},"excerpt":{"rendered":"Faire vibrer la piste de danse pour la bonne cause. C\u2019est d\u00e9sormais une tradition pour l\u2019association des Conjointes&hellip;\n","protected":false},"author":2,"featured_media":451785,"comment_status":"","ping_status":"","sticky":false,"template":"","format":"standard","meta":{"footnotes":""},"categories":[1889],"tags":[1111,11,2813,2190,2430,1109,251,1112,2811,1777,674,118,1294,4651,1011,27,1922,1110,1114,2428,4903,4902,12,241,316,25,2812,517,800],"class_list":{"0":"post-451784","1":"post","2":"type-post","3":"status-publish","4":"format-standard","5":"has-post-thumbnail","7":"category-lyon","8":"tag-actu","9":"tag-actualites","10":"tag-article","11":"tag-asvel","12":"tag-auvergne-rhone-alpes","13":"tag-breves","14":"tag-culture","15":"tag-depeches","16":"tag-economique","17":"tag-eu","18":"tag-europe","19":"tag-faits-divers","20":"tag-femme","21":"tag-femmes","22":"tag-fr","23":"tag-france","24":"tag-info","25":"tag-informations","26":"tag-infos","27":"tag-lyon","28":"tag-lyonfemme","29":"tag-lyonfemmes","30":"tag-news","31":"tag-ol","32":"tag-politique","33":"tag-republique-francaise","34":"tag-sociale","35":"tag-sport","36":"tag-transports"},"share_on_mastodon":{"url":"https:\/\/pubeurope.com\/@fr\/115348285923994713","error":""},"_links":{"self":[{"href":"https:\/\/www.europesays.com\/fr\/wp-json\/wp\/v2\/posts\/451784","targetHints":{"allow":["GET"]}}],"collection":[{"href":"https:\/\/www.europesays.com\/fr\/wp-json\/wp\/v2\/posts"}],"about":[{"href":"https:\/\/www.europesays.com\/fr\/wp-json\/wp\/v2\/types\/post"}],"author":[{"embeddable":true,"href":"https:\/\/www.europesays.com\/fr\/wp-json\/wp\/v2\/users\/2"}],"replies":[{"embeddable":true,"href":"https:\/\/www.europesays.com\/fr\/wp-json\/wp\/v2\/comments?post=451784"}],"version-history":[{"count":0,"href":"https:\/\/www.europesays.com\/fr\/wp-json\/wp\/v2\/posts\/451784\/revisions"}],"wp:featuredmedia":[{"embeddable":true,"href":"https:\/\/www.europesays.com\/fr\/wp-json\/wp\/v2\/media\/451785"}],"wp:attachment":[{"href":"https:\/\/www.europesays.com\/fr\/wp-json\/wp\/v2\/media?parent=451784"}],"wp:term":[{"taxonomy":"category","embeddable":true,"href":"https:\/\/www.europesays.com\/fr\/wp-json\/wp\/v2\/categories?post=451784"},{"taxonomy":"post_tag","embeddable":true,"href":"https:\/\/www.europesays.com\/fr\/wp-json\/wp\/v2\/tags?post=451784"}],"curies":[{"name":"wp","href":"https:\/\/api.w.org\/{rel}","templated":true}]}}