{"id":451788,"date":"2025-10-10T05:47:58","date_gmt":"2025-10-10T05:47:58","guid":{"rendered":"https:\/\/www.europesays.com\/fr\/451788\/"},"modified":"2025-10-10T05:47:58","modified_gmt":"2025-10-10T05:47:58","slug":"le-festival-jazz-sur-seine-sempare-de-toute-lile-de-france-pendant-deux-semaines","status":"publish","type":"post","link":"https:\/\/www.europesays.com\/fr\/451788\/","title":{"rendered":"Le festival Jazz sur Seine s&#8217;empare de toute l&rsquo;\u00cele-de-France pendant deux semaines"},"content":{"rendered":"<p>L&rsquo;\u00e9v\u00e9nement prend ses quartiers dans une vingtaine de lieux en \u00cele-de-France du vendredi 10 octobre au samedi 25 octobre.<\/p>\n<p>D\u00e8s vendredi, le festival Jazz sur Seine r\u00e9sonne des clubs parisiens aux villages franciliens, afin de sensibiliser un large public \u00e0 cette musique centenaire et la faire voyager au-del\u00e0 des c\u00e9l\u00e8bres clubs parisiens. Jusqu&rsquo;au 25 octobre, le festival prend ses quartiers dans 25 lieux, notamment dans des bourgades d&rsquo;<a href=\"https:\/\/www.bfmtv.com\/paris\/yvelines\/le-kilo-de-pommes-de-terre-a-40-centimes-des-producteurs-de-pommes-de-terre-du-nord-cartonnent-en-ile-de-france_AN-202509300644.html\" title=\"&quot;Le kilo de pommes de terre \u00e0 40 centimes&quot;: des producteurs de pommes de terre du Nord cartonnent en \u00cele-de-France\" class=\"internal_link\" rel=\"nofollow noopener\" target=\"_blank\">Ile-de-France<\/a> comme \u00e0 la Cave du Jazz \u00e0 Lorrez-le-Bocage, en <a href=\"https:\/\/www.bfmtv.com\/police-justice\/video-c-est-un-miracle-une-balle-perdue-finit-dans-le-salon-d-une-famille-a-meaux-apres-etre-passee-a-quelques-centimetres-de-la-tete-d-une-enfant_VN-202510080138.html\" title=\"&quot;C&#039;est un miracle&quot;: une balle perdue finit dans le salon d&#039;une famille \u00e0 Meaux apr\u00e8s \u00eatre pass\u00e9e \u00e0 quelques centim\u00e8tres de la t\u00eate d&#039;une enfant\" class=\"internal_link\" rel=\"nofollow noopener\" target=\"_blank\">Seine-et-Marne<\/a>, ou au pavillon Van-Gogh \u00e0 Auvers-sur-Oise, dans le <a href=\"https:\/\/www.bfmtv.com\/paris\/val-d-oise\/un-danger-grave-pour-la-sante-publique-un-restaurant-tibetain-du-val-d-oise-ferme-par-le-prefet_AN-202510080671.html\" title=\"&quot;Un danger grave pour la sant\u00e9 publique&quot;: un restaurant tib\u00e9tain du Val-d&#039;Oise ferm\u00e9 par le pr\u00e9fet\" class=\"internal_link\" rel=\"nofollow noopener\" target=\"_blank\">Val-d&rsquo;Oise<\/a>.<\/p>\n<p>Les \u00e9v\u00e8nements se tiendront aussi bien en petit comit\u00e9 (34 places au bar Chez Georges, \u00e0 Paris) que dans des salles plus grandes, comme \u00e0 l&rsquo;espace Carpeaux \u00e0 Courbevoie (<a href=\"https:\/\/www.bfmtv.com\/politique\/video-est-ce-que-ce-renoncement-au-49-3-permet-le-compromis-s-interroge-jean-didier-berge-depute-droite-republicaine_VN-202510030322.html\" title=\"&quot;Est-ce que ce renoncement au 49.3 permet le compromis?&quot;, s&#039;interroge Jean-Didier Berg\u00e9, d\u00e9put\u00e9 Droite R\u00e9publicaine\" class=\"internal_link\" rel=\"nofollow noopener\" target=\"_blank\">Hauts-de-Seine<\/a>) avec ses 485 places. \u00ab\u00a0Notre objectif est de faire d\u00e9couvrir le jazz \u00e0 travers diff\u00e9rentes initiatives\u00a0\u00bb, confirme \u00e0 l&rsquo;AFP Ana\u00efs Atamian, coordinatrice de l&rsquo;association Paris Jazz Club et du festival qui en est l&rsquo;\u00e9manation depuis 2012.<\/p>\n<p>130 lieux de jazz<\/p>\n<p>Jazz sur Seine tient ainsi \u00e0 conserver des tarifs accessibles et propose \u00e9galement, mardi, 15 concerts gratuits dans les clubs de la rue des Lombards, un poumon du jazz dans la capitale. \u00ab\u00a0Le public r\u00e9pond pr\u00e9sent\u00a0\u00bb, se satisfait Ana\u00efs Atamian, qui pr\u00e9cise que le taux de remplissage a \u00e9t\u00e9 sup\u00e9rieur \u00e0 80% lors de la pr\u00e9c\u00e9dente \u00e9dition.<\/p>\n<p>Au total, \u00ab\u00a0130 lieux de jazz (clubs exclusivement jazz et salles programmant cette musique, NDLR) en Ile-de-France sont inscrits dans l&rsquo;association\u00a0\u00bb, souligne-t-elle. La programmation du festival se monte gr\u00e2ce \u00e0 ce vivier, encore vivace malgr\u00e9 la fermeture r\u00e9cente de plusieurs salles (le Canap\u00e9, le Barbizon, le Comptoir&#8230;).<\/p>\n<p>Cette 14e \u00e9dition regroupe toutes les facettes du jazz, \u00e0 travers 240 concerts, et toutes les g\u00e9n\u00e9rations de musiciens, du l\u00e9gendaire saxophoniste am\u00e9ricain Steve Potts, 82 ans, \u00e0 la jeune bandon\u00e9oniste de 31 ans Louise Jallu.<\/p>\n<p>En parall\u00e8le des concerts, Jazz sur Seine m\u00e8ne des actions culturelles, dont des ateliers destin\u00e9s aux enfants et des s\u00e9ances de musicoth\u00e9rapie pour les personnes en situation d&rsquo;isolement, de fragilit\u00e9 sociale et psychologique.<\/p>\n","protected":false},"excerpt":{"rendered":"L&rsquo;\u00e9v\u00e9nement prend ses quartiers dans une vingtaine de lieux en \u00cele-de-France du vendredi 10 octobre au samedi 25&hellip;\n","protected":false},"author":2,"featured_media":451789,"comment_status":"","ping_status":"","sticky":false,"template":"","format":"standard","meta":{"footnotes":""},"categories":[1592],"tags":[1111,11,1777,674,1011,27,662,12,626,25],"class_list":{"0":"post-451788","1":"post","2":"type-post","3":"status-publish","4":"format-standard","5":"has-post-thumbnail","7":"category-ile-de-france","8":"tag-actu","9":"tag-actualites","10":"tag-eu","11":"tag-europe","12":"tag-fr","13":"tag-france","14":"tag-ile-de-france","15":"tag-news","16":"tag-paris","17":"tag-republique-francaise"},"share_on_mastodon":{"url":"https:\/\/pubeurope.com\/@fr\/115348301671345804","error":""},"_links":{"self":[{"href":"https:\/\/www.europesays.com\/fr\/wp-json\/wp\/v2\/posts\/451788","targetHints":{"allow":["GET"]}}],"collection":[{"href":"https:\/\/www.europesays.com\/fr\/wp-json\/wp\/v2\/posts"}],"about":[{"href":"https:\/\/www.europesays.com\/fr\/wp-json\/wp\/v2\/types\/post"}],"author":[{"embeddable":true,"href":"https:\/\/www.europesays.com\/fr\/wp-json\/wp\/v2\/users\/2"}],"replies":[{"embeddable":true,"href":"https:\/\/www.europesays.com\/fr\/wp-json\/wp\/v2\/comments?post=451788"}],"version-history":[{"count":0,"href":"https:\/\/www.europesays.com\/fr\/wp-json\/wp\/v2\/posts\/451788\/revisions"}],"wp:featuredmedia":[{"embeddable":true,"href":"https:\/\/www.europesays.com\/fr\/wp-json\/wp\/v2\/media\/451789"}],"wp:attachment":[{"href":"https:\/\/www.europesays.com\/fr\/wp-json\/wp\/v2\/media?parent=451788"}],"wp:term":[{"taxonomy":"category","embeddable":true,"href":"https:\/\/www.europesays.com\/fr\/wp-json\/wp\/v2\/categories?post=451788"},{"taxonomy":"post_tag","embeddable":true,"href":"https:\/\/www.europesays.com\/fr\/wp-json\/wp\/v2\/tags?post=451788"}],"curies":[{"name":"wp","href":"https:\/\/api.w.org\/{rel}","templated":true}]}}