{"id":451790,"date":"2025-10-10T05:49:11","date_gmt":"2025-10-10T05:49:11","guid":{"rendered":"https:\/\/www.europesays.com\/fr\/451790\/"},"modified":"2025-10-10T05:49:11","modified_gmt":"2025-10-10T05:49:11","slug":"emmanuel-macron-invite-les-chefs-des-partis-sauf-ceux-de-lfi-et-du-rn-a-14h30-a-lelysee","status":"publish","type":"post","link":"https:\/\/www.europesays.com\/fr\/451790\/","title":{"rendered":"Emmanuel Macron invite les chefs des partis, sauf ceux de LFI et du RN, \u00e0 14h30 \u00e0 l&rsquo;Elys\u00e9e"},"content":{"rendered":"<p>Une d\u00e9cision tr\u00e8s attendue. Emmanuel Macron doit annoncer, vendredi 10 octobre, <a href=\"https:\/\/www.franceinfo.fr\/politique\/gouvernement-de-sebastien-lecornu\/nommer-un-premier-ministre-de-gauche-reconduire-sebastien-lecornu-un-gouvernement-technique-que-va-decider-emmanuel-macron_7541899.html\" rel=\"nofollow noopener\" target=\"_blank\">le nom de son nouveau Premier ministre<\/a>. Le chef de l&rsquo;Etat s&rsquo;\u00e9tait engag\u00e9 mercredi soir, \u00e0 l&rsquo;issue des \u00ab\u00a0ultimes n\u00e9gociations\u00a0\u00bb men\u00e9es par S\u00e9bastien Lecornu, \u00e0 <a href=\"https:\/\/www.franceinfo.fr\/politique\/emmanuel-macron\/crise-politique-emmanuel-macron-nommera-un-premier-ministre-d-ici-48-heures-annonce-l-elysee-apres-les-consultations-de-sebastien-lecornu_7541242.html\" rel=\"nofollow noopener\" target=\"_blank\">faire conna\u00eetre son choix pour Matignon sous 48 heures<\/a>. Le chef de l&rsquo;Etat a convi\u00e9 les chefs des partis, sauf ceux de La France insoumise et du Rassemblement national, \u00e0 une r\u00e9union \u00e0 l&rsquo;Elys\u00e9e, vendredi \u00e0 14h30, a appris France T\u00e9l\u00e9visions de sources concordantes, confirmant une information de BFMTV. Suivez notre direct.<\/p>\n<p class=\"c-body__bullet\"><strong> Jean-Louis Borloo affirme n&rsquo;avoir eu aucun contact avec l&rsquo;Elys\u00e9e. <\/strong>Pr\u00e9sent\u00e9 comme un possible successeur \u00e0 S\u00e9bastien Lecornu, Jean-Louis Borloo a assur\u00e9 jeudi ne pas \u00eatre au courant.\u00a0\u00ab\u00a0J&rsquo;ignore absolument tout\u00a0\u00bb, a d\u00e9clar\u00e9 le pr\u00e9sident de l&rsquo;UDI, en marge d&rsquo;un \u00e9v\u00e9nement \u00e0 Toulouse.<\/p>\n<p class=\"c-body__bullet\"> <strong>La France aura un budget en 2026, selon Roland Lescure.<\/strong> \u00ab\u00a0Il y a une majorit\u00e9 de parlementaires en France qui veulent la stabilit\u00e9 (&#8230;) et qui s&rsquo;accordent sur une chose, c&rsquo;est que nous avons besoin d&rsquo;un budget pour 2026. Et, c&rsquo;est tr\u00e8s important, d&rsquo;un budget qui respecte les engagements que nous avons pris envers nos amis europ\u00e9ens, donc c&rsquo;est ce qu&rsquo;il va se passer\u00a0\u00bb, a affirm\u00e9 jeudi le ministre de l&rsquo;Economie d\u00e9missionnaire, lors d&rsquo;un \u00e9change avec la presse \u00e0 Luxembourg.<\/p>\n<p class=\"c-body__bullet\"> <strong>Tondelier, Faure et Roussel appellent \u00e0 une cohabitation avec la gauche.<\/strong> \u00ab\u00a0Monsieur le pr\u00e9sident, entendez le pays\u00a0\u00bb, exhortent la patronne des Ecologistes, Marine Tondelier, le premier secr\u00e9taire du Parti socialiste, Olivier Faure, et le secr\u00e9taire national des communistes, Fabien Roussel, dans une d\u00e9claration commune \u00e0 l&rsquo;AFP, jeudi. Ils demandent au chef de l&rsquo;Etat de choisir une cohabitation avec un Premier ministre de gauche.<\/p>\n","protected":false},"excerpt":{"rendered":"Une d\u00e9cision tr\u00e8s attendue. Emmanuel Macron doit annoncer, vendredi 10 octobre, le nom de son nouveau Premier ministre.&hellip;\n","protected":false},"author":2,"featured_media":451791,"comment_status":"","ping_status":"","sticky":false,"template":"","format":"standard","meta":{"footnotes":""},"categories":[1888],"tags":[1111,1928,11,1927,1777,674,1011,27,12,1926,626,1925,25],"class_list":{"0":"post-451790","1":"post","2":"type-post","3":"status-publish","4":"format-standard","5":"has-post-thumbnail","7":"category-paris","8":"tag-actu","9":"tag-actu-paris","10":"tag-actualites","11":"tag-actualites-paris","12":"tag-eu","13":"tag-europe","14":"tag-fr","15":"tag-france","16":"tag-news","17":"tag-news-paris","18":"tag-paris","19":"tag-paris-news","20":"tag-republique-francaise"},"share_on_mastodon":{"url":"https:\/\/pubeurope.com\/@fr\/115348305581940523","error":""},"_links":{"self":[{"href":"https:\/\/www.europesays.com\/fr\/wp-json\/wp\/v2\/posts\/451790","targetHints":{"allow":["GET"]}}],"collection":[{"href":"https:\/\/www.europesays.com\/fr\/wp-json\/wp\/v2\/posts"}],"about":[{"href":"https:\/\/www.europesays.com\/fr\/wp-json\/wp\/v2\/types\/post"}],"author":[{"embeddable":true,"href":"https:\/\/www.europesays.com\/fr\/wp-json\/wp\/v2\/users\/2"}],"replies":[{"embeddable":true,"href":"https:\/\/www.europesays.com\/fr\/wp-json\/wp\/v2\/comments?post=451790"}],"version-history":[{"count":0,"href":"https:\/\/www.europesays.com\/fr\/wp-json\/wp\/v2\/posts\/451790\/revisions"}],"wp:featuredmedia":[{"embeddable":true,"href":"https:\/\/www.europesays.com\/fr\/wp-json\/wp\/v2\/media\/451791"}],"wp:attachment":[{"href":"https:\/\/www.europesays.com\/fr\/wp-json\/wp\/v2\/media?parent=451790"}],"wp:term":[{"taxonomy":"category","embeddable":true,"href":"https:\/\/www.europesays.com\/fr\/wp-json\/wp\/v2\/categories?post=451790"},{"taxonomy":"post_tag","embeddable":true,"href":"https:\/\/www.europesays.com\/fr\/wp-json\/wp\/v2\/tags?post=451790"}],"curies":[{"name":"wp","href":"https:\/\/api.w.org\/{rel}","templated":true}]}}