{"id":451792,"date":"2025-10-10T05:50:13","date_gmt":"2025-10-10T05:50:13","guid":{"rendered":"https:\/\/www.europesays.com\/fr\/451792\/"},"modified":"2025-10-10T05:50:13","modified_gmt":"2025-10-10T05:50:13","slug":"apres-laccord-israel-hamas-la-diplomatie-internationale-sactive-pour-consolider-le-plan-americain","status":"publish","type":"post","link":"https:\/\/www.europesays.com\/fr\/451792\/","title":{"rendered":"apr\u00e8s l\u2019accord Isra\u00ebl-Hamas, la diplomatie internationale s\u2019active pour consolider le plan am\u00e9ricain"},"content":{"rendered":"<p>                         <img loading=\"lazy\" decoding=\"async\" src=\"https:\/\/www.europesays.com\/fr\/wp-content\/uploads\/2025\/10\/6867294_upload-1-bijewbj2coyl-jmug251009055.jpg\" alt=\"Le pr\u00e9sident de la R\u00e9publique, Emmanuel Macron, au Quai d\u2019Orsay, \u00e0 Paris, le 9\u00a0octobre\u00a02025.\"   width=\"664\" height=\"443\"\/>    Le pr\u00e9sident de la R\u00e9publique, Emmanuel Macron, au Quai d\u2019Orsay, \u00e0 Paris, le 9\u00a0octobre\u00a02025.  JULIEN MUGUET POUR \u00ab\u00a0LE MONDE \u00bb                 <\/p>\n<p class=\"article__paragraph  \">Les m\u00e9diateurs am\u00e9ricains ont suivi les repr\u00e9sentants de Benyamin N\u00e9tanyahou, jeudi 9\u00a0octobre, depuis la station baln\u00e9aire \u00e9gyptienne de Charm El-Cheikh, o\u00f9 s\u2019achevaient les n\u00e9gociations pour mettre fin \u00e0 la guerre dans la bande de Gaza, jusqu\u2019\u00e0 Tel-Aviv, afin de presser Isra\u00ebl d\u2019appliquer la volont\u00e9 de Donald Trump, en ent\u00e9rinant le deal. L\u2019envoy\u00e9 Steve Witkoff et le gendre du pr\u00e9sident, Jared Kushner, s\u2019\u00e9taient invit\u00e9s au conseil des ministres, qui a fini par avaliser ce plan tard dans la nuit de jeudi \u00e0 vendredi.<\/p>\n<p>                                   Lire aussi |  <a href=\"https:\/\/www.lemonde.fr\/international\/live\/2025\/10\/10\/en-direct-gaza-l-accord-entre-israel-et-le-hamas-n-entrera-en-vigueur-qu-apres-l-approbation-du-gouvernement-au-complet-attendue-dans-la-soiree_6644360_3210.html\" class=\"js-article-read-also catcher--favoris__link\" data-premium=\"\" id=\"article-title-3440867\" rel=\"nofollow noopener\" target=\"_blank\">EN DIRECT, Gaza\u00a0: des militaires am\u00e9ricains vont \u00ab\u00a0superviser\u00a0\u00bb la mise en \u0153uvre de l\u2019accord de paix<\/a>    <\/p>\n<p>   Lire plus tard  <\/p>\n<p class=\"article__paragraph  \">Les Am\u00e9ricains avaient d\u00e9j\u00e0 bouscul\u00e9 les n\u00e9gociations en Egypte, pour convaincre Isra\u00ebl de signer ce texte, apr\u00e8s deux jours d\u2019un th\u00e9\u00e2tre improductif. D\u00e8s lundi, les n\u00e9gociateurs isra\u00e9liens et palestiniens s\u2019\u00e9taient succ\u00e9d\u00e9, sans se croiser en coulisse, dans un vaste bureau carr\u00e9 o\u00f9 des m\u00e9diateurs \u00e9gyptiens, qataris et turcs les recevaient. Pour preuve de sa bonne volont\u00e9, le Hamas avait, d\u00e8s mardi, commenc\u00e9 \u00e0 rassembler les corps des otages morts dans la bande de Gaza. Mais, au fond, chacun ne faisait que pr\u00e9senter ses exigences. \u00ab\u00a0Ils ne s\u2019accordaient sur presque rien\u00a0\u00bb, d\u00e9plorait une source proche des n\u00e9gociations, qui craignait alors de ne pas aboutir avant dimanche.<\/p>\n<p class=\"reading-mode-only \"><strong>Il vous reste 85.9% de cet article \u00e0 lire. La suite est r\u00e9serv\u00e9e aux abonn\u00e9s.<\/strong><\/p>\n","protected":false},"excerpt":{"rendered":"Le pr\u00e9sident de la R\u00e9publique, Emmanuel Macron, au Quai d\u2019Orsay, \u00e0 Paris, le 9\u00a0octobre\u00a02025. JULIEN MUGUET POUR \u00ab\u00a0LE&hellip;\n","protected":false},"author":2,"featured_media":451793,"comment_status":"","ping_status":"","sticky":false,"template":"","format":"standard","meta":{"footnotes":""},"categories":[1888],"tags":[1111,1928,11,1927,1777,674,1011,27,12,1926,626,1925,25],"class_list":{"0":"post-451792","1":"post","2":"type-post","3":"status-publish","4":"format-standard","5":"has-post-thumbnail","7":"category-paris","8":"tag-actu","9":"tag-actu-paris","10":"tag-actualites","11":"tag-actualites-paris","12":"tag-eu","13":"tag-europe","14":"tag-fr","15":"tag-france","16":"tag-news","17":"tag-news-paris","18":"tag-paris","19":"tag-paris-news","20":"tag-republique-francaise"},"share_on_mastodon":{"url":"https:\/\/pubeurope.com\/@fr\/115348310029860190","error":""},"_links":{"self":[{"href":"https:\/\/www.europesays.com\/fr\/wp-json\/wp\/v2\/posts\/451792","targetHints":{"allow":["GET"]}}],"collection":[{"href":"https:\/\/www.europesays.com\/fr\/wp-json\/wp\/v2\/posts"}],"about":[{"href":"https:\/\/www.europesays.com\/fr\/wp-json\/wp\/v2\/types\/post"}],"author":[{"embeddable":true,"href":"https:\/\/www.europesays.com\/fr\/wp-json\/wp\/v2\/users\/2"}],"replies":[{"embeddable":true,"href":"https:\/\/www.europesays.com\/fr\/wp-json\/wp\/v2\/comments?post=451792"}],"version-history":[{"count":0,"href":"https:\/\/www.europesays.com\/fr\/wp-json\/wp\/v2\/posts\/451792\/revisions"}],"wp:featuredmedia":[{"embeddable":true,"href":"https:\/\/www.europesays.com\/fr\/wp-json\/wp\/v2\/media\/451793"}],"wp:attachment":[{"href":"https:\/\/www.europesays.com\/fr\/wp-json\/wp\/v2\/media?parent=451792"}],"wp:term":[{"taxonomy":"category","embeddable":true,"href":"https:\/\/www.europesays.com\/fr\/wp-json\/wp\/v2\/categories?post=451792"},{"taxonomy":"post_tag","embeddable":true,"href":"https:\/\/www.europesays.com\/fr\/wp-json\/wp\/v2\/tags?post=451792"}],"curies":[{"name":"wp","href":"https:\/\/api.w.org\/{rel}","templated":true}]}}